{"id":126087,"date":"2020-05-03T10:34:41","date_gmt":"2020-05-03T08:34:41","guid":{"rendered":"http:\/\/gazdasagportal.hu\/?p=126087"},"modified":"2020-05-03T10:34:41","modified_gmt":"2020-05-03T08:34:41","slug":"heti-makronaptar-az-iparrol-az-inflaciorol-a-kiskereskedelemrol-erkeznek-adatok-a-jovo-heten","status":"publish","type":"post","link":"https:\/\/gazdasagportal.hu\/index.php\/heti-makronaptar-az-iparrol-az-inflaciorol-a-kiskereskedelemrol-erkeznek-adatok-a-jovo-heten\/","title":{"rendered":"Heti makronapt\u00e1r &#8211; Az iparr\u00f3l, az infl\u00e1ci\u00f3r\u00f3l, a kiskereskedelemr\u0151l \u00e9rkeznek adatok a j\u00f6v\u0151 h\u00e9ten"},"content":{"rendered":"<p><strong>T\u00f6bb statisztikai adat is megjelenik a k\u00f6vetkez\u0151 h\u00e9ten, k\u00f6zt\u00fck az \u00e1prilisi infl\u00e1ci\u00f3, a m\u00e1rciusi ipari termel\u00e9s \u00e9s a m\u00e1rciusi kiskereskedelmi forgalom adatai.<\/strong><!--more--><\/p>\n<div class=\"ads-in-post1\"><div id=\"gazdasagportal.hu_fullbanner_wideboard\"><\/div>\r\n<\/div>\n<p>    Szerd\u00e1n publik\u00e1lja a K\u00f6zponti Statisztikai Hivatal (KSH) a kiskereskedelem m\u00e1rciusi forgalm\u00e1nak adatait, \u00e9s a lak\u00e1s\u00e9p\u00edt\u00e9sek-, \u00e9p\u00edt\u00e9si enged\u00e9lyek els\u0151 negyed\u00e9vi alakul\u00e1s\u00e1t.<br \/>\n    Febru\u00e1rban a nyers adat szerint 10,9 sz\u00e1zal\u00e9kkal, napt\u00e1rhat\u00e1st\u00f3l megtiszt\u00edtva 11,3 sz\u00e1zal\u00e9kkal haladta meg a kiskereskedelmi forgalom  az egy \u00e9vvel kor\u00e1bbit. Az \u00e9lelmiszer- \u00e9s \u00e9lelmiszer jelleg\u0171 vegyes kiskereskedelmi \u00fczletekben 10,7 sz\u00e1zal\u00e9kkal, az iparcikkek d\u00f6nt\u0151 r\u00e9sz\u00e9t \u00e1rus\u00edt\u00f3  nem \u00e9lelmiszer-kiskereskedelmi \u00fczletekben 11,4 sz\u00e1zal\u00e9kkal, az \u00fczemanyag-kiskereskedelemben 1,8 sz\u00e1zal\u00e9kkal emelkedett az \u00e9rt\u00e9kes\u00edt\u00e9s napt\u00e1rhat\u00e1st\u00f3l megtiszt\u00edtott volumene.<br \/>\n    Tavaly az eg\u00e9sz \u00e9vben 21 127 \u00faj lak\u00e1s \u00e9p\u00fclt Magyarorsz\u00e1gon, 20 sz\u00e1zal\u00e9kkal t\u00f6bb, mint egy \u00e9vvel kor\u00e1bban, ebb\u0151l az els\u0151 negyed\u00e9vben 3661 k\u00e9sz\u00fclt el, 7,9 sz\u00e1zal\u00e9kkal t\u00f6bb, mint az el\u0151z\u0151 \u00e9v azonos id\u0151szak\u00e1ban. A kiadott \u00e9p\u00edt\u00e9si enged\u00e9lyek \u00e9s egyszer\u0171 bejelent\u00e9sek alapj\u00e1n \u00e9p\u00edthet\u0151 lak\u00e1sok sz\u00e1ma 35 123 volt 2019 v\u00e9g\u00e9n, 4,3 sz\u00e1zal\u00e9kkal kevesebb, mint egy \u00e9vvel kor\u00e1bban. A KSH jelent\u00e9se szerint 2019-ben az \u00faj lak\u00e1sok k\u00f6zel fel\u00e9t (49 sz\u00e1zal\u00e9k) Budapesten \u00e9s Pest megy\u00e9ben vett\u00e9k haszn\u00e1latba.<br \/>\n    Cs\u00fct\u00f6rt\u00f6k\u00f6n az ipari termel\u00e9s m\u00e1rciusi els\u0151 becsl\u00e9s\u00e9t, \u00e9s a kereskedelmi sz\u00e1ll\u00e1shelyek m\u00e1rciusi forgalm\u00e1nak adatait teszi k\u00f6zz\u00e9 a KSH. Febru\u00e1rban az ipari termel\u00e9s 4,1 sz\u00e1zal\u00e9kkal meghaladta az egy \u00e9vvel kor\u00e1bbit. Munka-\u00e9s sz\u00f6k\u0151naphat\u00e1st\u00f3l megtiszt\u00edtott adatok szerint  a termel\u00e9s 1,7 sz\u00e1zal\u00e9kkal emelkedett. A koronav\u00edrus-j\u00e1rv\u00e1ny hat\u00e1sa ebben az id\u0151szakban m\u00e9g nem jelentkezett.<br \/>\n     Febru\u00e1rban a vend\u00e9gforgalomban sem jelentkezett m\u00e9g a koronav\u00edrus-j\u00e1rv\u00e1ny negat\u00edv hat\u00e1sa. Az \u00e9v m\u00e1sodik h\u00f3napj\u00e1ban a k\u00fclf\u00f6ldi vend\u00e9gek \u00e1ltal a kereskedelmi sz\u00e1ll\u00e1shelyeken elt\u00f6lt\u00f6tt \u00e9jszak\u00e1k sz\u00e1ma 11,2 sz\u00e1zal\u00e9kkal, a belf\u00f6ldi vend\u00e9gek\u00e9 8,3 sz\u00e1zal\u00e9kkal n\u0151tt az el\u0151z\u0151 \u00e9v azonos id\u0151szak\u00e1hoz k\u00e9pest. \u00d6sszess\u00e9g\u00e9ben 756 ezer vend\u00e9g 1,747 milli\u00f3 vend\u00e9g\u00e9jszak\u00e1t t\u00f6lt\u00f6tt el a sz\u00e1ll\u00e1sokon, ami 8,6, illetve 9,8 sz\u00e1zal\u00e9kkal t\u00f6bb, mint tavaly febru\u00e1rban volt. A szezon\u00e1lis \u00e9s napt\u00e1rhat\u00e1s figyelembev\u00e9tel\u00e9vel a k\u00fclf\u00f6ldi vend\u00e9g\u00e9jszak\u00e1k sz\u00e1ma 6,2 sz\u00e1zal\u00e9kkal, a belf\u00f6ldi vend\u00e9g\u00e9jszak\u00e1k\u00e9 5,7 sz\u00e1zal\u00e9kkal lett t\u00f6bb. A kereskedelmi sz\u00e1ll\u00e1shelyek &#8211; foly\u00f3 \u00e1ron sz\u00e1molt &#8211; \u00f6sszes brutt\u00f3 \u00e1rbev\u00e9tele 21,3 sz\u00e1zal\u00e9kkal emelkedett \u00e9s 33,597 milli\u00e1rd forintot tett ki.<br \/>\n    P\u00e9nteken a fogyaszt\u00f3i \u00e1rak \u00e1prilisi alakul\u00e1s\u00e1t, a m\u00e1rciusi k\u00fclkereskedelmi forgalom els\u0151 becsl\u00e9s\u00e9t k\u00f6zli a KSH. M\u00e1rciusban a fogyaszt\u00f3i \u00e1rak \u00e1tlagosan 3,9 sz\u00e1zal\u00e9kkal magasabbak voltak az egy \u00e9vvel kor\u00e1bbin\u00e1l. Egy h\u00f3nap alatt a fogyaszt\u00f3i \u00e1rak \u00e1tlagosan 0,2 sz\u00e1zal\u00e9kkal emelkedtek. Az \u00e9lelmiszerek \u00e1ra a megszokottn\u00e1l nagyobb m\u00e9rt\u00e9kben, \u00e1tlagosan 1,0 sz\u00e1zal\u00e9kkal n\u0151tt, amiben a koronav\u00edrus-j\u00e1rv\u00e1ny okozta megn\u00f6vekedett kereslet is szerepet j\u00e1tszhatott.<br \/>\n    Szint\u00e9n p\u00e9nteken k\u00f6zli a P\u00e9nz\u00fcgyminiszt\u00e9rium (PM) az \u00e1llamh\u00e1ztart\u00e1s k\u00f6zponti alrendszer\u00e9nek \u00e1prilis v\u00e9gi helyzet\u00e9r\u0151l sz\u00f3l\u00f3 gyorst\u00e1j\u00e9koztat\u00f3j\u00e1t. A PM k\u00f6zl\u00e9se szerint m\u00e1rciusban kiemelked\u0151 \u00f6sszeget tettek ki a j\u00e1rv\u00e1nyhoz kapcsol\u00f3d\u00f3 eg\u00e9szs\u00e9g\u00fcgyi eszk\u00f6zbeszerz\u00e9sek, k\u00f6zel 190 milli\u00e1rd forintot k\u00f6lt\u00f6tt a korm\u00e1ny v\u00e9d\u0151maszkok, v\u00e9d\u0151eszk\u00f6z\u00f6k, l\u00e9legeztet\u0151g\u00e9pek v\u00e1s\u00e1rl\u00e1s\u00e1ra. M\u00e1rciusban 577,3 milli\u00e1rd forint hi\u00e1nyt k\u00f6nyvelt el az \u00f6nkorm\u00e1nyzatok n\u00e9lk\u00fcl sz\u00e1molt \u00e1llamh\u00e1ztart\u00e1s az egy \u00e9vvel kor\u00e1bbi 209,3 milli\u00e1rddal szemben. Ezzel a m\u00e1rcius v\u00e9g\u00e9ig sz\u00e1molt idei deficit 831,9 milli\u00e1rd forintra n\u0151tt, ami a tervezett 367 milli\u00e1rd forint \u00e9ves hi\u00e1ny 226,7 sz\u00e1zal\u00e9ka.<br \/>\n    Az \u00c1llamad\u00f3ss\u00e1g Kezel\u0151 K\u00f6zpont (\u00c1KK) szerd\u00e1n k\u00f6zz\u00e9tett m\u00f3dos\u00edtott finansz\u00edroz\u00e1si terv\u00e9ben jelentette be, hogy az \u00e1llamh\u00e1ztart\u00e1s k\u00f6zponti alrendszer\u00e9nek idei \u00e9vre tervezett p\u00e9nzforgalmi hi\u00e1nya 367 milli\u00e1rd forintr\u00f3l 1234 milli\u00e1rd forinttal 1601 milli\u00e1rd forintra emelkedett, miut\u00e1n a Covid-19 j\u00e1rv\u00e1nnyal kapcsolatos negat\u00edv gazdas\u00e1gi kil\u00e1t\u00e1sok \u00e9s a j\u00e1rv\u00e1ny gazdas\u00e1gi hat\u00e1sait m\u00e9rs\u00e9kelni hivatott fisk\u00e1lis l\u00e9p\u00e9sek eredm\u00e9nyek\u00e9pp a korm\u00e1ny m\u00f3dos\u00edtotta a 2020-as k\u00f6lts\u00e9gvet\u00e9s eredm\u00e9nyszeml\u00e9let\u0171 hi\u00e1nyc\u00e9lj\u00e1t a GDP 1 sz\u00e1zal\u00e9k\u00e1r\u00f3l a 2,7 sz\u00e1zal\u00e9k\u00e1ra. A m\u00f3dos\u00edtott p\u00e9nzforgalmi hi\u00e1nyc\u00e9llal sz\u00e1molva az els\u0151 negyed\u00e9vi deficit 52,0 sz\u00e1zal\u00e9kon \u00e1llt.(MTI)<\/p>\n","protected":false},"excerpt":{"rendered":"<p>T\u00f6bb statisztikai adat is megjelenik a k\u00f6vetkez\u0151 h\u00e9ten, k\u00f6zt\u00fck az \u00e1prilisi infl\u00e1ci\u00f3, a m\u00e1rciusi ipari termel\u00e9s \u00e9s a m\u00e1rciusi kiskereskedelmi forgalom adatai.<\/p>\n","protected":false},"author":1001006,"featured_media":0,"comment_status":"closed","ping_status":"open","sticky":false,"template":"","format":"standard","meta":[],"categories":[19],"tags":[],"_links":{"self":[{"href":"https:\/\/gazdasagportal.hu\/index.php\/wp-json\/wp\/v2\/posts\/126087"}],"collection":[{"href":"https:\/\/gazdasagportal.hu\/index.php\/wp-json\/wp\/v2\/posts"}],"about":[{"href":"https:\/\/gazdasagportal.hu\/index.php\/wp-json\/wp\/v2\/types\/post"}],"author":[{"embeddable":true,"href":"https:\/\/gazdasagportal.hu\/index.php\/wp-json\/wp\/v2\/users\/1001006"}],"replies":[{"embeddable":true,"href":"https:\/\/gazdasagportal.hu\/index.php\/wp-json\/wp\/v2\/comments?post=126087"}],"version-history":[{"count":1,"href":"https:\/\/gazdasagportal.hu\/index.php\/wp-json\/wp\/v2\/posts\/126087\/revisions"}],"predecessor-version":[{"id":126088,"href":"https:\/\/gazdasagportal.hu\/index.php\/wp-json\/wp\/v2\/posts\/126087\/revisions\/126088"}],"wp:attachment":[{"href":"https:\/\/gazdasagportal.hu\/index.php\/wp-json\/wp\/v2\/media?parent=126087"}],"wp:term":[{"taxonomy":"category","embeddable":true,"href":"https:\/\/gazdasagportal.hu\/index.php\/wp-json\/wp\/v2\/categories?post=126087"},{"taxonomy":"post_tag","embeddable":true,"href":"https:\/\/gazdasagportal.hu\/index.php\/wp-json\/wp\/v2\/tags?post=126087"}],"curies":[{"name":"wp","href":"https:\/\/api.w.org\/{rel}","templated":true}]}}