{"id":126047,"date":"2020-04-30T21:20:16","date_gmt":"2020-04-30T19:20:16","guid":{"rendered":"http:\/\/gazdasagportal.hu\/?p=126047"},"modified":"2020-04-30T21:20:16","modified_gmt":"2020-04-30T19:20:16","slug":"koronavirus-johnson-nagy-britannia-tuljutott-a-jarvany-tetozesen","status":"publish","type":"post","link":"https:\/\/gazdasagportal.hu\/index.php\/koronavirus-johnson-nagy-britannia-tuljutott-a-jarvany-tetozesen\/","title":{"rendered":"Koronav\u00edrus &#8211; Johnson: Nagy-Britannia t\u00faljutott a j\u00e1rv\u00e1ny tet\u0151z\u00e9s\u00e9n"},"content":{"rendered":"<p><strong>Nagy-Britannia t\u00faljutott az \u00faj t\u00edpus\u00fa koronav\u00edrus okozta j\u00e1rv\u00e1ny tet\u0151z\u00e9s\u00e9n, \u00e9s a korm\u00e1ny hamarosan ismerteti az orsz\u00e1g \u00fajraind\u00edt\u00e1s\u00e1nak terveit &#8211; mondta cs\u00fct\u00f6rt\u00f6ki sajt\u00f3t\u00e1j\u00e9koztat\u00f3j\u00e1n Boris Johnson brit minisztereln\u00f6k.<\/strong><!--more--><\/p>\n<div class=\"ads-in-post1\"><div id=\"gazdasagportal.hu_fullbanner_wideboard\"><\/div>\r\n<\/div>\n<p>    Johnson maga is \u00e1tesett a Covid-19 betegs\u00e9gen, a h\u00f3nap elej\u00e9n egy h\u00e9tig k\u00f3rh\u00e1zban \u00e1polt\u00e1k \u00e9s h\u00e1rom napig intenz\u00edv kezel\u00e9sre is szorult.<br \/>\n    A konzervat\u00edv p\u00e1rti korm\u00e1nyf\u0151, aki m\u00e1rcius v\u00e9g\u00e9n kezd\u0151d\u00f6tt betegs\u00e9ge \u00f3ta cs\u00fct\u00f6rt\u00f6k este tartotta el\u0151sz\u00f6r a korm\u00e1ny szok\u00e1sos napi sajt\u00f3t\u00e1j\u00e9koztat\u00f3j\u00e1t a Downing Streeten, hangs\u00falyozta: most els\u0151 \u00edzben jelentheti ki, hogy a nagy-britanniai Covid-19 j\u00e1rv\u00e1ny m\u00e1r t\u00faljutott cs\u00facspontj\u00e1n, \u00e9s lefel\u00e9 tart\u00f3 p\u00e1ly\u00e1ra ker\u00fclt.<br \/>\n    Hozz\u00e1tette: a korm\u00e1ny a j\u00f6v\u0151 h\u00e9ten \u00e1tfog\u00f3 tervet ismertet arr\u00f3l, hogy mik\u00e9nt lehet \u00fajraind\u00edtani a gazdas\u00e1got, a gyerekek milyen m\u00f3don t\u00e9rhetnek vissza az iskol\u00e1kba, hogyan lehet majd ism\u00e9t munk\u00e1ba utazni \u00e9s hogy lehet a munkahelyeket biztons\u00e1gosabb\u00e1 tenni, \u00fagy, hogy k\u00f6zben folytat\u00f3dhasson a j\u00e1rv\u00e1ny visszaszor\u00edt\u00e1sa.<br \/>\n    Nagy-Britanni\u00e1ban t\u00f6bb mint egy h\u00f3napja csak az alapvet\u0151 sz\u00fcks\u00e9gleti cikkek, f\u0151leg \u00e9lelmiszerek \u00e9s gy\u00f3gyszerek beszerz\u00e9se, valamint napi egy testedz\u00e9s c\u00e9lj\u00e1b\u00f3l lehet kimenni az utc\u00e1ra, \u00e9s kett\u0151n\u00e9l t\u00f6bb, nem egy h\u00e1ztart\u00e1sban \u00e9l\u0151 ember nem tart\u00f3zkodhat egy\u00fctt k\u00f6zter\u00fcleten.<br \/>\n    Kiv\u00e9telt jelent a korl\u00e1toz\u00e1sok al\u00f3l, ha valakinek orvosi seg\u00edts\u00e9gre van sz\u00fcks\u00e9ge, ha m\u00e1s, r\u00e1szorul\u00f3 emberr\u0151l kell gondoskodnia, vagy ha munk\u00e1ba utazik, de ez ut\u00f3bbi is csak akkor, ha felt\u00e9tlen\u00fcl sz\u00fcks\u00e9ges, \u00e9s ha az adott munk\u00e1t otthonr\u00f3l nem lehet elv\u00e9gezni.<br \/>\n    A londoni t\u00f6megk\u00f6zleked\u00e9si h\u00e1l\u00f3zat napi utasforgalma a korl\u00e1toz\u00e1sok bejelent\u00e9se \u00f3ta 95 sz\u00e1zal\u00e9kkal zuhant.<br \/>\n    A cs\u00fct\u00f6rt\u00f6ki esti sajt\u00f3t\u00e1j\u00e9koztat\u00f3n Boris Johnson felid\u00e9zte: voltak olyan modellsz\u00e1m\u00edt\u00e1sok, amelyek szerint e korl\u00e1toz\u00f3 int\u00e9zked\u00e9sek n\u00e9lk\u00fcl a Covid-19 j\u00e1rv\u00e1ny nagy-britanniai hal\u00e1los \u00e1ldozatainak sz\u00e1ma el\u00e9rhette volna a f\u00e9lmilli\u00f3t, de ezt a katasztr\u00f3f\u00e1t siker\u00fclt elker\u00fclni.<br \/>\n    A korm\u00e1nyf\u0151 \u00e1ltal ismertetett leg\u00fajabb adatok szerint a megel\u0151z\u0151 24 \u00f3r\u00e1ban 674-en haltak meg a koronav\u00edrus okozta betegs\u00e9gben, \u00edgy a nagy-britanniai hal\u00e1los \u00e1ldozatok eddigi sz\u00e1ma 26 711.<br \/>\n    Ezek az adatok imm\u00e1r tartalmazz\u00e1k az \u00f6sszes, hivatalosan regisztr\u00e1lt hal\u00e1lesetet, f\u00fcggetlen\u00fcl att\u00f3l, hogy a hal\u00e1loz\u00e1sok hol k\u00f6vetkeztek be.<br \/>\n    Nagy-Britanni\u00e1ban szerd\u00e1ig csak a k\u00f3rh\u00e1zakban elhunytak sz\u00e1m\u00e1r\u00f3l tettek k\u00f6zz\u00e9 napi statisztik\u00e1kat, de ezt kiterjesztett\u00e9k minden egy\u00e9b olyan helysz\u00ednre, ahol koronav\u00edrus-fert\u0151z\u00e9shez k\u00f6t\u0151d\u0151 hal\u00e1leseteket regisztr\u00e1lnak a hat\u00f3s\u00e1gok, \u00edgy az id\u0151sotthonokra \u00e9s a betegek saj\u00e1t otthonaira is.<br \/>\n    Boris Johnson elmondta: Nagy-Britanni\u00e1ban cs\u00fct\u00f6rt\u00f6kig 901 905 sz\u0171r\u0151vizsg\u00e1latot v\u00e9geztek \u00e9s 171 253 emberr\u0151l \u00e1llap\u00edtott\u00e1k meg, hogy megfert\u0151z\u0151d\u00f6tt az \u00faj koronav\u00edrussal.<br \/>\n    A sz\u0171r\u00e9ssel \u00fajonnan azonos\u00edtott koronav\u00edrus-fert\u0151z\u00f6ttek sz\u00e1ma egy nap alatt 6032-vel emelkedett.<br \/>\n    Az egy nap alatt kisz\u0171rt \u00faj esetek sz\u00e1ma valamelyest n\u00f6vekedett, de messze nem annyival, mint amilyen \u00fctemben a sz\u0171r\u00e9sek sz\u00e1ma n\u00f6vekszik.<br \/>\n    A korm\u00e1nyf\u0151 \u00e1ltal cs\u00fct\u00f6rt\u00f6k\u00f6n ismertetett adatok szerint el\u0151z\u0151 nap 81 611 koronav\u00edrus-sz\u0171r\u00e9st v\u00e9geztek orsz\u00e1gszerte az egy nappal kor\u00e1bbi 52 429 sz\u0171r\u00e9s ut\u00e1n.<br \/>\n    Az elm\u00falt hetekben 15-25 ezer k\u00f6z\u00f6tt mozgott a napi sz\u0171r\u00e9sek sz\u00e1ma, de a korm\u00e1ny c\u00e9lkit\u0171z\u00e9se szerint m\u00e1r cs\u00fct\u00f6rt\u00f6kt\u0151l el kell \u00e9rni a napi sz\u00e1zezer, k\u00e9s\u0151bb pedig a napi negyedmilli\u00f3 sz\u0171r\u00e9si sz\u00e1mot.<br \/>\n    Sir Patrick Vallance, a korm\u00e1ny tudom\u00e1nyos f\u0151tan\u00e1csad\u00f3ja a cs\u00fct\u00f6rt\u00f6ki sajt\u00f3t\u00e1j\u00e9koztat\u00f3n elmondta: a modellsz\u00e1m\u00edt\u00e1sok alapj\u00e1n az &#8222;R&#8221; fert\u0151z\u0151d\u00e9si r\u00e1ta orsz\u00e1gosan jelenleg 0,6-0,9 k\u00f6z\u00f6tt van, vagyis 1 alatt j\u00e1r.<br \/>\n    Ez azt jelenti, hogy minden egyes koronav\u00edrus-fert\u0151z\u00f6tt \u00e1tlagosan egyn\u00e9l kevesebb embernek adja \u00e1t a v\u00edrusfert\u0151z\u00e9st, vagyis a j\u00e1rv\u00e1ny nagy-britanniai terjed\u00e9se lassul.<br \/>\n    M\u00e1rciusban az &#8222;R&#8221; j\u00e1rv\u00e1nyterjed\u00e9si faktor m\u00e9g 3 felett volt, vagyis minden fert\u0151z\u00f6tt t\u00f6bb mint h\u00e1rom m\u00e1sik embert fert\u0151z\u00f6tt meg.<br \/>\n    Boris Johnson a sajt\u00f3t\u00e1j\u00e9koztat\u00f3n meger\u0151s\u00edtette, hogy az AstraZeneca gy\u00f3gyszeripari csoport \u00e9s az Oxfordi Egyetem egy\u00fcttm\u0171k\u00f6d\u00e9si meg\u00e1llapod\u00e1st k\u00f6t\u00f6tt az egyetem \u00e1ltal kidolgozott \u00e9s m\u00e1r emberi tesztel\u00e9s alatt \u00e1ll\u00f3 olt\u00f3anyag gy\u00e1rt\u00e1s\u00e1r\u00f3l, ha a vakcina hat\u00e9konynak bizonyul.<br \/>\n    Az olt\u00f3anyag tesztel\u00e9se a m\u00falt h\u00e9ten kezd\u0151d\u00f6tt Angli\u00e1ban, 1100 \u00f6nk\u00e9ntes feln\u0151tt r\u00e9szv\u00e9tel\u00e9vel.(MTI)<\/p>\n","protected":false},"excerpt":{"rendered":"<p>Nagy-Britannia t\u00faljutott az \u00faj t\u00edpus\u00fa koronav\u00edrus okozta j\u00e1rv\u00e1ny tet\u0151z\u00e9s\u00e9n, \u00e9s a korm\u00e1ny hamarosan ismerteti az orsz\u00e1g \u00fajraind\u00edt\u00e1s\u00e1nak terveit &#8211; mondta cs\u00fct\u00f6rt\u00f6ki sajt\u00f3t\u00e1j\u00e9koztat\u00f3j\u00e1n Boris Johnson brit minisztereln\u00f6k.<\/p>\n","protected":false},"author":1001006,"featured_media":0,"comment_status":"closed","ping_status":"open","sticky":false,"template":"","format":"standard","meta":[],"categories":[12,427],"tags":[428],"_links":{"self":[{"href":"https:\/\/gazdasagportal.hu\/index.php\/wp-json\/wp\/v2\/posts\/126047"}],"collection":[{"href":"https:\/\/gazdasagportal.hu\/index.php\/wp-json\/wp\/v2\/posts"}],"about":[{"href":"https:\/\/gazdasagportal.hu\/index.php\/wp-json\/wp\/v2\/types\/post"}],"author":[{"embeddable":true,"href":"https:\/\/gazdasagportal.hu\/index.php\/wp-json\/wp\/v2\/users\/1001006"}],"replies":[{"embeddable":true,"href":"https:\/\/gazdasagportal.hu\/index.php\/wp-json\/wp\/v2\/comments?post=126047"}],"version-history":[{"count":1,"href":"https:\/\/gazdasagportal.hu\/index.php\/wp-json\/wp\/v2\/posts\/126047\/revisions"}],"predecessor-version":[{"id":126048,"href":"https:\/\/gazdasagportal.hu\/index.php\/wp-json\/wp\/v2\/posts\/126047\/revisions\/126048"}],"wp:attachment":[{"href":"https:\/\/gazdasagportal.hu\/index.php\/wp-json\/wp\/v2\/media?parent=126047"}],"wp:term":[{"taxonomy":"category","embeddable":true,"href":"https:\/\/gazdasagportal.hu\/index.php\/wp-json\/wp\/v2\/categories?post=126047"},{"taxonomy":"post_tag","embeddable":true,"href":"https:\/\/gazdasagportal.hu\/index.php\/wp-json\/wp\/v2\/tags?post=126047"}],"curies":[{"name":"wp","href":"https:\/\/api.w.org\/{rel}","templated":true}]}}