{"id":126032,"date":"2020-04-30T12:34:23","date_gmt":"2020-04-30T10:34:23","guid":{"rendered":"http:\/\/gazdasagportal.hu\/?p=126032"},"modified":"2020-04-30T10:35:19","modified_gmt":"2020-04-30T08:35:19","slug":"autowallis-20-szazalek-felett-bovult-az-uj-gepjarmu-ertekesites-az-elso-negyedevben","status":"publish","type":"post","link":"https:\/\/gazdasagportal.hu\/index.php\/autowallis-20-szazalek-felett-bovult-az-uj-gepjarmu-ertekesites-az-elso-negyedevben\/","title":{"rendered":"AutoWallis: 20 sz\u00e1zal\u00e9k felett b\u0151v\u00fclt az \u00faj g\u00e9pj\u00e1rm\u0171-\u00e9rt\u00e9kes\u00edt\u00e9s az els\u0151 negyed\u00e9vben"},"content":{"rendered":"<p><strong>Az el\u0151zetes adatok alapj\u00e1n 2020 els\u0151 negyed\u00e9v\u00e9ben folytat\u00f3dott a tavalyi emelked\u0151 trend az AutoWallis csoport \u00faj g\u00e9pj\u00e1rm\u0171-\u00e9rt\u00e9kes\u00edt\u00e9se ter\u00fclet\u00e9n: a n\u00f6veked\u00e9st a nemzetk\u00f6zi elad\u00e1sok vezett\u00e9k 22,5 sz\u00e1zal\u00e9kos b\u0151v\u00fcl\u00e9ssel, m\u00edg belf\u00f6ld\u00f6n 20,6 sz\u00e1zal\u00e9kkal t\u00f6bb j\u00e1rm\u0171 tal\u00e1lt gazd\u00e1ra. A szolg\u00e1ltat\u00f3i \u00fczlet\u00e1gban a szerviz\u00f3r\u00e1k sz\u00e1ma 2,5 sz\u00e1zal\u00e9kkal emelkedett. A g\u00e9pj\u00e1rm\u0171k\u00f6lcs\u00f6nz\u00e9s ter\u00e9n a b\u00e9rleti esem\u00e9nyek sz\u00e1ma 24,1 sz\u00e1zal\u00e9kkal cs\u00f6kkent a turizmus \u00e9s az \u00fczleti c\u00e9l\u00fa utaz\u00e1sok m\u00e1rcius \u00f3ta tapasztalt jelent\u0151s es\u00e9se miatt az els\u0151 k\u00e9t h\u00f3nap emelked\u0151 trendj\u00e9t \u00e1tmenetileg megford\u00edtva.<\/strong><!--more--><\/p>\n<div class=\"ads-in-post1\"><div id=\"gazdasagportal.hu_fullbanner_wideboard\"><\/div>\r\n<\/div>\n<p>&nbsp;<\/p>\n<p>Tov\u00e1bb b\u0151v\u00fclt az AutoWallis Nyrt. \u00faj g\u00e9pj\u00e1rm\u0171-\u00e9rt\u00e9kes\u00edt\u00e9se az idei els\u0151 negyed\u00e9vben. A n\u00f6veked\u00e9sben a csoport <strong>Nemzetk\u00f6zi disztrib\u00faci\u00f3s \u00fczlet\u00e1ga<\/strong> j\u00e1rt \u00e9len, mely az el\u0151z\u0151 \u00e9vivel \u00f6sszehasonl\u00edtva 22,5 sz\u00e1zal\u00e9kkal t\u00f6bb, \u00f6sszesen 696 darab \u00faj j\u00e1rm\u0171vet \u00e9rt\u00e9kes\u00edtett. A n\u00f6vekv\u0151 trend a <strong>Belf\u00f6ldi disztrib\u00faci\u00f3s \u00fczlet\u00e1g<\/strong> \u00faj g\u00e9pj\u00e1rm\u0171-\u00e9rt\u00e9kes\u00edt\u00e9se eset\u00e9ben is folytat\u00f3dott: \u00f6sszesen 744 j\u00e1rm\u0171 tal\u00e1lt \u00faj gazd\u00e1ra, ami 20,6 sz\u00e1zal\u00e9kos b\u0151v\u00fcl\u00e9snek felel meg. A belf\u00f6ldi sz\u00e1mok annak f\u00e9ny\u00e9ben k\u00fcl\u00f6n\u00f6sen pozit\u00edvak, hogy ugyanebben az id\u0151szakban az \u00faj szem\u00e9lyg\u00e9pj\u00e1rm\u0171 forgalomba helyez\u00e9s a magyar piacon 4,9 sz\u00e1zal\u00e9kkal m\u00e1r cs\u00f6kkent a DataHouse adatai szerint. Az AutoWallis csoport tev\u00e9kenys\u00e9ge, hat\u00e9konys\u00e1ga, \u00fczleti lehet\u0151s\u00e9gei, \u00e9rt\u00e9kteremt\u0151 k\u00e9pess\u00e9ge szempontj\u00e1b\u00f3l K\u00f6z\u00e9p-Kelet-Eur\u00f3pa \u00e9s a Balk\u00e1n tekinthet\u0151 a t\u00e9nyleges m\u0171k\u00f6d\u00e9si ter\u00fcletnek, ahol a jelenleg lefedett 14 k\u00f6z\u00e9p-kelet-eur\u00f3pai orsz\u00e1gban v\u00e1ltoz\u00f3 m\u00e9rt\u00e9k\u0171 a n\u00f6veked\u00e9s, \u00e9s az egyes ter\u00fcletek \u00f6sszess\u00e9g\u00e9ben az eur\u00f3pai \u00e1tlag feletti n\u00f6veked\u00e9st tudnak felmutatni. A b\u0151v\u00fcl\u00e9shez hozz\u00e1j\u00e1rul, hogy az AutoWallis legink\u00e1bb a pr\u00e9mium szegmensben van jelen, mely a relev\u00e1ns r\u00e9gi\u00f3 minden piac\u00e1n n\u00f6velte r\u00e9szar\u00e1ny\u00e1t a szem\u00e9lyg\u00e9pj\u00e1rm\u0171-elad\u00e1sokon bel\u00fcl. Az <strong>Aut\u00f3ipari szolg\u00e1ltat\u00f3i \u00fczlet\u00e1gban <\/strong>a szerviz\u00f3r\u00e1k sz\u00e1ma 2,5 sz\u00e1zal\u00e9kkal 11.655-re, a g\u00e9pj\u00e1rm\u0171k\u00f6lcs\u00f6nz\u00e9s kapcs\u00e1n kalkul\u00e1lt flottam\u00e9ret 21,1 sz\u00e1zal\u00e9kkal, 539 darabra b\u0151v\u00fclt. A g\u00e9pj\u00e1rm\u0171k\u00f6lcs\u00f6nz\u00e9s ter\u00e9n a b\u00e9rleti esem\u00e9nyek sz\u00e1ma 24,1 sz\u00e1zal\u00e9kkal cs\u00f6kkent, els\u0151sorban a turizmus \u00e9s \u00fczleti c\u00e9l\u00fa utaz\u00e1s m\u00e1r febru\u00e1rban elindult hirtelen, jelent\u0151s, \u00e9s rem\u00e9lhet\u0151leg \u00e1tmeneti visszaes\u00e9se miatt. <strong>Ormosy G\u00e1bor, az AutoWallis vez\u00e9rigazgat\u00f3ja <\/strong>a t\u00e1rsas\u00e1g els\u0151 negyed\u00e9ves \u00e9rt\u00e9kes\u00edt\u00e9si adatai alapj\u00e1n elmondta, hogy a koronav\u00edrus-j\u00e1rv\u00e1ny terjed\u00e9s\u00e9nek megakad\u00e1lyoz\u00e1sa \u00e9rdek\u00e9ben hozott korl\u00e1toz\u00f3 korm\u00e1nyzati int\u00e9zked\u00e9sek negat\u00edv gazdas\u00e1gi hat\u00e1sai r\u00e9szben m\u00e1r \u00e9rezhet\u0151ek voltak az els\u0151 negyed\u00e9vben. A t\u00e1rsas\u00e1g sz\u00e1mol az \u00faj g\u00e9pj\u00e1rm\u0171 v\u00e1s\u00e1rl\u00e1sok r\u00e9szbeni halaszt\u00e1s\u00e1val, amit a K\u00edn\u00e1ban m\u00e1rcius v\u00e9g\u00e9n \u00fajranyitott aut\u00f3szalonok k\u00f6r\u00e9ben v\u00e9gzett felm\u00e9r\u00e9s<a href=\"#_ftn1\" name=\"_ftnref1\">[1]<\/a> al\u00e1t\u00e1maszt. A kutat\u00e1s m\u00e1rciusban, a teljes le\u00e1ll\u00e1s ut\u00e1ni \u00fajranyit\u00e1skor 53 sz\u00e1zal\u00e9kos l\u00e1togatotts\u00e1got m\u00e9rt, m\u00edg \u00e9ves szinten mind\u00f6ssze 10 sz\u00e1zal\u00e9kos visszaes\u00e9st vet\u00edtett el\u0151re, majd \u00e1prilis elej\u00e9n m\u00e1r 70 sz\u00e1zal\u00e9k k\u00f6r\u00fcli l\u00e1togatotts\u00e1got, valamint aut\u00f3\u00e9rt\u00e9kes\u00edt\u00e9si \u00e9s szerviz \u00e1rbev\u00e9telt m\u00e9rt<a href=\"#_ftn2\" name=\"_ftnref2\">[2]<\/a> a k\u00ednai keresked\u00e9sekben. Az \u00e1tmenetileg visszaes\u0151 \u00e9rt\u00e9kes\u00edt\u00e9s \u00e9s a turizmus le\u00e1ll\u00e1sa miatt a csoportban legink\u00e1bb \u00e9rintett aut\u00f3k\u00f6lcs\u00f6nz\u00e9s lassul\u00e1s\u00e1nak negat\u00edv hat\u00e1sai \u00e9rezhet\u0151ek, m\u00edg a szervizszolg\u00e1ltat\u00e1sok \u2013 igazodva a m\u0171k\u00f6d\u00e9si k\u00f6r\u00fclm\u00e9nyekhez \u00e9s szab\u00e1lyokhoz \u2013 ma is zavartalanul folynak.<\/p><div id=\"gazda-3245014279\" class=\"gazda-tartalomban gazda-entity-placement\"><script async src=\"https:\/\/pagead2.googlesyndication.com\/pagead\/js\/adsbygoogle.js\"><\/script>\r\n<ins class=\"adsbygoogle\"\r\n     style=\"display:block\"\r\n     data-ad-format=\"fluid\"\r\n     data-ad-layout-key=\"-6t+ed+2i-1n-4w\"\r\n     data-ad-client=\"ca-pub-1959107119989764\"\r\n     data-ad-slot=\"4008251320\"><\/ins>\r\n<script>\r\n     (adsbygoogle = window.adsbygoogle || []).push({});\r\n<\/script><\/div>\n<p><strong>\u00a0<\/strong><strong>\u00a0<\/strong><strong>\u00a0<\/strong><\/p>\n<p><strong>Az AutoWallis Nyrt.<\/strong><\/p>\n<p>A Budapesti \u00c9rt\u00e9kt\u0151zsde Pr\u00e9mium kateg\u00f3ri\u00e1j\u00e1ban, valamint a BUX \u00e9s BUMIX indexekben jegyzett AutoWallis Nyrt. c\u00e9lja, hogy 2029-re a k\u00f6z\u00e9p-kelet-eur\u00f3pai r\u00e9gi\u00f3 meghat\u00e1roz\u00f3 mobilit\u00e1si szolg\u00e1ltat\u00f3ja legyen. A v\u00e1llalat 2018-as, nemzetk\u00f6zi p\u00e9nz\u00fcgyi besz\u00e1mol\u00e1si standardok (IFRS) alapj\u00e1n sz\u00e1m\u00edtott konszolid\u00e1lt 65,5 milli\u00e1rdos \u00e1rbev\u00e9tel\u00e9nek dupl\u00e1z\u00e1s\u00e1t tervezi 2024-re, melyet el\u0151sorban organikus \u00faton akar el\u00e9rni. A v\u00e1llalat c\u00e9lja emellett, hogy az aut\u00f3ipari befektet\u00e9sekre f\u00f3kusz\u00e1l\u00f3 befektet\u00e9si portf\u00f3li\u00f3j\u00e1nak folyamatos, akviz\u00edci\u00f3s \u00faton t\u00f6rt\u00e9n\u0151 sz\u00e9les\u00edt\u00e9s\u00e9vel klasszikus, konzervat\u00edv \u00fczletpolitik\u00e1t k\u00e9pvisel\u0151 vagyonkezel\u0151k\u00e9nt m\u0171k\u00f6dj\u00f6n. Az AutoWallis csoport a k\u00f6z\u00e9p-kelet-eur\u00f3pai r\u00e9gi\u00f3 14 orsz\u00e1g\u00e1ban (Alb\u00e1nia, Bosznia-Hercegovina, Csehorsz\u00e1g, Bulg\u00e1ria, Horv\u00e1torsz\u00e1g, Koszov\u00f3, Lengyelorsz\u00e1g, Rom\u00e1nia, Szerbia, Szlov\u00e1kia, Szlov\u00e9nia, \u00c9szak-Maced\u00f3nia, Magyarorsz\u00e1g, Montenegr\u00f3) g\u00e9pj\u00e1rm\u0171- \u00e9s alkatr\u00e9sz kis- \u00e9s nagykereskedelemmel, szerviz szolg\u00e1ltat\u00e1sokkal, r\u00f6vid- \u00e9s hossz\u00fa t\u00e1v\u00fa g\u00e9pj\u00e1rm\u0171-k\u00f6lcs\u00f6nz\u00e9ssel van jelen. A csoport tagjai k\u00f6z\u00e9 tartozik a Wallis Automotive Europe, a Wallis British Motors, a Wallis Motor Pest, a Wallis Motor Duna, valamint a Wallis Aut\u00f3k\u00f6lcs\u00f6nz\u0151. A csoport \u00e1ltal k\u00e9pviselt m\u00e1rk\u00e1k k\u00f6z\u00e9 tartoznak a BMW szem\u00e9lyaut\u00f3k \u00e9s motorker\u00e9kp\u00e1rok, a MINI, az Isuzu, a Jaguar, a Land Rover, a Maserati, a Ssangyong, a Saab alkatr\u00e9szek ut\u00e1np\u00f3tl\u00e1sa \u00e9s a Sixt rent-a-car, melyek k\u00f6z\u00fcl a BMW a pr\u00e9mium aut\u00f3piacon, m\u00edg a Sixt az aut\u00f3k\u00f6lcs\u00f6nz\u0151 piacon foglal el domin\u00e1ns poz\u00edci\u00f3t. <a href=\"http:\/\/www.autowallis.hu\" target=\"_blank\" rel=\"noopener\">www.autowallis.hu<\/a><\/p>\n<p><a href=\"#_ftnref1\" name=\"_ftn1\">[1]<\/a> <a href=\"https:\/\/www.autonews.com\/china-commentary\/handicapping-how-fast-market-will-recover\" target=\"_blank\" rel=\"noopener\">https:\/\/www.autonews.com\/china-commentary\/handicapping-how-fast-market-will-recover<\/a><\/p>\n<p><a href=\"#_ftnref2\" name=\"_ftn2\">[2]<\/a> <a href=\"https:\/\/www.autonews.com\/china\/chinas-progress-may-foreshadow-whats-next-us-retailers?utm_source=china&amp;utm_medium=email&amp;utm_campaign=20200427&amp;utm_content=hero-headline\" target=\"_blank\" rel=\"noopener\">https:\/\/www.autonews.com\/china\/chinas-progress-may-foreshadow-whats-next-us-retailers?utm_source=china&amp;utm_medium=email&amp;utm_campaign=20200427&amp;utm_content=hero-headline<\/a><\/p>\n","protected":false},"excerpt":{"rendered":"<p>Az el\u0151zetes adatok alapj\u00e1n 2020 els\u0151 negyed\u00e9v\u00e9ben folytat\u00f3dott a tavalyi emelked\u0151 trend az AutoWallis csoport \u00faj g\u00e9pj\u00e1rm\u0171-\u00e9rt\u00e9kes\u00edt\u00e9se ter\u00fclet\u00e9n: a n\u00f6veked\u00e9st a nemzetk\u00f6zi elad\u00e1sok vezett\u00e9k 22,5 sz\u00e1zal\u00e9kos b\u0151v\u00fcl\u00e9ssel, m\u00edg belf\u00f6ld\u00f6n 20,6 sz\u00e1zal\u00e9kkal t\u00f6bb j\u00e1rm\u0171 tal\u00e1lt gazd\u00e1ra. A szolg\u00e1ltat\u00f3i \u00fczlet\u00e1gban a szerviz\u00f3r\u00e1k sz\u00e1ma 2,5 sz\u00e1zal\u00e9kkal emelkedett. A g\u00e9pj\u00e1rm\u0171k\u00f6lcs\u00f6nz\u00e9s ter\u00e9n a b\u00e9rleti esem\u00e9nyek sz\u00e1ma 24,1 sz\u00e1zal\u00e9kkal cs\u00f6kkent a &#8230;<\/p>\n","protected":false},"author":1001006,"featured_media":0,"comment_status":"closed","ping_status":"open","sticky":false,"template":"","format":"standard","meta":[],"categories":[7],"tags":[],"_links":{"self":[{"href":"https:\/\/gazdasagportal.hu\/index.php\/wp-json\/wp\/v2\/posts\/126032"}],"collection":[{"href":"https:\/\/gazdasagportal.hu\/index.php\/wp-json\/wp\/v2\/posts"}],"about":[{"href":"https:\/\/gazdasagportal.hu\/index.php\/wp-json\/wp\/v2\/types\/post"}],"author":[{"embeddable":true,"href":"https:\/\/gazdasagportal.hu\/index.php\/wp-json\/wp\/v2\/users\/1001006"}],"replies":[{"embeddable":true,"href":"https:\/\/gazdasagportal.hu\/index.php\/wp-json\/wp\/v2\/comments?post=126032"}],"version-history":[{"count":1,"href":"https:\/\/gazdasagportal.hu\/index.php\/wp-json\/wp\/v2\/posts\/126032\/revisions"}],"predecessor-version":[{"id":126033,"href":"https:\/\/gazdasagportal.hu\/index.php\/wp-json\/wp\/v2\/posts\/126032\/revisions\/126033"}],"wp:attachment":[{"href":"https:\/\/gazdasagportal.hu\/index.php\/wp-json\/wp\/v2\/media?parent=126032"}],"wp:term":[{"taxonomy":"category","embeddable":true,"href":"https:\/\/gazdasagportal.hu\/index.php\/wp-json\/wp\/v2\/categories?post=126032"},{"taxonomy":"post_tag","embeddable":true,"href":"https:\/\/gazdasagportal.hu\/index.php\/wp-json\/wp\/v2\/tags?post=126032"}],"curies":[{"name":"wp","href":"https:\/\/api.w.org\/{rel}","templated":true}]}}