{"id":126008,"date":"2020-04-30T05:44:09","date_gmt":"2020-04-30T03:44:09","guid":{"rendered":"http:\/\/gazdasagportal.hu\/?p=126008"},"modified":"2020-04-30T08:14:45","modified_gmt":"2020-04-30T06:14:45","slug":"bombafenyegetes-miatt-kiuritettek-a-becsi-hofburgot","status":"publish","type":"post","link":"https:\/\/gazdasagportal.hu\/index.php\/bombafenyegetes-miatt-kiuritettek-a-becsi-hofburgot\/","title":{"rendered":"Bombafenyeget\u00e9s miatt ki\u00fcr\u00edtett\u00e9k a b\u00e9csi Hofburgot"},"content":{"rendered":"<p><strong>Bombafenyeget\u00e9s miatt szerda d\u00e9lut\u00e1n ki\u00fcr\u00edtett\u00e9k a b\u00e9csi Hofburgot.<\/strong><!--more--><\/p>\n<div class=\"ads-in-post1\"><div id=\"gazdasagportal.hu_fullbanner_wideboard\"><\/div>\r\n<\/div>\n<p>A rend\u0151rs\u00e9g szerd\u00e1n 15 \u00f3ra ut\u00e1n z\u00e1rta le az osztr\u00e1k f\u0151v\u00e1rosban a Ballhausplatzot,  a Hofburg, valamint a kancell\u00e1ria el\u0151tti ter\u00fcletet, mivel azt megel\u0151z\u0151en egy ismeretlen emailben bombamer\u00e9nylettel fenyeget\u0151z\u00f6tt. Marcus Dittrich, a b\u00e9csi rend\u0151rs\u00e9g sz\u00f3viv\u0151je arr\u00f3l t\u00e1j\u00e9koztatott, hogy az  \u00fczenet nem tartalmazott konkr\u00e9t szem\u00e9ly elleni fenyeget\u00e9st,  hanem a Hofburgot nevezte meg c\u00e9lj\u00e1nak.     Az \u00e9p\u00fcletben tart\u00f3zkod\u00f3 Alexander Van der Bellen \u00e1llamf\u0151t a Hofburg f\u00f6ldalatti titkos j\u00e1ratrendszer\u00e9n kereszt\u00fcl menek\u00edtett\u00e9k ki az \u00e9p\u00fcletb\u0151l, amelyet ki\u00fcr\u00edtettek. A helysz\u00ednt t\u00f6bb tucat rend\u0151r biztos\u00edtotta.     Jelenleg nyomoz\u00e1s folyik annak felder\u00edt\u00e9s\u00e9re, honnan \u00e9rkezett az e mail, \u00e9s ki a szerz\u0151je. <\/p>\n<p>    Van der Bellen \u00e1llamf\u0151 a Twitteren mondott k\u00f6sz\u00f6netet a rend\u0151r\u00f6knek. Azt \u00edrta: &#8222;H\u00e1l\u00e1s k\u00f6sz\u00f6net minden rend\u0151rnek, akik bombakeres\u0151 kuty\u00e1kkal \u00e1tkutatt\u00e1k a Hofburgot. K\u00f6sz\u00f6net azoknak is, akik k\u00edv\u00fclr\u0151l biztos\u00edtott\u00e1k az \u00e9p\u00fcletet&#8221;.     El\u0151z\u0151 nap szint\u00e9n rend\u0151rs\u00e9gi akci\u00f3 zajlott a Hofburgn\u00e1l; akkor egy 33 \u00e9ves f\u00e9rfi mach\u00e9t\u00e9vel felfegyverkezve \u00e9rkezett az eln\u00f6ks\u00e9g \u00e9p\u00fclet\u00e9hez, \u00e9s az egyik politikussal szeretett volna besz\u00e9lni. A f\u00e9rfit elfogt\u00e1k; az \u00fcgy\u00e9szs\u00e9g elrendelte vizsg\u00e1lati fogs\u00e1gba helyez\u00e9s\u00e9t \u00e9s pszichi\u00e1triai kivizsg\u00e1l\u00e1s\u00e1t. Az illet\u0151 ugyanis az &#8222;akci\u00f3t&#8221; megel\u0151z\u0151en t\u00f6bbsz\u00f6r felh\u00edvta telefonon Wolfgang Sobotk\u00e1nak, a Nemzeti Tan\u00e1cs eln\u00f6k\u00e9nek irod\u00e1j\u00e1t.     A Hofburgn\u00e1l 18 \u00e9vvel ezel\u0151tt, 2002. m\u00e1rcius 15-\u00e9n is k\u00eds\u00e9reltek meg bombamer\u00e9nyletet. Akkor azzal fenyeget\u0151ztek, hogy az eln\u00f6ki hivatal el\u0151tt parkol\u00f3 szem\u00e9lyaut\u00f3ban bomb\u00e1t rejtettek el. A teret lez\u00e1rt\u00e1k, de bomb\u00e1t nem tal\u00e1ltak. A j\u00e1rm\u0171 vezet\u0151j\u00e9t ideggy\u00f3gy\u00e1szati kezel\u00e9sre utalt\u00e1k.(MTI)<\/p><div id=\"gazda-2538231105\" class=\"gazda-tartalomban gazda-entity-placement\"><script async src=\"https:\/\/pagead2.googlesyndication.com\/pagead\/js\/adsbygoogle.js\"><\/script>\r\n<ins class=\"adsbygoogle\"\r\n     style=\"display:block\"\r\n     data-ad-format=\"fluid\"\r\n     data-ad-layout-key=\"-6t+ed+2i-1n-4w\"\r\n     data-ad-client=\"ca-pub-1959107119989764\"\r\n     data-ad-slot=\"4008251320\"><\/ins>\r\n<script>\r\n     (adsbygoogle = window.adsbygoogle || []).push({});\r\n<\/script><\/div>\n","protected":false},"excerpt":{"rendered":"<p>Bombafenyeget\u00e9s miatt szerda d\u00e9lut\u00e1n ki\u00fcr\u00edtett\u00e9k a b\u00e9csi Hofburgot.<\/p>\n","protected":false},"author":1001006,"featured_media":0,"comment_status":"closed","ping_status":"open","sticky":false,"template":"","format":"standard","meta":[],"categories":[12],"tags":[],"_links":{"self":[{"href":"https:\/\/gazdasagportal.hu\/index.php\/wp-json\/wp\/v2\/posts\/126008"}],"collection":[{"href":"https:\/\/gazdasagportal.hu\/index.php\/wp-json\/wp\/v2\/posts"}],"about":[{"href":"https:\/\/gazdasagportal.hu\/index.php\/wp-json\/wp\/v2\/types\/post"}],"author":[{"embeddable":true,"href":"https:\/\/gazdasagportal.hu\/index.php\/wp-json\/wp\/v2\/users\/1001006"}],"replies":[{"embeddable":true,"href":"https:\/\/gazdasagportal.hu\/index.php\/wp-json\/wp\/v2\/comments?post=126008"}],"version-history":[{"count":2,"href":"https:\/\/gazdasagportal.hu\/index.php\/wp-json\/wp\/v2\/posts\/126008\/revisions"}],"predecessor-version":[{"id":126018,"href":"https:\/\/gazdasagportal.hu\/index.php\/wp-json\/wp\/v2\/posts\/126008\/revisions\/126018"}],"wp:attachment":[{"href":"https:\/\/gazdasagportal.hu\/index.php\/wp-json\/wp\/v2\/media?parent=126008"}],"wp:term":[{"taxonomy":"category","embeddable":true,"href":"https:\/\/gazdasagportal.hu\/index.php\/wp-json\/wp\/v2\/categories?post=126008"},{"taxonomy":"post_tag","embeddable":true,"href":"https:\/\/gazdasagportal.hu\/index.php\/wp-json\/wp\/v2\/tags?post=126008"}],"curies":[{"name":"wp","href":"https:\/\/api.w.org\/{rel}","templated":true}]}}