{"id":125958,"date":"2020-04-29T04:44:11","date_gmt":"2020-04-29T02:44:11","guid":{"rendered":"http:\/\/gazdasagportal.hu\/?p=125958"},"modified":"2020-04-28T23:37:53","modified_gmt":"2020-04-28T21:37:53","slug":"az-egyesult-allamokban-meghaladta-az-egymilliot-a-fertozottek-szama","status":"publish","type":"post","link":"https:\/\/gazdasagportal.hu\/index.php\/az-egyesult-allamokban-meghaladta-az-egymilliot-a-fertozottek-szama\/","title":{"rendered":"Az Egyes\u00fclt \u00c1llamokban meghaladta az egymilli\u00f3t a fert\u0151z\u00f6ttek sz\u00e1ma"},"content":{"rendered":"<p><strong>Az Egyes\u00fclt \u00c1llamokban meghaladta az egymilli\u00f3t a koronav\u00edrus-fert\u0151z\u00f6ttek sz\u00e1ma, \u00e9s t\u00f6bb mint 56 ezren hunytak el a v\u00edrus okozta Covid-19 nev\u0171 l\u00e9g\u00fati betegs\u00e9gben &#8211; jelentette kedden a baltimore-i Johns Hopkins egyetem \u00e9s k\u00f3rh\u00e1z.<\/strong><!--more--><\/p>\n<div class=\"ads-in-post1\"><div id=\"gazdasagportal.hu_fullbanner_wideboard\"><\/div>\r\n<\/div>\n<p>    A tekint\u00e9lyes int\u00e9zm\u00e9ny adatb\u00e1zisa mag\u00e1ban foglalja valamennyi amerikai tag\u00e1llam, a sz\u00f6vets\u00e9gi f\u0151v\u00e1ros, s az Egyes\u00fclt \u00c1llamok tengerent\u00fali ter\u00fcletei \u00e9s t\u00e1rsult \u00e1llamai adatait.<br \/>\n    A j\u00e1rv\u00e1ny g\u00f3cpontja v\u00e1ltozatlanul New York \u00e1llam \u00e9s New Jersey, de folyamatosan emelkedik a fert\u0151z\u00f6ttek \u00e9s a halottak sz\u00e1ma Massachusettsben \u00e9s Pennsylvani\u00e1ban is.<br \/>\n    Szok\u00e1sos napi sajt\u00f3t\u00e1j\u00e9koztat\u00f3j\u00e1n New York \u00e1llam korm\u00e1nyz\u00f3ja, Andrew Cuomo kedden bejelentette, hogy el\u0151z\u0151 nap az \u00e1llam ter\u00fclet\u00e9n 335 beteg halt meg a v\u00edrus okozta betegs\u00e9gben. &#8222;Minden reggel arra gondolok, hogy ma v\u00e9get \u00e9r a lid\u00e9rcnyom\u00e1s, de nem \u00edgy van&#8221; &#8211; fogalmazott a politikus az \u00e1llam f\u0151v\u00e1ros\u00e1ban, Albanyban tartott sajt\u00f3konferenci\u00e1n. Elmondta, hogy az \u00e1llam gazdas\u00e1gi \u00fajranyit\u00e1sa k\u00f6zben k\u00e9t, vesz\u00e9lyt jelz\u0151 t\u00e9nyez\u0151re figyelnek majd: a k\u00f3rh\u00e1zak &#8222;tel\u00edtetts\u00e9g\u00e9re&#8221; \u00e9s a v\u00edrus tov\u00e1bbad\u00e1s\u00e1nak \u00fctem\u00e9re. Amennyiben a k\u00f3rh\u00e1zak kihaszn\u00e1lts\u00e1ga meghaladja kapacit\u00e1suk 70 sz\u00e1zal\u00e9k\u00e1t vagy a fert\u0151z\u00e9s terjed\u00e9s\u00e9nek \u00fcteme megn\u00f6vekszik, az \u00e1llamban le\u00e1llnak az \u00e9let \u00fajraind\u00edt\u00e1s\u00e1val.<br \/>\n<div class=\"ads-in-post2\"><script async src=\"https:\/\/pagead2.googlesyndication.com\/pagead\/js\/adsbygoogle.js\"><\/script>\r\n<ins class=\"adsbygoogle\"\r\n     style=\"display:block\"\r\n     data-ad-format=\"fluid\"\r\n     data-ad-layout-key=\"-6t+ed+2i-1n-4w\"\r\n     data-ad-client=\"ca-pub-1959107119989764\"\r\n     data-ad-slot=\"4008251320\"><\/ins>\r\n<script>\r\n     (adsbygoogle = window.adsbygoogle || []).push({});\r\n<\/script><\/div>\n    New Jersey korm\u00e1nyz\u00f3ja, Phil Murphy arr\u00f3l sz\u00e1molt be, hogy h\u00e9tf\u0151n t\u00f6bb mint 2800 \u00faj v\u00edrusfert\u0151z\u00f6tt beteget regisztr\u00e1ltak, \u00e9s 402 ember halt meg a Covid-19-ben. Az \u00e1llamban t\u00f6bb mint 113 ezer a fert\u0151z\u00f6ttek sz\u00e1ma.<br \/>\n    Massachusetts korm\u00e1nyz\u00f3ja, Charlie Baker azt jelentette be, hogy az \u00e1llamban semmif\u00e9le \u00fczleti tev\u00e9kenys\u00e9get nem ind\u00edtanak \u00fajra m\u00e1jus 18-a el\u0151tt.<br \/>\n    Az iowai korm\u00e1nyz\u00f3, Kim Reynolds ugyanakkor kedden a gazdas\u00e1gi \u00e9let beind\u00edt\u00e1sa mellett foglalt \u00e1ll\u00e1st, kiemelve a h\u00fasfeldolgoz\u00f3 \u00fczemek nyitva tart\u00e1s\u00e1nak fontoss\u00e1g\u00e1t. &#8222;Alapvet\u0151, \u00e9letbev\u00e1g\u00f3 fontoss\u00e1g\u00fa az \u00e9lelmiszerell\u00e1t\u00e1s biztos\u00edt\u00e1sa&#8221; &#8211; fogalmazott a korm\u00e1nyz\u00f3. Hozz\u00e1f\u0171zte: &#8222;a farmerek, a h\u00fasfeldolgoz\u00f3k, az \u00e9lelmiszerell\u00e1t\u00f3k ir\u00e1nti k\u00f6telezetts\u00e9g\u00fcnk a gondoskod\u00e1s arr\u00f3l, hogy az embereknek tov\u00e1bbra is legyen \u00e9lelmiszer az asztalon&#8221;. A k\u00f6z\u00e9pnyugati Iowa az amerikai \u00e9lelmiszerell\u00e1t\u00e1s 10 sz\u00e1zal\u00e9k\u00e1t biztos\u00edtja.<br \/>\n    Donald Trump amerikai eln\u00f6k &#8211; a Ron DeSantis floridai korm\u00e1nyz\u00f3val a Feh\u00e9r H\u00e1zban folytatott megbesz\u00e9l\u00e9sei ut\u00e1n &#8211; \u00fajs\u00e1g\u00edr\u00f3knak azt mondta: a V\u00e9delmi Termel\u00e9si T\u00f6rv\u00e9nyt ig\u00e9nybe v\u00e9ve v\u00e1rhat\u00f3an eln\u00f6ki rendeletet \u00edr al\u00e1 a h\u00fasfeldolgoz\u00f3 \u00fczemek munk\u00e1j\u00e1nak k\u00f6telez\u0151 folytat\u00e1s\u00e1r\u00f3l. A c\u00e9l, mondta az eln\u00f6k, az \u00e9lelmiszerell\u00e1t\u00e1s biztons\u00e1ga.(MTI)<\/p>\n","protected":false},"excerpt":{"rendered":"<p>Az Egyes\u00fclt \u00c1llamokban meghaladta az egymilli\u00f3t a koronav\u00edrus-fert\u0151z\u00f6ttek sz\u00e1ma, \u00e9s t\u00f6bb mint 56 ezren hunytak el a v\u00edrus okozta Covid-19 nev\u0171 l\u00e9g\u00fati betegs\u00e9gben &#8211; jelentette kedden a baltimore-i Johns Hopkins egyetem \u00e9s k\u00f3rh\u00e1z.<\/p>\n","protected":false},"author":1001006,"featured_media":125817,"comment_status":"closed","ping_status":"open","sticky":false,"template":"","format":"standard","meta":[],"categories":[146,13,427],"tags":[428],"_links":{"self":[{"href":"https:\/\/gazdasagportal.hu\/index.php\/wp-json\/wp\/v2\/posts\/125958"}],"collection":[{"href":"https:\/\/gazdasagportal.hu\/index.php\/wp-json\/wp\/v2\/posts"}],"about":[{"href":"https:\/\/gazdasagportal.hu\/index.php\/wp-json\/wp\/v2\/types\/post"}],"author":[{"embeddable":true,"href":"https:\/\/gazdasagportal.hu\/index.php\/wp-json\/wp\/v2\/users\/1001006"}],"replies":[{"embeddable":true,"href":"https:\/\/gazdasagportal.hu\/index.php\/wp-json\/wp\/v2\/comments?post=125958"}],"version-history":[{"count":1,"href":"https:\/\/gazdasagportal.hu\/index.php\/wp-json\/wp\/v2\/posts\/125958\/revisions"}],"predecessor-version":[{"id":125959,"href":"https:\/\/gazdasagportal.hu\/index.php\/wp-json\/wp\/v2\/posts\/125958\/revisions\/125959"}],"wp:featuredmedia":[{"embeddable":true,"href":"https:\/\/gazdasagportal.hu\/index.php\/wp-json\/wp\/v2\/media\/125817"}],"wp:attachment":[{"href":"https:\/\/gazdasagportal.hu\/index.php\/wp-json\/wp\/v2\/media?parent=125958"}],"wp:term":[{"taxonomy":"category","embeddable":true,"href":"https:\/\/gazdasagportal.hu\/index.php\/wp-json\/wp\/v2\/categories?post=125958"},{"taxonomy":"post_tag","embeddable":true,"href":"https:\/\/gazdasagportal.hu\/index.php\/wp-json\/wp\/v2\/tags?post=125958"}],"curies":[{"name":"wp","href":"https:\/\/api.w.org\/{rel}","templated":true}]}}