{"id":125952,"date":"2020-04-28T17:10:29","date_gmt":"2020-04-28T15:10:29","guid":{"rendered":"http:\/\/gazdasagportal.hu\/?p=125952"},"modified":"2020-04-28T17:10:29","modified_gmt":"2020-04-28T15:10:29","slug":"dijmentes-autohasznalattal-es-szervizzel-segitik-az-autowallis-csoport-tagjai-a-koronavirus-ellen-kuzdo-egeszsegugyi-dolgozokat","status":"publish","type":"post","link":"https:\/\/gazdasagportal.hu\/index.php\/dijmentes-autohasznalattal-es-szervizzel-segitik-az-autowallis-csoport-tagjai-a-koronavirus-ellen-kuzdo-egeszsegugyi-dolgozokat\/","title":{"rendered":"D\u00edjmentes aut\u00f3haszn\u00e1lattal \u00e9s szervizzel seg\u00edtik az AutoWallis csoport tagjai a koronav\u00edrus ellen k\u00fczd\u0151 eg\u00e9szs\u00e9g\u00fcgyi dolgoz\u00f3kat"},"content":{"rendered":"<p><strong>T\u00f6bb sz\u00e1z, a koronav\u00edrus ellen harcol\u00f3 eg\u00e9szs\u00e9g\u00fcgyi dolgoz\u00f3t t\u00e1mogatnak ingyenes aut\u00f3haszn\u00e1lattal, szervizszolg\u00e1ltat\u00e1ssal \u00e9s g\u00e9pj\u00e1rm\u0171-fert\u0151tlen\u00edt\u00e9ssel az AutoWallis csoport tagjai. A t\u0151zsde aut\u00f3s v\u00e1llalata lehet\u0151s\u00e9geihez m\u00e9rten saj\u00e1t eszk\u00f6zeivel \u00e9s munkat\u00e1rsainak k\u00f6zrem\u0171k\u00f6d\u00e9s\u00e9vel seg\u00edti a j\u00e1rv\u00e1ny elleni k\u00fczdelmet. A t\u00e1mogat\u00e1st t\u00f6bb budapesti k\u00f3rh\u00e1z \u00e9s ker\u00fclet eg\u00e9szs\u00e9g\u00fcgyi dolgoz\u00f3i vehetik ig\u00e9nybe.<\/strong><!--more--><\/p>\n<div class=\"ads-in-post1\"><div id=\"gazdasagportal.hu_fullbanner_wideboard\"><\/div>\r\n<\/div>\n<p>A Budapesti \u00c9rt\u00e9kt\u0151zsd\u00e9n jegyzett AutoWallis Nyrt. tagv\u00e1llalatai, valamint az \u00e1ltaluk k\u00e9pviselt egyes m\u00e1rk\u00e1k t\u00f6bb sz\u00e1z, a koronav\u00edrus megf\u00e9kez\u00e9s\u00e9\u00e9rt k\u00fczd\u0151 eg\u00e9szs\u00e9g\u00fcgyi dolgoz\u00f3t t\u00e1mogatnak aut\u00f3haszn\u00e1lattal, szervizszolg\u00e1ltat\u00e1ssal \u00e9s g\u00e9pj\u00e1rm\u0171fert\u0151tlen\u00edt\u00e9ssel. A hazai aut\u00f3ipari szektor vezet\u0151 szerepl\u0151ik\u00e9nt emellett szervizd\u00edjbev\u00e9tel\u00fck bizonyos h\u00e1nyad\u00e1t a jelenlegi j\u00e1rv\u00e1nyhelyzethez kapcsol\u00f3d\u00f3 j\u00f3t\u00e9konys\u00e1gi c\u00e9lra is felaj\u00e1nlott\u00e1k. <strong>Ormosy G\u00e1bor, az AutoWallis Nyrt. vez\u00e9rigazgat\u00f3ja elmondta, hogy a csoport \u00e9s munkav\u00e1llal\u00f3i elk\u00f6telezettek a koronav\u00edrus elleni k\u00fczdelem ir\u00e1nt, \u00e9s maxim\u00e1lisan elismerik a v\u00edrus ellen a frontvonalban harcol\u00f3 eg\u00e9szs\u00e9g\u00fcgyi dolgoz\u00f3k munk\u00e1j\u00e1t. \u00c9ppen ez\u00e9rt lehet\u0151s\u00e9geikhez m\u00e9rten mindent megtesznek annak \u00e9rdek\u00e9ben, hogy saj\u00e1t eszk\u00f6zeik rendelkez\u00e9sre bocs\u00e1t\u00e1s\u00e1val \u00e9s munkat\u00e1rsaik k\u00f6zrem\u0171k\u00f6d\u00e9s\u00e9vel t\u00e1mogass\u00e1k az eg\u00e9szs\u00e9g\u00fcgyi dolgoz\u00f3kat h\u0151sies munk\u00e1jukban.<\/strong> A koronav\u00edrus miatti helyzetben az AutoWallis le\u00e1nyv\u00e1llalatai, a Wallis Automotive Europe, a Wallis British Motors, a Wallis Motor Duna, a Wallis Motor Pest, valamint a Wallis Aut\u00f3k\u00f6lcs\u00f6nz\u0151 bemutat\u00f3aut\u00f3ik, valamint szervizkapacit\u00e1saik egy r\u00e9sz\u00e9t aj\u00e1nlott\u00e1k fel k\u00fcl\u00f6nb\u00f6z\u0151 k\u00f3rh\u00e1zak, szervezetek, \u00e9s budapesti ker\u00fcletek eg\u00e9szs\u00e9g\u00fcgyi dolgoz\u00f3inak.<\/p>\n<p>A <strong>Wallis British Motors<\/strong>, mely \u00e1prilis \u00f3ta a Jaguar \u00e9s a Land Rover hazai forgalmaz\u00f3ja, <em>a <strong>f\u0151v\u00e1ros 9. ker\u00fclet\u00e9ben dolgoz\u00f3 eg\u00e9szs\u00e9g\u00fcgyi dolgoz\u00f3k r\u00e9sz\u00e9re<\/strong><\/em> felaj\u00e1nlotta, hogy a koronav\u00edrus miatt kihirdetett vesz\u00e9lyhelyzet ideje alatt heti 20 g\u00e9pj\u00e1rm\u0171 \u00f3zonos fert\u0151tlen\u00edt\u00e9s\u00e9t \u00e9s m\u0171szaki \u00e1tvizsg\u00e1l\u00e1s\u00e1t d\u00edjmentesen v\u00e9gzi el, hogy aut\u00f3ikat min\u00e9l biztons\u00e1gosabban haszn\u00e1lhass\u00e1k feladataik ell\u00e1t\u00e1s\u00e1ra. A Wallis British Motors emellett v\u00e1llalja, hogy az \u00e1tvizsg\u00e1l\u00e1s \u2013 a 9. ker\u00fcletben d\u00edjmentes hozom-viszem szolg\u00e1ltat\u00e1ssal lehet ig\u00e9nybe venni \u2013 sor\u00e1n felt\u00e1rt esetleges hib\u00e1k kijav\u00edt\u00e1s\u00e1n\u00e1l a munkad\u00edjb\u00f3l 50 sz\u00e1zal\u00e9k kedvezm\u00e9nyt biztos\u00edt, \u00e9s az \u00edgy megfizetett kedvezm\u00e9nyes d\u00edjat egy kiv\u00e1lasztott eg\u00e9szs\u00e9g\u00fcgyi int\u00e9zm\u00e9ny alap\u00edtv\u00e1ny\u00e1nak utalja \u00e1t, ezzel is seg\u00edtve a koronav\u00edrus elleni k\u00fczdelmet. A <strong>Wallis Automotive Europe (WAE)<\/strong>, az \u00e1ltala k\u00e9pviselt Ssangyong m\u00e1rka k\u00e9t j\u00e1rm\u0171v\u00e9t (Ssangyong Rexton \u00e9s Ssangyong Tivoli) aj\u00e1nlotta fel egy-egy h\u00f3napra a <strong><em>D\u00e9l-pesti Centrumk\u00f3rh\u00e1z<\/em><\/strong>nak. Az aut\u00f3kat Dr. Szl\u00e1vik J\u00e1nos, infektol\u00f3gus szakorvos, a k\u00f3rh\u00e1z infektol\u00f3giai oszt\u00e1ly\u00e1nak vezet\u0151je vette \u00e1t.<br \/>\n<div class=\"ads-in-post2\"><script async src=\"https:\/\/pagead2.googlesyndication.com\/pagead\/js\/adsbygoogle.js\"><\/script>\r\n<ins class=\"adsbygoogle\"\r\n     style=\"display:block\"\r\n     data-ad-format=\"fluid\"\r\n     data-ad-layout-key=\"-6t+ed+2i-1n-4w\"\r\n     data-ad-client=\"ca-pub-1959107119989764\"\r\n     data-ad-slot=\"4008251320\"><\/ins>\r\n<script>\r\n     (adsbygoogle = window.adsbygoogle || []).push({});\r\n<\/script><\/div>\nAz <strong><em>Etesd a dokit!<\/em><\/strong> mozgalmat, melynek \u00f6nk\u00e9ntesei naponta t\u00f6bb mint 100 adag meleg eb\u00e9det sz\u00e1ll\u00edtanak a k\u00f3rh\u00e1zakban helyt \u00e1ll\u00f3 orvosoknak \u00e9s n\u0151v\u00e9reknek, a WAE \u00e1ltal k\u00e9pviselt k\u00e9t m\u00e1rka is t\u00e1mogat: ingyenes haszn\u00e1latra k\u00e9t h\u00e9tre felaj\u00e1nlottak egy Range Rover Velart \u00e9s egy h\u00f3napra egy Ssangyong Korandot. A <strong>Wallis Aut\u00f3k\u00f6lcs\u00f6nz\u0151<\/strong>, mely a Sixt m\u00e1rk\u00e1t k\u00e9pviseli Magyarorsz\u00e1gon, k\u00e9t Opel Astra k\u00e9t-k\u00e9t h\u00f3napos haszn\u00e1lat\u00e1t aj\u00e1nlotta fel a <strong><em>D\u00e9l-pesti Centrumk\u00f3rh\u00e1z<\/em><\/strong> sz\u00e1m\u00e1ra. A <strong>Wallis Motor Duna \u00e9s Wallis Motor Pest, <\/strong>mely BMW \u00e9s MINI j\u00e1rm\u0171veket \u00e9rt\u00e9kes\u00edt, <strong><em>k\u00e9t budapesti ker\u00fclet k\u00f3rh\u00e1zainak<\/em><\/strong> (a 9. \u00e9s 14. ker\u00fcletben: Bethesda Gyermekk\u00f3rh\u00e1z, D\u00e9l-pesti Centrumk\u00f3rh\u00e1z, Heim P\u00e1l Gyermekk\u00f3rh\u00e1z, Honv\u00e9d K\u00f3rh\u00e1z, Szent L\u00e1szl\u00f3 K\u00f3rh\u00e1z, Uzsoki Utcai K\u00f3rh\u00e1z) eg\u00e9szs\u00e9g\u00fcgyi dolgoz\u00f3i sz\u00e1m\u00e1ra aj\u00e1nlotta fel, hogy m\u00e1jus v\u00e9g\u00e9ig g\u00e9pj\u00e1rm\u0171veiket \u00f3zonos technik\u00e1val fert\u0151tlen\u00edti, k\u00fcls\u0151 \u00e9s bels\u0151 takar\u00edt\u00e1ssal egyidej\u0171leg.<\/p><div id=\"gazda-1137647667\" class=\"gazda-tartalomban gazda-entity-placement\"><script async src=\"https:\/\/pagead2.googlesyndication.com\/pagead\/js\/adsbygoogle.js\"><\/script>\r\n<ins class=\"adsbygoogle\"\r\n     style=\"display:block\"\r\n     data-ad-format=\"fluid\"\r\n     data-ad-layout-key=\"-6t+ed+2i-1n-4w\"\r\n     data-ad-client=\"ca-pub-1959107119989764\"\r\n     data-ad-slot=\"4008251320\"><\/ins>\r\n<script>\r\n     (adsbygoogle = window.adsbygoogle || []).push({});\r\n<\/script><\/div>\n<p><strong>\u00a0<\/strong><\/p>\n<p>&nbsp;<\/p>\n<p><strong>\u00a0<\/strong><\/p>\n<p><strong>\u00a0<\/strong><\/p>\n<p><strong>Az AutoWallis Nyrt.<\/strong><\/p>\n<p>A Budapesti \u00c9rt\u00e9kt\u0151zsde Pr\u00e9mium kateg\u00f3ri\u00e1j\u00e1ban, valamint a BUX \u00e9s BUMIX indexekben jegyzett AutoWallis Nyrt. c\u00e9lja, hogy 2029-re a k\u00f6z\u00e9p-kelet-eur\u00f3pai r\u00e9gi\u00f3 meghat\u00e1roz\u00f3 mobilit\u00e1si szolg\u00e1ltat\u00f3ja legyen. A v\u00e1llalat 2018-as, nemzetk\u00f6zi p\u00e9nz\u00fcgyi besz\u00e1mol\u00e1si standardok (IFRS) alapj\u00e1n sz\u00e1m\u00edtott konszolid\u00e1lt 65,5 milli\u00e1rdos \u00e1rbev\u00e9tel\u00e9nek dupl\u00e1z\u00e1s\u00e1t tervezi 2024-re, melyet el\u0151sorban organikus \u00faton akar el\u00e9rni. A v\u00e1llalat c\u00e9lja emellett, hogy az aut\u00f3ipari befektet\u00e9sekre f\u00f3kusz\u00e1l\u00f3 befektet\u00e9si portf\u00f3li\u00f3j\u00e1nak folyamatos, akviz\u00edci\u00f3s \u00faton t\u00f6rt\u00e9n\u0151 sz\u00e9les\u00edt\u00e9s\u00e9vel klasszikus, konzervat\u00edv \u00fczletpolitik\u00e1t k\u00e9pvisel\u0151 vagyonkezel\u0151k\u00e9nt m\u0171k\u00f6dj\u00f6n. Az AutoWallis csoport a k\u00f6z\u00e9p-kelet-eur\u00f3pai r\u00e9gi\u00f3 14 orsz\u00e1g\u00e1ban (Alb\u00e1nia, Bosznia-Hercegovina, Csehorsz\u00e1g, Bulg\u00e1ria, Horv\u00e1torsz\u00e1g, Koszov\u00f3, Lengyelorsz\u00e1g, Rom\u00e1nia, Szerbia, Szlov\u00e1kia, Szlov\u00e9nia, \u00c9szak-Maced\u00f3nia, Magyarorsz\u00e1g, Montenegr\u00f3) g\u00e9pj\u00e1rm\u0171- \u00e9s alkatr\u00e9sz kis- \u00e9s nagykereskedelemmel, szerviz szolg\u00e1ltat\u00e1sokkal, r\u00f6vid- \u00e9s hossz\u00fa t\u00e1v\u00fa g\u00e9pj\u00e1rm\u0171-k\u00f6lcs\u00f6nz\u00e9ssel van jelen. A csoport tagjai k\u00f6z\u00e9 tartozik a Wallis Automotive Europe, a Wallis British Motors, a Wallis Motor Pest, a Wallis Motor Duna, valamint a Wallis Aut\u00f3k\u00f6lcs\u00f6nz\u0151. A csoport \u00e1ltal k\u00e9pviselt m\u00e1rk\u00e1k k\u00f6z\u00e9 tartoznak a BMW szem\u00e9lyaut\u00f3k \u00e9s motorker\u00e9kp\u00e1rok, a MINI, az Isuzu, a Jaguar, a Land Rover, a Maserati, a Ssangyong, a Saab alkatr\u00e9szek ut\u00e1np\u00f3tl\u00e1sa \u00e9s a Sixt rent-a-car, melyek k\u00f6z\u00fcl a BMW a pr\u00e9mium aut\u00f3piacon, m\u00edg a Sixt az aut\u00f3k\u00f6lcs\u00f6nz\u0151 piacon foglal el domin\u00e1ns poz\u00edci\u00f3t. <a href=\"http:\/\/www.autowallis.hu\" target=\"_blank\" rel=\"noopener\">www.autowallis.hu<\/a><\/p>\n","protected":false},"excerpt":{"rendered":"<p>T\u00f6bb sz\u00e1z, a koronav\u00edrus ellen harcol\u00f3 eg\u00e9szs\u00e9g\u00fcgyi dolgoz\u00f3t t\u00e1mogatnak ingyenes aut\u00f3haszn\u00e1lattal, szervizszolg\u00e1ltat\u00e1ssal \u00e9s g\u00e9pj\u00e1rm\u0171-fert\u0151tlen\u00edt\u00e9ssel az AutoWallis csoport tagjai. A t\u0151zsde aut\u00f3s v\u00e1llalata lehet\u0151s\u00e9geihez m\u00e9rten saj\u00e1t eszk\u00f6zeivel \u00e9s munkat\u00e1rsainak k\u00f6zrem\u0171k\u00f6d\u00e9s\u00e9vel seg\u00edti a j\u00e1rv\u00e1ny elleni k\u00fczdelmet. A t\u00e1mogat\u00e1st t\u00f6bb budapesti k\u00f3rh\u00e1z \u00e9s ker\u00fclet eg\u00e9szs\u00e9g\u00fcgyi dolgoz\u00f3i vehetik ig\u00e9nybe.<\/p>\n","protected":false},"author":1001006,"featured_media":0,"comment_status":"closed","ping_status":"open","sticky":false,"template":"","format":"standard","meta":[],"categories":[4,427,7],"tags":[428],"_links":{"self":[{"href":"https:\/\/gazdasagportal.hu\/index.php\/wp-json\/wp\/v2\/posts\/125952"}],"collection":[{"href":"https:\/\/gazdasagportal.hu\/index.php\/wp-json\/wp\/v2\/posts"}],"about":[{"href":"https:\/\/gazdasagportal.hu\/index.php\/wp-json\/wp\/v2\/types\/post"}],"author":[{"embeddable":true,"href":"https:\/\/gazdasagportal.hu\/index.php\/wp-json\/wp\/v2\/users\/1001006"}],"replies":[{"embeddable":true,"href":"https:\/\/gazdasagportal.hu\/index.php\/wp-json\/wp\/v2\/comments?post=125952"}],"version-history":[{"count":1,"href":"https:\/\/gazdasagportal.hu\/index.php\/wp-json\/wp\/v2\/posts\/125952\/revisions"}],"predecessor-version":[{"id":125953,"href":"https:\/\/gazdasagportal.hu\/index.php\/wp-json\/wp\/v2\/posts\/125952\/revisions\/125953"}],"wp:attachment":[{"href":"https:\/\/gazdasagportal.hu\/index.php\/wp-json\/wp\/v2\/media?parent=125952"}],"wp:term":[{"taxonomy":"category","embeddable":true,"href":"https:\/\/gazdasagportal.hu\/index.php\/wp-json\/wp\/v2\/categories?post=125952"},{"taxonomy":"post_tag","embeddable":true,"href":"https:\/\/gazdasagportal.hu\/index.php\/wp-json\/wp\/v2\/tags?post=125952"}],"curies":[{"name":"wp","href":"https:\/\/api.w.org\/{rel}","templated":true}]}}