{"id":125947,"date":"2020-04-28T14:14:40","date_gmt":"2020-04-28T12:14:40","guid":{"rendered":"http:\/\/gazdasagportal.hu\/?p=125947"},"modified":"2020-04-28T14:01:20","modified_gmt":"2020-04-28T12:01:20","slug":"ujraindul-a-termeles-a-kecskemeti-mercedes-benz-gyarban","status":"publish","type":"post","link":"https:\/\/gazdasagportal.hu\/index.php\/ujraindul-a-termeles-a-kecskemeti-mercedes-benz-gyarban\/","title":{"rendered":"\u00dajraindul a termel\u00e9s a kecskem\u00e9ti Mercedes-Benz gy\u00e1rban"},"content":{"rendered":"<p><strong>A koronav\u00edrus-vil\u00e1gj\u00e1rv\u00e1ny okozta t\u00f6bb hetes sz\u00fcnet ut\u00e1n a Mercedes-Benz 2020. \u00e1prilis 28-t\u00f3l fokozatosan \u00fajraind\u00edtja termel\u00e9s\u00e9t a kecskem\u00e9ti gy\u00e1r\u00e1ban. A fokozatos gy\u00e1rt\u00e1sind\u00edt\u00e1s alatt el\u0151sz\u00f6r egym\u0171szakos, k\u00e9s\u0151bb pedig k\u00e9tm\u0171szakos munkarendben t\u00f6rt\u00e9nik majd a munkav\u00e9gz\u00e9s. A gy\u00e1r legf\u0151bb c\u00e9lja, hogy a termel\u00e9s \u00fajraindul\u00e1sa ut\u00e1n is meg\u0151rizze munkat\u00e1rsai eg\u00e9szs\u00e9g\u00e9t, ez\u00e9rt a koll\u00e9g\u00e1k v\u00e9delme \u00e9rdek\u00e9ben \u00faj higi\u00e9n\u00e9s \u00e9s megel\u0151z\u0151 int\u00e9zked\u00e9seket vezettek be. <\/strong><!--more--><\/p>\n<div class=\"ads-in-post1\"><div id=\"gazdasagportal.hu_fullbanner_wideboard\"><\/div>\r\n<\/div>\n<p>A kecskem\u00e9ti Mercedes-Benz gy\u00e1r t\u00f6bb mint 4400 munkav\u00e1llal\u00f3t foglalkoztat, \u00edgy k\u00fcl\u00f6n\u00f6sen fontos, hogy mindent megtegyen a k\u00f6z\u00f6ss\u00e9g eg\u00e9szs\u00e9g\u00e9nek meg\u0151rz\u00e9se \u00e9rdek\u00e9ben. Mindezt pedig nem csup\u00e1n a gy\u00e1r ter\u00fclet\u00e9n, hanem m\u00e1r a munk\u00e1ba \u00e9s a hazafel\u00e9 vezet\u0151 \u00faton is.<\/p>\n<p>\u201eMunkav\u00e1llal\u00f3ink eg\u00e9szs\u00e9ge \u00e9s biztons\u00e1ga a legfontosabb sz\u00e1munkra, ez\u00e9rt tov\u00e1bbi szigor\u00fa higi\u00e9niai- \u00e9s v\u00e9d\u0151int\u00e9zked\u00e9seket vezett\u00fcnk be a termel\u00e9s \u00fajraind\u00edt\u00e1s\u00e1hoz kapcsol\u00f3d\u00f3an.<br \/>\n<a href=\"https:\/\/gazdasagportal.hu\/wp-content\/uploads\/2020\/04\/MercedesBenz-Kecskemet_ReStart20200428_7.jpg\"><img decoding=\"async\" loading=\"lazy\" src=\"https:\/\/gazdasagportal.hu\/wp-content\/uploads\/2020\/04\/MercedesBenz-Kecskemet_ReStart20200428_7-300x200.jpg\" alt=\"\" width=\"300\" height=\"200\" class=\"alignleft size-medium wp-image-125948\" srcset=\"https:\/\/gazdasagportal.hu\/wp-content\/uploads\/2020\/04\/MercedesBenz-Kecskemet_ReStart20200428_7-300x200.jpg 300w, https:\/\/gazdasagportal.hu\/wp-content\/uploads\/2020\/04\/MercedesBenz-Kecskemet_ReStart20200428_7-768x512.jpg 768w, https:\/\/gazdasagportal.hu\/wp-content\/uploads\/2020\/04\/MercedesBenz-Kecskemet_ReStart20200428_7-1024x683.jpg 1024w, https:\/\/gazdasagportal.hu\/wp-content\/uploads\/2020\/04\/MercedesBenz-Kecskemet_ReStart20200428_7.jpg 1800w\" sizes=\"(max-width: 300px) 100vw, 300px\" \/><\/a>Nagy k\u00f6sz\u00f6net illeti a koll\u00e9g\u00e1inkat, akik az elm\u00falt hetekben, a le\u00e1ll\u00e1s id\u0151szak\u00e1ban a munkat\u00e1rsak v\u00e9delm\u00e9re szolg\u00e1l\u00f3 t\u00f6bb mint 120 int\u00e9zked\u00e9st megval\u00f3s\u00edtott\u00e1k, \u00e9s ezzel el\u0151k\u00e9sz\u00edtett\u00e9k a gy\u00e1rat a biztons\u00e1gos \u00fajraindul\u00e1sra. Term\u00e9szetesen ezek a szab\u00e1lyok csak akkor \u00e9rnek valamit, ha azokat valamennyi munkat\u00e1rsunk betartja \u2013 \u00e9n azonban nagyon b\u00edzom abban, hogy a h\u00edres kecskem\u00e9ti csapatszellem most is seg\u00edteni fog nek\u00fcnk ebben\u201c \u2013 mondta Christian Wolff, a Mercedes-Benz Manufacturing Hungary Kft. \u00fcgyvezet\u0151 igazgat\u00f3ja.<\/p><div id=\"gazda-511171310\" class=\"gazda-tartalomban gazda-entity-placement\"><script async src=\"https:\/\/pagead2.googlesyndication.com\/pagead\/js\/adsbygoogle.js\"><\/script>\r\n<ins class=\"adsbygoogle\"\r\n     style=\"display:block\"\r\n     data-ad-format=\"fluid\"\r\n     data-ad-layout-key=\"-6t+ed+2i-1n-4w\"\r\n     data-ad-client=\"ca-pub-1959107119989764\"\r\n     data-ad-slot=\"4008251320\"><\/ins>\r\n<script>\r\n     (adsbygoogle = window.adsbygoogle || []).push({});\r\n<\/script><\/div>\n<p>&nbsp;<\/p>\n<p><strong>Int\u00e9zked\u00e9sek m\u00e1r az \u00fajraind\u00edt\u00e1s el\u0151tt<\/strong><\/p>\n<p>A bevezetett \u00faj szab\u00e1lyokr\u00f3l \u00e9s hasznos higi\u00e9n\u00e9s tudnival\u00f3kr\u00f3l a gy\u00e1r minden munkat\u00e1rsa m\u00e1r az els\u0151 munkanap el\u0151tt kapott egy t\u00e1j\u00e9koztat\u00f3 kisf\u00fczetet, \u00edgy azt a dolgoz\u00f3k m\u00e1r otthon is tanulm\u00e1nyozni tudt\u00e1k.\u00a0 Az els\u0151 munkanapon a bevezetett int\u00e9zked\u00e9sekr\u0151l mindenki egy k\u00f6telez\u0151 oktat\u00e1s sor\u00e1n is \u00e9rtes\u00fclni fog.<\/p>\n<div class=\"ads-in-post2\"><script async src=\"https:\/\/pagead2.googlesyndication.com\/pagead\/js\/adsbygoogle.js\"><\/script>\r\n<ins class=\"adsbygoogle\"\r\n     style=\"display:block\"\r\n     data-ad-format=\"fluid\"\r\n     data-ad-layout-key=\"-6t+ed+2i-1n-4w\"\r\n     data-ad-client=\"ca-pub-1959107119989764\"\r\n     data-ad-slot=\"4008251320\"><\/ins>\r\n<script>\r\n     (adsbygoogle = window.adsbygoogle || []).push({});\r\n<\/script><\/div>\nA c\u00e9g minden dolgoz\u00f3ja sz\u00e1m\u00e1ra moshat\u00f3 maszkokat k\u00fcld\u00f6tt, \u00edgy m\u00e1r az els\u0151 munkanapon ebben tudnak \u00e9rkezni a gy\u00e1rba. A v\u00e9d\u0151maszk helyes haszn\u00e1lat\u00e1r\u00f3l \u00e9s annak tiszt\u00edt\u00e1s\u00e1r\u00f3l szint\u00e9n a kisk\u00f6nyvben olvashat\u00f3 r\u00e9szletes t\u00e1j\u00e9koztat\u00e1s.<\/p>\n<p>&nbsp;<\/p>\n<p><strong>Meg\u00e9rkez\u00e9s a munkahelyre<\/strong><\/p>\n<p>Megv\u00e1ltoztak a gy\u00e1r ter\u00fclet\u00e9re t\u00f6rt\u00e9n\u0151 bel\u00e9p\u00e9s szab\u00e1lyai. A munkat\u00e1rsak munkaruh\u00e1ban \u00e9s munkav\u00e9delmi cip\u0151ben \u00e9rkeznek \u00e9s sorban \u00e1ll\u00e1skor legal\u00e1bb 1,5 m\u00e9teres t\u00e1vols\u00e1got kell tartani.<\/p>\n<p>Ugyanez a biztons\u00e1gi t\u00e1vols\u00e1g \u00e9rv\u00e9nyes a buszon t\u00f6rt\u00e9n\u0151 utaz\u00e1sn\u00e1l \u00e9s a meg\u00e1ll\u00f3kban, ebb\u0151l a c\u00e9lb\u00f3l megn\u00f6velt\u00e9k a gy\u00e1rhoz k\u00f6zleked\u0151 buszok sz\u00e1m\u00e1t is, a munkat\u00e1rsakat pedig maszk visel\u00e9s\u00e9re k\u00e9rik. Ugyanezek a szab\u00e1lyok \u00e9rv\u00e9nyesek az aut\u00f3s utaz\u00f3k\u00f6z\u00f6ss\u00e9gekre is.<\/p>\n<p>Nemr\u00e9g k\u00e9sz\u00fclt el a v\u00e1rosk\u00f6zpontb\u00f3l a gy\u00e1rig vezet\u0151 ker\u00e9kp\u00e1r\u00fat. A c\u00e9g arra sz\u00e1m\u00edt, hogy a tavasz bek\u00f6sz\u00f6nt\u00e9vel ism\u00e9t egyre t\u00f6bb munkat\u00e1rsuk fogja a biciklit v\u00e1lasztani a munk\u00e1ba j\u00e1r\u00e1s eszk\u00f6zek\u00e9nt \u2013 ezt a k\u00f6vetkez\u0151 hetekben egy bels\u0151 inform\u00e1ci\u00f3s kamp\u00e1ny is t\u00e1mogatja majd.<\/p>\n<p>&nbsp;<\/p>\n<p><strong>A gy\u00e1rt\u00e1sban<\/strong><\/p>\n<p>A le\u00e1ll\u00e1s heteiben a gy\u00e1rt\u00e1s munka\u00e1llom\u00e1sait \u00e1talak\u00edtott\u00e1k a minim\u00e1lis 1,5 m\u00e9teres biztons\u00e1gi t\u00e1vols\u00e1g figyelembe v\u00e9tel\u00e9vel, \u00e9s ehhez igaz\u00edtott\u00e1k magukat a munkafolyamatokat is. Azokon a munka\u00e1llom\u00e1sokon, ahol az 1,5 m\u00e9ter t\u00e1vols\u00e1g nem tarthat\u00f3, a munkat\u00e1rsaknak k\u00f6telez\u0151 maszkot viselni, illetve vagy v\u00e9d\u0151szem\u00fcveget vagy plexi v\u00e9d\u0151maszkot kell haszn\u00e1lni.<\/p>\n<p>A takar\u00edt\u00f3szolg\u00e1lat rendszeresen fert\u0151tlen\u00edti \u00e9s takar\u00edtja a gy\u00e1r ter\u00fclet\u00e9t. Ezenk\u00edv\u00fcl a munkat\u00e1rsaknak minden munkakezd\u00e9s el\u0151tt egy\u00e9nileg meg kell tiszt\u00edtaniuk saj\u00e1t munkater\u00fclet\u00fcket, a munkaeszk\u00f6z\u00f6ket, a kezel\u0151t\u00e1bl\u00e1kat \u00e9s v\u00e1laszfalakat. Ehhez tiszt\u00edt\u00f3szereket bocs\u00e1tanak a rendelkez\u00e9s\u00fckre.<\/p>\n<p>A k\u00e9s\u0151bbiekben indul\u00f3 k\u00e9tm\u0171szakos m\u0171k\u00f6d\u00e9sn\u00e9l a reggeli \u00e9s \u00e9jszakai m\u0171szakokat sz\u00e9tv\u00e1lasztj\u00e1k egym\u00e1st\u00f3l, \u00fagy, hogy az egyes m\u0171szakcsoportokhoz tartoz\u00f3 munkat\u00e1rsak lehet\u0151leg semmilyen m\u00e9rt\u00e9kben ne \u00e9rintkezzenek a m\u00e1sik m\u0171szakcsoporttal. Ennek \u00e9rdek\u00e9ben az egyes \u00fczemekben a m\u0171szakv\u00e1lt\u00e1skor haszn\u00e1latos \u00e1lland\u00f3 be- \u00e9s kij\u00e1ratokat hat\u00e1roztak meg.<\/p>\n<p>&nbsp;<\/p>\n<p><strong>Munkak\u00f6zi sz\u00fcnetek<\/strong><\/p>\n<p>A munkat\u00e1rsak biztons\u00e1ga \u00e9rdek\u00e9ben \u00e1talak\u00edtott\u00e1k a pihen\u0151z\u00f3n\u00e1kat, meghat\u00e1rozt\u00e1k az egyszerre ott tart\u00f3zkod\u00f3k sz\u00e1m\u00e1t. Kijel\u00f6lt\u00e9k a sz\u00e9kek helyeit a padl\u00f3n, amelyeket tilos elmozd\u00edtani.<\/p>\n<p>Az \u00e9tkez\u00e9sekre \u00e9s az \u00e9tkez\u0151k, konyh\u00e1k haszn\u00e1lat\u00e1ra vonatkoz\u00f3 szab\u00e1lyokat is \u00e1talak\u00edtott\u00e1k. A gy\u00e1r ter\u00fclet\u00e9n l\u00e9v\u0151 \u00e9tel- \u00e9s italautomat\u00e1k eset\u00e9ben b\u0151v\u00edtett\u00e9k a bankk\u00e1rty\u00e1s fizet\u00e9si lehet\u0151s\u00e9geket, ezzel cs\u00f6kkentve az \u00e9rint\u00e9sek sz\u00e1m\u00e1t.<\/p>\n<p>Az \u00fczemi \u00e9tkezd\u00e9kben lesz\u0171k\u00edtett\u00e9k a men\u00fcv\u00e1laszt\u00e9kot \u00e9s megk\u00e9rt\u00e9k a koll\u00e9g\u00e1kat, hogy saj\u00e1t ev\u0151eszk\u00f6zeiket haszn\u00e1ljak vagy a t\u00e1lc\u00e1kkal egy\u00fctt a szem\u00e9lyzett\u0151l vegy\u00e9k el. A sz\u00e9kek hely\u00e9t itt is kijel\u00f6lt\u00e9k, \u00fcgyelve a 1,5 m\u00e9teres t\u00e1vols\u00e1gok betart\u00e1s\u00e1ra. A kantinokban jel\u00f6l\u00e9seket festettek fel a padl\u00f3ra a helyes t\u00e1vols\u00e1g betart\u00e1s\u00e1hoz, a p\u00e9nzt\u00e1rakn\u00e1l pedig a v\u00e9delmet szolg\u00e1l\u00f3 plexi v\u00e1laszfalakat szereltek fel.<\/p>\n<p>&nbsp;<\/p>\n<p><strong>Irodai munkav\u00e9gz\u00e9s<\/strong><\/p>\n<p>Az adminisztr\u00e1ci\u00f3s ter\u00fcleten azoknak a munkat\u00e1rsaknak, akiknek tev\u00e9kenys\u00e9ge ezt lehet\u0151v\u00e9 teszi, tov\u00e1bbra is home office-ban t\u00f6rt\u00e9n\u0151 munkav\u00e9gz\u00e9st aj\u00e1nlj\u00e1k. A megbesz\u00e9l\u00e9seket lehet\u0151s\u00e9g szerint digit\u00e1lis form\u00e1ban kell lebonyol\u00edtani. Ak\u00e1rcsak a gy\u00e1rt\u00f3csarnokban, az irod\u00e1kban is az \u00e9rv\u00e9nyes, hogy minim\u00e1lisan 1,5 m\u00e9teres t\u00e1vols\u00e1got kell tartani, ezt az asztalcsoportok kialak\u00edt\u00e1s\u00e1n\u00e1l is figyelembe vett\u00e9k.<\/p>\n<p>Saj\u00e1t \u00edr\u00f3asztal\u00e1t a munka elej\u00e9n \u00e9s v\u00e9g\u00e9n minden munkat\u00e1rsnak fert\u0151tlen\u00edtenie kell. A t\u00e1rgyal\u00f3termek eset\u00e9ben meghat\u00e1rozt\u00e1k, hogy legfeljebb h\u00e1ny f\u0151 tart\u00f3zkodhat egyszerre a helyis\u00e9gben, ahol szint\u00e9n legal\u00e1bb 1,5 m\u00e9teres t\u00e1vols\u00e1got kell tartani.<\/p>\n<p>&nbsp;<\/p>\n<p><strong>Egy l\u00e9p\u00e9s a megszokott \u00e9let fel\u00e9<\/strong><\/p>\n<p>Ez csup\u00e1n egy kivonat abb\u00f3l a t\u00f6bb mint 120 int\u00e9zked\u00e9sb\u0151l, amelyekr\u0151l a v\u00e1llalat \u00fcgyvezet\u00e9se d\u00f6nt\u00f6tt, \u00e9s a bels\u0151 \u00fczemorvosi szolg\u00e1lattal egyeztetve, a nemzetk\u00f6zi, nemzeti \u00e9s helyi hat\u00f3s\u00e1gok aj\u00e1nl\u00e1sai alapj\u00e1n az \u00fajraindul\u00e1shoz bevezet\u00e9sre ker\u00fcltek.<\/p>\n<p>Christian Wolff, a Mercedes-Benz Manufacturing Hungary Kft. \u00fcgyvezet\u0151je elmondta: \u201eA bevezetett int\u00e9zked\u00e9seknek k\u00f6sz\u00f6nhet\u0151en felk\u00e9sz\u00fclt\u00fcnk a termel\u00e9s \u00fajraind\u00edt\u00e1s\u00e1ra a kecskem\u00e9ti Mercedes-Benz gy\u00e1rban. \u00d6r\u00f6mmel v\u00e1rjuk, hogy egy\u00fctt ism\u00e9t egy kis l\u00e9p\u00e9st tehess\u00fcnk a norm\u00e1l \u00e9lethez visszavezet\u0151 \u00faton, \u00e9s \u00fajra megkezdhess\u00fck az aut\u00f3k gy\u00e1rt\u00e1s\u00e1t.\u201c<\/p>\n","protected":false},"excerpt":{"rendered":"<p>A koronav\u00edrus-vil\u00e1gj\u00e1rv\u00e1ny okozta t\u00f6bb hetes sz\u00fcnet ut\u00e1n a Mercedes-Benz 2020. \u00e1prilis 28-t\u00f3l fokozatosan \u00fajraind\u00edtja termel\u00e9s\u00e9t a kecskem\u00e9ti gy\u00e1r\u00e1ban. A fokozatos gy\u00e1rt\u00e1sind\u00edt\u00e1s alatt el\u0151sz\u00f6r egym\u0171szakos, k\u00e9s\u0151bb pedig k\u00e9tm\u0171szakos munkarendben t\u00f6rt\u00e9nik majd a munkav\u00e9gz\u00e9s. A gy\u00e1r legf\u0151bb c\u00e9lja, hogy a termel\u00e9s \u00fajraindul\u00e1sa ut\u00e1n is meg\u0151rizze munkat\u00e1rsai eg\u00e9szs\u00e9g\u00e9t, ez\u00e9rt a koll\u00e9g\u00e1k v\u00e9delme \u00e9rdek\u00e9ben \u00faj higi\u00e9n\u00e9s \u00e9s megel\u0151z\u0151 int\u00e9zked\u00e9seket &#8230;<\/p>\n","protected":false},"author":1001006,"featured_media":125948,"comment_status":"closed","ping_status":"open","sticky":false,"template":"","format":"standard","meta":[],"categories":[146,19],"tags":[],"_links":{"self":[{"href":"https:\/\/gazdasagportal.hu\/index.php\/wp-json\/wp\/v2\/posts\/125947"}],"collection":[{"href":"https:\/\/gazdasagportal.hu\/index.php\/wp-json\/wp\/v2\/posts"}],"about":[{"href":"https:\/\/gazdasagportal.hu\/index.php\/wp-json\/wp\/v2\/types\/post"}],"author":[{"embeddable":true,"href":"https:\/\/gazdasagportal.hu\/index.php\/wp-json\/wp\/v2\/users\/1001006"}],"replies":[{"embeddable":true,"href":"https:\/\/gazdasagportal.hu\/index.php\/wp-json\/wp\/v2\/comments?post=125947"}],"version-history":[{"count":1,"href":"https:\/\/gazdasagportal.hu\/index.php\/wp-json\/wp\/v2\/posts\/125947\/revisions"}],"predecessor-version":[{"id":125949,"href":"https:\/\/gazdasagportal.hu\/index.php\/wp-json\/wp\/v2\/posts\/125947\/revisions\/125949"}],"wp:featuredmedia":[{"embeddable":true,"href":"https:\/\/gazdasagportal.hu\/index.php\/wp-json\/wp\/v2\/media\/125948"}],"wp:attachment":[{"href":"https:\/\/gazdasagportal.hu\/index.php\/wp-json\/wp\/v2\/media?parent=125947"}],"wp:term":[{"taxonomy":"category","embeddable":true,"href":"https:\/\/gazdasagportal.hu\/index.php\/wp-json\/wp\/v2\/categories?post=125947"},{"taxonomy":"post_tag","embeddable":true,"href":"https:\/\/gazdasagportal.hu\/index.php\/wp-json\/wp\/v2\/tags?post=125947"}],"curies":[{"name":"wp","href":"https:\/\/api.w.org\/{rel}","templated":true}]}}