{"id":125945,"date":"2020-04-28T13:56:31","date_gmt":"2020-04-28T11:56:31","guid":{"rendered":"http:\/\/gazdasagportal.hu\/?p=125945"},"modified":"2020-04-28T13:56:31","modified_gmt":"2020-04-28T11:56:31","slug":"majusban-kinyitnak-az-ettermek-es-a-szallodak-ausztriaban","status":"publish","type":"post","link":"https:\/\/gazdasagportal.hu\/index.php\/majusban-kinyitnak-az-ettermek-es-a-szallodak-ausztriaban\/","title":{"rendered":"M\u00e1jusban kinyitnak az \u00e9ttermek \u00e9s a sz\u00e1llod\u00e1k Ausztri\u00e1ban"},"content":{"rendered":"<p><strong>M\u00e1jus 15-\u00e9n kinyithatnak az \u00e9ttermek, m\u00e1jus 29-\u00e9n pedig a sz\u00e1llod\u00e1k, az uszod\u00e1k \u00e9s a szabadid\u0151s l\u00e9tes\u00edtm\u00e9nyek (\u00e1llatkertek, turisztikai l\u00e1tnival\u00f3k) Ausztri\u00e1ban &#8211; jelentette be Elisabeth K\u00f6stinger turizmus\u00e9rt is felel\u0151s miniszter kedden egy b\u00e9csi sajt\u00f3t\u00e1j\u00e9koztat\u00f3n.<\/strong><!--more--><\/p>\n<div class=\"ads-in-post1\"><div id=\"gazdasagportal.hu_fullbanner_wideboard\"><\/div>\r\n<\/div>\n<p>    A lakoss\u00e1g \u00e9s a v\u00e1llalkoz\u00e1sok legh\u0151bb v\u00e1gya, hogy az \u00e9let visszat\u00e9rjen a norm\u00e1lis ker\u00e9kv\u00e1g\u00e1sba &#8211; jelentette ki K\u00f6stinger. Mint mondta, az enyh\u00edt\u00e9seket fokozatosan, k\u00e9thetente l\u00e9ptetik \u00e9letbe, \u00edgy a v\u00e1llalkoz\u00e1sok felk\u00e9sz\u00fclhetnek a nyit\u00e1sra.<br \/>\n    Szigor\u00fa \u00f3vint\u00e9zked\u00e9sek mellett nyithatnak ki az \u00e9ttermek \u00e9s a sz\u00e1llod\u00e1k &#8211; hangs\u00falyozta a miniszter asszony. Kifejtette: az \u00e9ttermekben egy asztaln\u00e1l legfeljebb n\u00e9gy feln\u0151tt \u00e9s a hozz\u00e1juk tartoz\u00f3 gyermekek \u00fclhetnek, az asztaln\u00e1l \u00fcl\u0151kre ugyanakkor nem vonatkozik az egym\u00e9teres t\u00e1vols\u00e1g betart\u00e1sa, a szem\u00e9lyzetnek pedig sz\u00e1jmaszkot kell viselnie. Az \u00e9ttermek reggel hat \u00f3r\u00e1t\u00f3l 23 \u00f3r\u00e1ig tarthatnak nyitva.<\/p>\n<p>    Rudolf Anschober (Z\u00f6ldek) eg\u00e9szs\u00e9g\u00fcgyi miniszter ismertette, hogy az uszod\u00e1k \u00e9s a szabadid\u0151s l\u00e9tes\u00edtm\u00e9nyek \u00fczemeltet\u00e9s\u00e9re vonatkoz\u00f3 \u00f3vint\u00e9zked\u00e9sek kidolgoz\u00e1sa m\u00e9g folyamatban van, tov\u00e1bbra is l\u00e9nyeges ugyanis, hogy a koronav\u00edrus esetleges terjed\u00e9s\u00e9vel kapcsolatos kock\u00e1zatokat kiz\u00e1rj\u00e1k. Kifejtette: vizsg\u00e1lj\u00e1k egyebek k\u00f6z\u00f6tt, hogy a v\u00edzben mekkora a SARS-Cov-2 v\u00edrus terjed\u00e9s\u00e9nek val\u00f3sz\u00edn\u0171s\u00e9ge. A t\u00e1rcavezet\u0151 az \u00e1prilis v\u00e9g\u00e9ig hat\u00e1lyban l\u00e9v\u0151 kij\u00e1r\u00e1si korl\u00e1toz\u00e1sokkal kapcsolatban bejelentette: m\u00e1jus elsej\u00e9n \u00faj, j\u00fanius v\u00e9g\u00e9ig tart\u00f3 szab\u00e1lyoz\u00e1s l\u00e9p \u00e9letbe; eszerint a j\u00f6v\u0151ben enged\u00e9lyezik a legfeljebb t\u00edzf\u0151s \u00f6sszej\u00f6veteleket. A koronav\u00edrus elleni k\u00fczdelem fontos r\u00e9sz\u00e9nek nevezte a sz\u00e1jmaszk visel\u00e9s\u00e9t.<br \/>\n    Felh\u00edvta a figyelmet arra, hogy a korl\u00e1toz\u00e1sok enyh\u00edt\u00e9s\u00e9nek ellen\u00e9re tov\u00e1bbra is \u00f3vatosnak kell lenni.<br \/>\n<div class=\"ads-in-post2\"><script async src=\"https:\/\/pagead2.googlesyndication.com\/pagead\/js\/adsbygoogle.js\"><\/script>\r\n<ins class=\"adsbygoogle\"\r\n     style=\"display:block\"\r\n     data-ad-format=\"fluid\"\r\n     data-ad-layout-key=\"-6t+ed+2i-1n-4w\"\r\n     data-ad-client=\"ca-pub-1959107119989764\"\r\n     data-ad-slot=\"4008251320\"><\/ins>\r\n<script>\r\n     (adsbygoogle = window.adsbygoogle || []).push({});\r\n<\/script><\/div>\n    Karl Nehammer bel\u00fcgyminiszter elmondta, hogy a j\u00f6v\u0151ben a t\u00fcntet\u00e9seken k\u00f6telez\u0151v\u00e9 teszik legal\u00e1bb egy m\u00e9ter t\u00e1vols\u00e1g tart\u00e1s\u00e1t \u00e9s a sz\u00e1jmaszk visel\u00e9s\u00e9t, mivel felm\u00e9rhetetlen a fert\u0151z\u00e9svesz\u00e9ly. A szervez\u0151knek garant\u00e1lniuk kell, hogy ezeknek a k\u00f6vetelm\u00e9nyeknek a r\u00e9sztvev\u0151k eleget tesznek. Hangs\u00falyozta azt is, hogy a koronav\u00edrus-j\u00e1rv\u00e1nyt m\u00e9g nem siker\u00fclt legy\u0151zni, tov\u00e1bbra is jelen van, \u00e9s emiatt sz\u00fcks\u00e9g van az \u00f3vint\u00e9zked\u00e9sek \u00e9rv\u00e9nyben tart\u00e1s\u00e1ra. A rend\u0151rs\u00e9g tov\u00e1bbra is ellen\u0151rzi, betartj\u00e1k-e az emberek a k\u00f6telez\u0151 egy m\u00e9ter t\u00e1vols\u00e1got.<br \/>\n    Nehammer besz\u00e1molt arr\u00f3l is, hogy a rend\u0151rs\u00e9g a koronav\u00edrussal \u00f6sszef\u00fcgg\u0151 \u00f3vint\u00e9zked\u00e9sek megszeg\u00e9se miatt m\u00e1r harmincezer feljelent\u00e9st tett, \u00e9s 3600-szor szabott ki helysz\u00edni b\u00edrs\u00e1got; ugyanakkor a szab\u00e1lyszeg\u00e9sek sz\u00e1ma napi 1400-r\u00f3l h\u00e1romsz\u00e1zra cs\u00f6kkent. Arr\u00f3l is besz\u00e9lt, hogy naponta t\u00edzezer j\u00e1r\u0151r teljes\u00edt szolg\u00e1latot. Id\u0151szer\u0171nek nevezte, hogy 2023-ig 2250-nel emelj\u00e9k a rend\u0151rs\u00e9g l\u00e9tsz\u00e1m\u00e1t.<br \/>\n    Bejelentette, hogy a Traiskirchenben \u00e9s Bergheimben l\u00e9v\u0151 menek\u00fclt\u00fcgyi k\u00f6zpontokba a karant\u00e9nnal \u00f6sszef\u00fcgg\u0151 rendelkez\u00e9sek miatt \u00e1prilis v\u00e9g\u00e9ig nem vesznek fel \u00fajabb lak\u00f3kat; eddig ugyanis m\u00e1r 14 mened\u00e9kk\u00e9r\u0151 koronav\u00edrustesztje pozit\u00edv lett: k\u00f6z\u00fcl\u00fck tizenegyet id\u0151k\u00f6zben gy\u00f3gyultt\u00e1 nyilv\u00e1n\u00edtottak &#8211; tette hozz\u00e1.(MTI)<\/p><div id=\"gazda-2072994403\" class=\"gazda-tartalomban gazda-entity-placement\"><script async src=\"https:\/\/pagead2.googlesyndication.com\/pagead\/js\/adsbygoogle.js\"><\/script>\r\n<ins class=\"adsbygoogle\"\r\n     style=\"display:block\"\r\n     data-ad-format=\"fluid\"\r\n     data-ad-layout-key=\"-6t+ed+2i-1n-4w\"\r\n     data-ad-client=\"ca-pub-1959107119989764\"\r\n     data-ad-slot=\"4008251320\"><\/ins>\r\n<script>\r\n     (adsbygoogle = window.adsbygoogle || []).push({});\r\n<\/script><\/div>\n","protected":false},"excerpt":{"rendered":"<p>M\u00e1jus 15-\u00e9n kinyithatnak az \u00e9ttermek, m\u00e1jus 29-\u00e9n pedig a sz\u00e1llod\u00e1k, az uszod\u00e1k \u00e9s a szabadid\u0151s l\u00e9tes\u00edtm\u00e9nyek (\u00e1llatkertek, turisztikai l\u00e1tnival\u00f3k) Ausztri\u00e1ban &#8211; jelentette be Elisabeth K\u00f6stinger turizmus\u00e9rt is felel\u0151s miniszter kedden egy b\u00e9csi sajt\u00f3t\u00e1j\u00e9koztat\u00f3n.<\/p>\n","protected":false},"author":1001006,"featured_media":0,"comment_status":"closed","ping_status":"open","sticky":false,"template":"","format":"standard","meta":[],"categories":[12,427],"tags":[],"_links":{"self":[{"href":"https:\/\/gazdasagportal.hu\/index.php\/wp-json\/wp\/v2\/posts\/125945"}],"collection":[{"href":"https:\/\/gazdasagportal.hu\/index.php\/wp-json\/wp\/v2\/posts"}],"about":[{"href":"https:\/\/gazdasagportal.hu\/index.php\/wp-json\/wp\/v2\/types\/post"}],"author":[{"embeddable":true,"href":"https:\/\/gazdasagportal.hu\/index.php\/wp-json\/wp\/v2\/users\/1001006"}],"replies":[{"embeddable":true,"href":"https:\/\/gazdasagportal.hu\/index.php\/wp-json\/wp\/v2\/comments?post=125945"}],"version-history":[{"count":1,"href":"https:\/\/gazdasagportal.hu\/index.php\/wp-json\/wp\/v2\/posts\/125945\/revisions"}],"predecessor-version":[{"id":125946,"href":"https:\/\/gazdasagportal.hu\/index.php\/wp-json\/wp\/v2\/posts\/125945\/revisions\/125946"}],"wp:attachment":[{"href":"https:\/\/gazdasagportal.hu\/index.php\/wp-json\/wp\/v2\/media?parent=125945"}],"wp:term":[{"taxonomy":"category","embeddable":true,"href":"https:\/\/gazdasagportal.hu\/index.php\/wp-json\/wp\/v2\/categories?post=125945"},{"taxonomy":"post_tag","embeddable":true,"href":"https:\/\/gazdasagportal.hu\/index.php\/wp-json\/wp\/v2\/tags?post=125945"}],"curies":[{"name":"wp","href":"https:\/\/api.w.org\/{rel}","templated":true}]}}