{"id":125909,"date":"2020-04-27T15:32:57","date_gmt":"2020-04-27T13:32:57","guid":{"rendered":"http:\/\/gazdasagportal.hu\/?p=125909"},"modified":"2020-04-27T15:32:57","modified_gmt":"2020-04-27T13:32:57","slug":"mazars-kurzarbeit-2-0-feladtak-a-lecket","status":"publish","type":"post","link":"https:\/\/gazdasagportal.hu\/index.php\/mazars-kurzarbeit-2-0-feladtak-a-lecket\/","title":{"rendered":"MAZARS: KURZARBEIT 2.0 &#8211; feladt\u00e1k a leck\u00e9t"},"content":{"rendered":"<p style=\"font-weight: 400;\"><strong>Egy h\u00e9t sem telt el az\u00f3ta, hogy a r\u00f6vid\u00edtett munkav\u00e9gz\u00e9s (a n\u00e9metb\u0151l \u00e1tvett kifejez\u00e9ssel: Kurzarbeit) eset\u00e9n adhat\u00f3 \u00e1llami b\u00e9rt\u00e1mogat\u00e1s rendszere jogszab\u00e1ly form\u00e1j\u00e1ban megjelent, de a koncepci\u00f3 m\u00e1ris fel\u00fclvizsg\u00e1latra szorult. A bevezetni tervezett rendszer els\u0151 k\u00f6rben nem aratott osztatlan sikert a piaci szerepl\u0151k k\u00f6z\u00f6tt. A t\u00e1mogat\u00e1s t\u00fals\u00e1gosan sz\u0171k k\u00f6rben volt ig\u00e9nybe vehet\u0151, az ig\u00e9nyl\u00e9s menete pedig t\u00falbonyol\u00edtottnak t\u0171nt. A 2.0-\u00e1s verzi\u00f3 kiterjeszti az alkalmaz\u00e1si k\u00f6rt \u00e9s laz\u00edt az adminisztr\u00e1ci\u00f3n is, de emellett a 105\/2020. (IV.10.) Korm\u00e1nyrendelet tov\u00e1bbi komplex felt\u00e9telrendszer\u00e9nek is meg kell felelni. A munk\u00e1ltat\u00f3k sz\u00e1m\u00e1ra \u201efel van adva teh\u00e1t a lecke\u201d, ha gyors d\u00f6nt\u00e9st akarnak hozni a t\u00e1mogat\u00e1s ig\u00e9nyl\u00e9s\u00e9t illet\u0151en, mert\u00a0<\/strong><strong>\u00e1prilis 30.\u00a0<\/strong><strong>a beny\u00fajt\u00e1si hat\u00e1rid\u0151.\u00a0<\/strong><strong>A MAZARS \u00f6sszefoglal\u00f3j\u00e1ban az \u00fajragondolt rendszer legl\u00e9nyegesebb jellemz\u0151i olvashat\u00f3k a be\u00e9p\u00edtett v\u00e1ltoz\u00e1sokkal.<\/strong><\/p>\n<p><!--more--><\/p>\n<div class=\"ads-in-post1\"><div id=\"gazdasagportal.hu_fullbanner_wideboard\"><\/div>\r\n<\/div>\n<p style=\"font-weight: 400;\">\n<p style=\"font-weight: 400;\"><em>\u201eFenn\u00e1ll a lehet\u0151s\u00e9ge annak, hogy a t\u00e1mogat\u00e1sk\u00e9nt ny\u00fajtott \u00f6sszeget a Nemzeti Foglalkoztat\u00e1si Alap fel\u00e9 vissza kell t\u00e9r\u00edteni, ez\u00e9rt\u00a0<strong>fokozott k\u00f6r\u00fcltekint\u00e9ssel kell elj\u00e1rni az ig\u00e9nyl\u00e9s sor\u00e1n. V\u00e1llalatunk kalkul\u00e1ci\u00f3k k\u00e9sz\u00edt\u00e9s\u00e9vel is seg\u00edt, melyb\u0151l egy\u00e9rtelm\u0171en meg\u00e1llap\u00edthat\u00f3, hogy az egyes esetekben mekkora k\u00f6lts\u00e9ggel j\u00e1r a Kurzarbeit bevezet\u00e9se, \u00e9s mindez mit jelent a munkav\u00e1llal\u00f3 sz\u00e1m\u00e1ra.\u201d\u00a0<\/strong><\/em><strong>&#8211; emelte ki H. Nagy D\u00e1niel, a MAZARS ad\u00f3igazgat\u00f3ja.<\/strong><\/p>\n<p style=\"font-weight: 400;\">\n<p style=\"font-weight: 400;\"><strong>Abban az esetben, ha a munkav\u00e1llal\u00f3 munkaideje a vesz\u00e9lyhelyzet kihirdet\u00e9s\u00e9t k\u00f6vet\u0151en (2020.03.11) m\u00f3dos\u00edt\u00e1sra ker\u00fcl(t) oly m\u00f3don, hogy az eredeti munkaid\u0151 25-85 sz\u00e1zal\u00e9k\u00e1ra cs\u00f6kkent (napi 2 \u00e9s 6, 8 \u00f3ra k\u00f6z\u00f6tti munkaviszonyra m\u00f3dosul), \u00fagy ig\u00e9nybe vehet\u0151 a foglalkoztat\u00e1si t\u00e1mogat\u00e1s.<\/strong>\u00a0Ehhez az is sz\u00fcks\u00e9ges lehet, hogy\u00a0<strong>a felek a cs\u00f6kkentett munkaid\u0151n t\u00fali, \u00fan. egy\u00e9ni fejleszt\u00e9si id\u0151ben \u00e1llapodnak meg.<\/strong>\u00a0Ez azonban m\u00e1r csak akkor k\u00f6telez\u0151, ha a munkaid\u0151 az eredeti 50 sz\u00e1zal\u00e9ka felett marad. Az egy\u00e9ni fejleszt\u00e9si id\u0151r\u0151l annyit lehet tudni, hogy ez a kies\u0151 munkaid\u0151 30 sz\u00e1zal\u00e9ka, \u00e9s a munkav\u00e1llal\u00f3t munkab\u00e9r erre az id\u0151re is megilleti, annak ellen\u00e9re, hogy munkav\u00e9gz\u00e9si k\u00f6telezetts\u00e9g nem, csak rendelkez\u00e9sre \u00e1ll\u00e1si k\u00f6telezetts\u00e9g terheli.\u00a0<strong>Egy\u00e9rtelm\u0171v\u00e9 v\u00e1lt, hogy a szab\u00e1lyok a t\u00e1vmunka \u00e9s az otthoni munkav\u00e9gz\u00e9s eset\u00e9n is alkalmazhat\u00f3k.<\/strong><\/p><div id=\"gazda-17737287\" class=\"gazda-tartalomban gazda-entity-placement\"><script async src=\"https:\/\/pagead2.googlesyndication.com\/pagead\/js\/adsbygoogle.js\"><\/script>\r\n<ins class=\"adsbygoogle\"\r\n     style=\"display:block\"\r\n     data-ad-format=\"fluid\"\r\n     data-ad-layout-key=\"-6t+ed+2i-1n-4w\"\r\n     data-ad-client=\"ca-pub-1959107119989764\"\r\n     data-ad-slot=\"4008251320\"><\/ins>\r\n<script>\r\n     (adsbygoogle = window.adsbygoogle || []).push({});\r\n<\/script><\/div>\n<p style=\"font-weight: 400;\">\n<p style=\"font-weight: 400;\"><strong>Fontos, hogy a munkaszerz\u0151d\u00e9st k\u00fcl\u00f6n nem kell m\u00f3dos\u00edtani, elegend\u0151 a k\u00f6z\u00f6s t\u00e1mogat\u00e1s ig\u00e9nyl\u00e9s. Az \u00e1llami t\u00e1mogat\u00e1s m\u00e9rt\u00e9ke az alapb\u00e9r nett\u00f3 \u00f6sszeg\u00e9nek a kies\u0151 munkaid\u0151re j\u00e1r\u00f3 ar\u00e1nyos r\u00e9sz\u00e9nek 70 sz\u00e1zal\u00e9ka.<\/strong>\u00a0A t\u00e1mogat\u00e1s a k\u00e9relem beny\u00fajt\u00e1s\u00e1t k\u00f6vet\u0151 id\u0151szakra, h\u00e1rom h\u00f3napos id\u0151tartamra \u00e1llap\u00edthat\u00f3 meg, \u00e9s ut\u00f3lag foly\u00f3s\u00edtj\u00e1k a munkav\u00e1llal\u00f3nak.\u00a0<strong>Ha m\u00e1r m\u00e1jusra is ig\u00e9nybe k\u00edv\u00e1nj\u00e1k venni a t\u00e1mogat\u00e1st, \u00e1prilis 30-ig be kell ny\u00fajtani a k\u00e9relmet.<\/strong><\/p>\n<p style=\"font-weight: 400;\">\n<p style=\"font-weight: 400;\">Az esetek egy r\u00e9sz\u00e9ben a munkav\u00e1llal\u00f3 nett\u00f3 juttat\u00e1sa nem v\u00e1ltozik, a cs\u00f6kkentett munkaid\u0151 miatt kiesett id\u0151re jut\u00f3 b\u00e9rt 30 sz\u00e1zal\u00e9kban a munk\u00e1ltat\u00f3 fedezi (egy\u00e9ni fejleszt\u00e9si id\u0151 c\u00edm\u00e9n), a fennmarad\u00f3 70 sz\u00e1zal\u00e9kot pedig az \u00e1llam, egy k\u00f6ztehermentes t\u00e1mogat\u00e1s form\u00e1j\u00e1ban.\u00a0<strong>Ha azonban a munkaid\u0151 50 sz\u00e1zal\u00e9kra vagy az al\u00e1 cs\u00f6kken, akkor nincs k\u00f6telez\u0151 \u201efizetett\u201d egy\u00e9ni fejleszt\u00e9si id\u0151, \u00edgy a nett\u00f3 j\u00f6vedelem is cs\u00f6kken.<\/strong><\/p>\n<p style=\"font-weight: 400;\">\n<p style=\"font-weight: 400;\"><em>\u201e<strong>A t\u00e1mogat\u00e1s a munk\u00e1ltat\u00f3 \u00e9s munkav\u00e1llal\u00f3 egy\u00fcttes k\u00e9relm\u00e9vel vehet\u0151 ig\u00e9nybe.<\/strong>\u00a0Ebben m\u00e1r nem kell bemutatni a cs\u00f6kkentett munkaid\u0151ben t\u00f6rt\u00e9n\u0151 foglalkoztat\u00e1st megalapoz\u00f3 gazdas\u00e1gi k\u00f6r\u00fclm\u00e9nyeket. Azt azonban tov\u00e1bbra is\u00a0<strong>hitelt \u00e9rdeml\u0151 m\u00f3don al\u00e1 kell t\u00e1masztani, hogy a munkav\u00e1llal\u00f3k megtart\u00e1sa a folyamatos gazdas\u00e1gi tev\u00e9kenys\u00e9g\u00e9vel \u00f6sszef\u00fcgg\u0151 nemzetgazdas\u00e1gi \u00e9rdek. K\u00f6vetelm\u00e9ny az adott munkav\u00e1llal\u00f3 munkaviszony\u00e1nak fenntart\u00e1sa a t\u00e1mogat\u00e1s alatt plusz egy tov\u00e1bbi h\u00f3napig, de nem a teljes \u00e1llom\u00e1nyi l\u00e9tsz\u00e1mot kell m\u00e1r fenntartani.\u201d<\/strong><\/em><strong>\u00a0&#8211; figyelmeztet a MAZARS szakembere.<\/strong><\/p>\n<p style=\"font-weight: 400;\"><strong>\u00a0<\/strong><\/p>\n<p style=\"font-weight: 400;\">A k\u00e9relmet a f\u0151v\u00e1rosi \u00e9s megyei korm\u00e1nyhivataln\u00e1l, elektronikus \u00faton ny\u00fajthatja be a munk\u00e1ltat\u00f3 (a Nemzeti Foglalkoztat\u00e1si Szolg\u00e1lat honlapj\u00e1n k\u00f6zz\u00e9tett formanyomtatv\u00e1nyon.\u00a0<strong>Csatolni kell a munkav\u00e1llal\u00f3 \u00e9s munk\u00e1ltat\u00f3 meg\u00e1llapod\u00e1s\u00e1t a cs\u00f6kkentett munkaid\u0151re \u00e9s az egy\u00e9ni fejleszt\u00e9si id\u0151re vonatkoz\u00f3an.<\/strong><\/p>\n<p style=\"font-weight: 400;\">\n<p style=\"font-weight: 400;\">\n<p style=\"font-weight: 400;\"><strong>A MAZARS-r\u00f3l<\/strong><\/p>\n<p style=\"font-weight: 400;\">A MAZARS egy nemzetk\u00f6zi, integr\u00e1lt \u00e9s f\u00fcggetlen szervezet, amely a vil\u00e1g 91 orsz\u00e1g\u00e1ban m\u0171k\u00f6dik a k\u00f6nyvvizsg\u00e1lat, a sz\u00e1mviteli tan\u00e1csad\u00e1s, az ad\u00f3-, a jogi \u00e9s a tranzakci\u00f3s szolg\u00e1ltat\u00e1sok, valamint a p\u00e9nz\u00fcgyi outsourcing ter\u00fclet\u00e9n. A vil\u00e1g 91 orsz\u00e1g\u00e1ban 40 400 szakember (24 400 f\u0151 az integr\u00e1lt partners\u00e9gben \u00e9s 16 000 a North America Alliance keret\u00e9ben) tud\u00e1s\u00e1ra t\u00e1maszkodva seg\u00edtik \u00fcgyfeleiket fejl\u0151d\u00e9s\u00fck minden szakasz\u00e1ban.<\/p>\n<p style=\"font-weight: 400;\"><strong>\u00a0<\/strong><\/p>\n<p style=\"font-weight: 400;\"><strong>A MAZARS Magyarorsz\u00e1gon \/\u00a0<\/strong><a href=\"http:\/\/www.mazars.hu\/\" data-saferedirecturl=\"https:\/\/www.google.com\/url?q=http:\/\/www.mazars.hu&amp;source=gmail&amp;ust=1588080556219000&amp;usg=AFQjCNFcauV0dfuKtbnhwaFjP3mBvevawg\" target=\"_blank\" rel=\"noopener\"><strong>www.mazars.hu<\/strong><\/a><\/p>\n<p><span style=\"font-weight: 400;\">A MAZARS 1991-ben nyitotta meg magyarorsz\u00e1gi irod\u00e1j\u00e1t azzal a c\u00e9llal, hogy seg\u00edtse francia \u00fcgyfelei leteleped\u00e9s\u00e9t Kelet-K\u00f6z\u00e9p-Eur\u00f3p\u00e1ban. Az\u00f3ta a MAZARS hazai \u00fcgyf\u00e9lk\u00f6re sz\u00e1mos nemzetk\u00f6zi \u00e9s magyar v\u00e1llalkoz\u00e1ssal b\u0151v\u00fclt, a v\u00e1llalat pedig a magasan k\u00e9pzett 150 szakember\u00e9vel jelenleg az \u00f6t\u00f6dik legnagyobb k\u00f6nyvvizsg\u00e1l\u00f3 c\u00e9g a hazai piacon.<\/span><span style=\"font-weight: 400;\">\u00a0 \u00a0<\/span><\/p>\n","protected":false},"excerpt":{"rendered":"<p>Egy h\u00e9t sem telt el az\u00f3ta, hogy a r\u00f6vid\u00edtett munkav\u00e9gz\u00e9s (a n\u00e9metb\u0151l \u00e1tvett kifejez\u00e9ssel: Kurzarbeit) eset\u00e9n adhat\u00f3 \u00e1llami b\u00e9rt\u00e1mogat\u00e1s rendszere jogszab\u00e1ly form\u00e1j\u00e1ban megjelent, de a koncepci\u00f3 m\u00e1ris fel\u00fclvizsg\u00e1latra szorult. A bevezetni tervezett rendszer els\u0151 k\u00f6rben nem aratott osztatlan sikert a piaci szerepl\u0151k k\u00f6z\u00f6tt. A t\u00e1mogat\u00e1s t\u00fals\u00e1gosan sz\u0171k k\u00f6rben volt ig\u00e9nybe vehet\u0151, az ig\u00e9nyl\u00e9s menete pedig &#8230;<\/p>\n","protected":false},"author":1001006,"featured_media":0,"comment_status":"closed","ping_status":"open","sticky":false,"template":"","format":"standard","meta":[],"categories":[19],"tags":[],"_links":{"self":[{"href":"https:\/\/gazdasagportal.hu\/index.php\/wp-json\/wp\/v2\/posts\/125909"}],"collection":[{"href":"https:\/\/gazdasagportal.hu\/index.php\/wp-json\/wp\/v2\/posts"}],"about":[{"href":"https:\/\/gazdasagportal.hu\/index.php\/wp-json\/wp\/v2\/types\/post"}],"author":[{"embeddable":true,"href":"https:\/\/gazdasagportal.hu\/index.php\/wp-json\/wp\/v2\/users\/1001006"}],"replies":[{"embeddable":true,"href":"https:\/\/gazdasagportal.hu\/index.php\/wp-json\/wp\/v2\/comments?post=125909"}],"version-history":[{"count":1,"href":"https:\/\/gazdasagportal.hu\/index.php\/wp-json\/wp\/v2\/posts\/125909\/revisions"}],"predecessor-version":[{"id":125910,"href":"https:\/\/gazdasagportal.hu\/index.php\/wp-json\/wp\/v2\/posts\/125909\/revisions\/125910"}],"wp:attachment":[{"href":"https:\/\/gazdasagportal.hu\/index.php\/wp-json\/wp\/v2\/media?parent=125909"}],"wp:term":[{"taxonomy":"category","embeddable":true,"href":"https:\/\/gazdasagportal.hu\/index.php\/wp-json\/wp\/v2\/categories?post=125909"},{"taxonomy":"post_tag","embeddable":true,"href":"https:\/\/gazdasagportal.hu\/index.php\/wp-json\/wp\/v2\/tags?post=125909"}],"curies":[{"name":"wp","href":"https:\/\/api.w.org\/{rel}","templated":true}]}}