{"id":125903,"date":"2020-04-27T13:55:30","date_gmt":"2020-04-27T11:55:30","guid":{"rendered":"http:\/\/gazdasagportal.hu\/?p=125903"},"modified":"2020-04-27T12:57:43","modified_gmt":"2020-04-27T10:57:43","slug":"johnson-tovabbra-is-az-ujabb-jarvanyhullam-megakadalyozasa-a-legfontosabb","status":"publish","type":"post","link":"https:\/\/gazdasagportal.hu\/index.php\/johnson-tovabbra-is-az-ujabb-jarvanyhullam-megakadalyozasa-a-legfontosabb\/","title":{"rendered":"Johnson: tov\u00e1bbra is az \u00fajabb j\u00e1rv\u00e1nyhull\u00e1m megakad\u00e1lyoz\u00e1sa a legfontosabb"},"content":{"rendered":"<p><strong>Boris Johnson brit minisztereln\u00f6k szerint tov\u00e1bbra is az a legfontosabb c\u00e9l, hogy ne alakulhasson ki a koronav\u00edrus okozta Covid-19-j\u00e1rv\u00e1ny \u00fajabb hull\u00e1ma.<\/strong><!--more--><\/p>\n<div class=\"ads-in-post1\"><div id=\"gazdasagportal.hu_fullbanner_wideboard\"><\/div>\r\n<\/div>\n<p>    Johnson maga is \u00e1tesett a betegs\u00e9gen, n\u00e9h\u00e1ny napig intenz\u00edv k\u00f3rh\u00e1zi kezel\u00e9sre is szorult \u00e9s a h\u00f3nap eleje \u00f3ta a brit minisztereln\u00f6k\u00f6k vid\u00e9ki rezidenci\u00e1j\u00e1n, a Londont\u00f3l 65 kilom\u00e9terre \u00e9szaknyugatra l\u00e9v\u0151 Chequersben l\u00e1badozott.<br \/>\n    H\u00e9tf\u0151n \u00e1llt ism\u00e9t munk\u00e1ba, \u00e9s a Downing Street-i minisztereln\u00f6ki hivatal el\u0151tt felolvasott nyilatkozat\u00e1ban k\u00f6z\u00f6lte: t\u00e9nyleges jelek vallanak arra, hogy Nagy-Britannia most m\u00e1r kezd t\u00faljutni a j\u00e1rv\u00e1ny tet\u0151z\u00e9s\u00e9n. Ha ez a v\u00edrus fizikailag l\u00e1that\u00f3 t\u00e1mad\u00f3, utcai rabl\u00f3 lenne, akkor azt lehetne mondani, hogy &#8222;most kezdj\u00fck k\u00e9t v\u00e1llra fektetni&#8221; &#8211; fogalmazott a konzervat\u00edv p\u00e1rti minisztereln\u00f6k.<br \/>\n    A kock\u00e1zat is azonban most a legnagyobb, hiszen az eddig el\u00e9rt siker l\u00e1tt\u00e1n sokakban felmer\u00fclhet, hogy nem \u00e9rkezett-e el az ideje a j\u00e1rv\u00e1ny megf\u00e9kez\u00e9s\u00e9t c\u00e9lz\u00f3 korl\u00e1toz\u00e1sok enyh\u00edt\u00e9s\u00e9nek &#8211; tette hozz\u00e1.<br \/>\n    Johnson k\u00f6z\u00f6lte: azt k\u00e9ri az \u00fczleti v\u00e1llalkoz\u00e1sokt\u00f3l, hogy legyenek \u00farr\u00e1 t\u00fcrelmetlens\u00e9g\u00fck\u00f6n, mert nem szabad megkock\u00e1ztatni a j\u00e1rv\u00e1ny \u00fajabb hull\u00e1m\u00e1nak kialakul\u00e1s\u00e1t, \u00e9s azt, hogy emiatt &#8222;ism\u00e9t a f\u00e9kbe kelljen taposni&#8221;, mert ez gazdas\u00e1gi katasztr\u00f3f\u00e1t okozna.<br \/>\n    Az elemz\u0151i el\u0151rejelz\u00e9sek szerint a brit gazdas\u00e1g a hatodik hete \u00e9rv\u00e9nyben l\u00e9v\u0151 eddigi korl\u00e1toz\u00f3 int\u00e9zked\u00e9sek miatt is v\u00e1rhat\u00f3an katasztrof\u00e1lis vesztes\u00e9geket szenved.<br \/>\n<div class=\"ads-in-post2\"><script async src=\"https:\/\/pagead2.googlesyndication.com\/pagead\/js\/adsbygoogle.js\"><\/script>\r\n<ins class=\"adsbygoogle\"\r\n     style=\"display:block\"\r\n     data-ad-format=\"fluid\"\r\n     data-ad-layout-key=\"-6t+ed+2i-1n-4w\"\r\n     data-ad-client=\"ca-pub-1959107119989764\"\r\n     data-ad-slot=\"4008251320\"><\/ins>\r\n<script>\r\n     (adsbygoogle = window.adsbygoogle || []).push({});\r\n<\/script><\/div>\n    A National Institute of Economic and Social Research (NIESR) nev\u0171 tekint\u00e9lyes londoni gazdas\u00e1gi-t\u00e1rsadalmi kutat\u00f3m\u0171hely legut\u00f3bbi tanulm\u00e1ny\u00e1ban k\u00f6z\u00f6lte: modellsz\u00e1m\u00edt\u00e1sai szerint a brit hazai \u00f6sszterm\u00e9k (GDP) az idei m\u00e1sodik negyed\u00e9vben 15-25 sz\u00e1zal\u00e9k k\u00f6z\u00f6tti m\u00e9rt\u00e9kben zuhanhat, f\u00fcgg\u0151en att\u00f3l, hogy a korl\u00e1toz\u00f3 int\u00e9zked\u00e9sek meddig lesznek \u00e9rv\u00e9nyben.<br \/>\n    A NIESR kiemelte, hogy az eddigi legnagyobb negyed\u00e9ves visszaes\u00e9st csaknem sz\u00e1z \u00e9ve, 1921 m\u00e1sodik h\u00e1rom h\u00f3napj\u00e1ban m\u00e9rt\u00e9k a brit gazdas\u00e1gban: akkor 12,3 sz\u00e1zal\u00e9kkal zuhant a hazai \u00f6sszterm\u00e9k az el\u0151z\u0151 negyed\u00e9vhez k\u00e9pest.<br \/>\n    Boris Johnson a Downing Streeten elmondott h\u00e9tf\u0151i besz\u00e9d\u00e9ben maga is kijelentette: tudja, hogy a mag\u00e1nszektor m\u0171k\u00f6d\u00e9se n\u00e9lk\u00fcl &#8222;semmi eml\u00edt\u00e9sre m\u00e9lt\u00f3 nem maradna a brit gazdas\u00e1gb\u00f3l&#8221;.<br \/>\n    Hozz\u00e1tette ugyanakkor: ha a j\u00e1rv\u00e1ny esetleges \u00fajabb hull\u00e1ma miatt ism\u00e9t korl\u00e1toz\u00f3 int\u00e9zked\u00e9seket kellene bevezetni, az m\u00e9g nagyobb \u00e9s m\u00e9g tart\u00f3sabb gazdas\u00e1gi k\u00e1rokat okozna.<br \/>\n    A korm\u00e1nyf\u0151 kijelentette: nem hajland\u00f3 sutba dobni a brit lakoss\u00e1g \u00e1ldozatv\u00e1llal\u00e1s\u00e1nak eredm\u00e9nyeit.<br \/>\n    Johnson szerint akkor \u00e9rkezik el a korl\u00e1toz\u00e1sok enyh\u00edt\u00e9s\u00e9nek ideje, ha m\u00e1r teljes biztons\u00e1ggal kimondhat\u00f3, hogy a j\u00e1rv\u00e1ny els\u0151 szakasza v\u00e9get \u00e9rt, ha a hal\u00e1loz\u00e1sok sz\u00e1ma m\u00e1r folyamatosan lefel\u00e9 tart \u00e9s ha bizonyoss\u00e1 v\u00e1lik, hogy nem lesz olyan m\u00e1sodik j\u00e1rv\u00e1nyhull\u00e1m, amely maga al\u00e1 gy\u0171ri az \u00e1llami eg\u00e9szs\u00e9g\u00fcgyi szolg\u00e1latot (NHS).<br \/>\n    Ekkor lehet majd egyenk\u00e9nt, fokozatosan ism\u00e9t &#8222;felf\u0171teni a hatalmas brit gazdas\u00e1g hajt\u00f3m\u0171veit&#8221;, de jelenleg egyszer\u0171en lehetetlen megmondani, hogy a korl\u00e1toz\u00f3 int\u00e9zked\u00e9seket milyen gyorsan vagy milyen lassan lehet m\u00f3dos\u00edtani &#8211; fogalmazott a brit minisztereln\u00f6k.<br \/>\n    Egyenes utal\u00e1st tett azonban arra, hogy ezek a tervek m\u00e1r jav\u00e1ban k\u00e9sz\u00fclnek. Kijelentette: a brit korm\u00e1ny m\u00e1r a k\u00f6vetkez\u0151 napokban sokkal t\u00f6bbet fog err\u0151l mondani.<br \/>\n    Nagy-Britanni\u00e1ban eddig 152 840 koronav\u00edrus-fert\u0151z\u00e9st azonos\u00edtottak sz\u0171r\u0151vizsg\u00e1latokkal, a j\u00e1rv\u00e1ny hal\u00e1los \u00e1ldozatainak sz\u00e1ma 20 732.<br \/>\n    A legut\u00f3bbi, vas\u00e1rnap este k\u00f6zz\u00e9tett adatok szerint a megel\u0151z\u0151 24 \u00f3r\u00e1ban 413-an haltak meg a Covid-19 betegs\u00e9gben; \u00e1prilisban ez volt az eddigi legalacsonyabb napi hal\u00e1loz\u00e1si sz\u00e1m.(MTI)<\/p>\n","protected":false},"excerpt":{"rendered":"<p>Boris Johnson brit minisztereln\u00f6k szerint tov\u00e1bbra is az a legfontosabb c\u00e9l, hogy ne alakulhasson ki a koronav\u00edrus okozta Covid-19-j\u00e1rv\u00e1ny \u00fajabb hull\u00e1ma.<\/p>\n","protected":false},"author":1001006,"featured_media":0,"comment_status":"closed","ping_status":"open","sticky":false,"template":"","format":"standard","meta":[],"categories":[12,427],"tags":[],"_links":{"self":[{"href":"https:\/\/gazdasagportal.hu\/index.php\/wp-json\/wp\/v2\/posts\/125903"}],"collection":[{"href":"https:\/\/gazdasagportal.hu\/index.php\/wp-json\/wp\/v2\/posts"}],"about":[{"href":"https:\/\/gazdasagportal.hu\/index.php\/wp-json\/wp\/v2\/types\/post"}],"author":[{"embeddable":true,"href":"https:\/\/gazdasagportal.hu\/index.php\/wp-json\/wp\/v2\/users\/1001006"}],"replies":[{"embeddable":true,"href":"https:\/\/gazdasagportal.hu\/index.php\/wp-json\/wp\/v2\/comments?post=125903"}],"version-history":[{"count":1,"href":"https:\/\/gazdasagportal.hu\/index.php\/wp-json\/wp\/v2\/posts\/125903\/revisions"}],"predecessor-version":[{"id":125904,"href":"https:\/\/gazdasagportal.hu\/index.php\/wp-json\/wp\/v2\/posts\/125903\/revisions\/125904"}],"wp:attachment":[{"href":"https:\/\/gazdasagportal.hu\/index.php\/wp-json\/wp\/v2\/media?parent=125903"}],"wp:term":[{"taxonomy":"category","embeddable":true,"href":"https:\/\/gazdasagportal.hu\/index.php\/wp-json\/wp\/v2\/categories?post=125903"},{"taxonomy":"post_tag","embeddable":true,"href":"https:\/\/gazdasagportal.hu\/index.php\/wp-json\/wp\/v2\/tags?post=125903"}],"curies":[{"name":"wp","href":"https:\/\/api.w.org\/{rel}","templated":true}]}}