{"id":125901,"date":"2020-04-27T13:10:15","date_gmt":"2020-04-27T11:10:15","guid":{"rendered":"http:\/\/gazdasagportal.hu\/?p=125901"},"modified":"2020-04-27T12:55:08","modified_gmt":"2020-04-27T10:55:08","slug":"a-koronavirus-nem-csokkentette-a-gepjarmubiztositasok-dijat","status":"publish","type":"post","link":"https:\/\/gazdasagportal.hu\/index.php\/a-koronavirus-nem-csokkentette-a-gepjarmubiztositasok-dijat\/","title":{"rendered":"A koronav\u00edrus nem cs\u00f6kkentette a g\u00e9pj\u00e1rm\u0171biztos\u00edt\u00e1sok d\u00edj\u00e1t"},"content":{"rendered":"<p><strong>A m\u00e1rcius k\u00f6zep\u00e9n bevezetett kij\u00e1r\u00e1si korl\u00e1toz\u00e1sok hat\u00e1s\u00e1ra Magyarorsz\u00e1gon is jelent\u0151sen cs\u00f6kkent a g\u00e9pj\u00e1rm\u0171forgalom: a f\u0151v\u00e1rosban p\u00e9ld\u00e1ul egyes id\u0151szakokban kevesebb mint harmad\u00e1ra esett az utakon tart\u00f3zkod\u00f3 aut\u00f3k sz\u00e1ma. Mindez cs\u00f6kkenti a balesetek, ezen kereszt\u00fcl a biztos\u00edt\u00f3k \u00e1ltal fizetend\u0151 k\u00e1rt\u00e9r\u00edt\u00e9sek m\u00e9rt\u00e9k\u00e9t is, \u00e1m arra nem sz\u00e1m\u00edthatunk, hogy ennek hat\u00e1s\u00e1ra a biztos\u00edt\u00e1si d\u00edjak is m\u00e9rs\u00e9kl\u0151dni fognak \u2013 mutat r\u00e1 a F\u00fcggetlen Biztos\u00edt\u00e1si Alkuszok Magyarorsz\u00e1gi Sz\u00f6vets\u00e9ge (FBAMSZ).<\/strong><!--more--><\/p>\n<div class=\"ads-in-post1\"><div id=\"gazdasagportal.hu_fullbanner_wideboard\"><\/div>\r\n<\/div>\n<p>&nbsp;<\/p>\n<p>\u201e<em>A cs\u00f6kken\u0151 m\u00e9rt\u00e9k\u0171 aut\u00f3haszn\u00e1lat val\u00f3ban kevesebb k\u00e1rral j\u00e1r, ugyanakkor a korl\u00e1toz\u00e1sok v\u00e1rhat\u00f3an 1-2 h\u00f3napon bel\u00fcl felold\u00e1sra ker\u00fclnek, a g\u00e9pj\u00e1rm\u0171forgalom pedig egy ilyen d\u00f6nt\u00e9s hat\u00e1s\u00e1ra v\u00e1rhat\u00f3an gyorsan vissza\u00e1ll a kor\u00e1bbi szintre. A g\u00e9pj\u00e1rm\u0171biztos\u00edt\u00e1sok d\u00edj\u00e1t \u00e9ves id\u0151szakra \u00e1llap\u00edtj\u00e1k meg a biztos\u00edt\u00f3k, abban egy n\u00e9h\u00e1ny h\u00f3napos id\u0151szakra meg\u00edt\u00e9lt komolyabb d\u00edjkedvezm\u00e9ny sem okoz jelent\u0151s, n\u00e9h\u00e1ny sz\u00e1zal\u00e9kn\u00e1l nagyobb elt\u00e9r\u00e9st<\/em>\u201d \u2013 magyar\u00e1zza Cselovszki Zsolt, a FBAMSZ eln\u00f6ks\u00e9gi tagja.<\/p><div id=\"gazda-1412203281\" class=\"gazda-tartalomban gazda-entity-placement\"><script async src=\"https:\/\/pagead2.googlesyndication.com\/pagead\/js\/adsbygoogle.js\"><\/script>\r\n<ins class=\"adsbygoogle\"\r\n     style=\"display:block\"\r\n     data-ad-format=\"fluid\"\r\n     data-ad-layout-key=\"-6t+ed+2i-1n-4w\"\r\n     data-ad-client=\"ca-pub-1959107119989764\"\r\n     data-ad-slot=\"4008251320\"><\/ins>\r\n<script>\r\n     (adsbygoogle = window.adsbygoogle || []).push({});\r\n<\/script><\/div>\n<p>&nbsp;<\/p>\n<p>B\u00e1r a k\u00e1resetek sz\u00e1ma visszaesett, az egy k\u00e1rra es\u0151 <strong>helyre\u00e1ll\u00edt\u00e1si k\u00f6lts\u00e9gek az \u00e9v eleje \u00f3ta meredeken n\u00f6vekedtek<\/strong>. A n\u00e9h\u00e1ny h\u00f3nappal kor\u00e1bban jellemz\u0151en 330 forint k\u00f6r\u00fcl ingadoz\u00f3 <strong>eur\u00f3\u00e1rfolyam ma a 360-as szint k\u00f6rny\u00e9k\u00e9n<\/strong> mozog, ami alaposan megdr\u00e1g\u00edtotta a sz\u00e1ll\u00edt\u00e1si bizonytalans\u00e1gok miatt am\u00fagy is emelked\u0151 \u00e1r\u00fa importalkatr\u00e9szeket. Emellett a legt\u00f6bb szakszerv\u00edz janu\u00e1rban <strong>k\u00e9tsz\u00e1mjegy\u0171 \u00f3rad\u00edjemel\u00e9st<\/strong> hajtott v\u00e9gre, ami szint\u00e9n jelent\u0151sen hozz\u00e1j\u00e1rul a jav\u00edt\u00e1si k\u00f6lts\u00e9gek megugr\u00e1s\u00e1hoz.<\/p>\n<div class=\"ads-in-post2\"><script async src=\"https:\/\/pagead2.googlesyndication.com\/pagead\/js\/adsbygoogle.js\"><\/script>\r\n<ins class=\"adsbygoogle\"\r\n     style=\"display:block\"\r\n     data-ad-format=\"fluid\"\r\n     data-ad-layout-key=\"-6t+ed+2i-1n-4w\"\r\n     data-ad-client=\"ca-pub-1959107119989764\"\r\n     data-ad-slot=\"4008251320\"><\/ins>\r\n<script>\r\n     (adsbygoogle = window.adsbygoogle || []).push({});\r\n<\/script><\/div>\n&nbsp;<\/p>\n<p>A fenti okok miatt nem meglep\u0151, hogy miut\u00e1n a k\u00f6telez\u0151 g\u00e9pj\u00e1rm\u0171-felel\u0151ss\u00e9gbiztos\u00edt\u00e1s (KGFB) \u00e9ves \u00e1tlagd\u00edja az els\u0151 negyed\u00e9vben 60 ezer forint k\u00f6r\u00fcl alakult, <strong>az \u00e1prilisban megk\u00f6t\u00f6tt szerz\u0151d\u00e9sek eset\u00e9ben sem t\u00f6rt\u00e9nt visszaes\u00e9s, s\u0151t, n\u00e9h\u00e1ny sz\u00e1zal\u00e9kkal tov\u00e1bb emelkedtek a d\u00edjak.<\/strong><\/p>\n<p>&nbsp;<\/p>\n<p>\u201e<em>A koronav\u00edrus miatt id\u0151szakosan javul\u00f3 k\u00e1rh\u00e1nyad ugyanakkor ahhoz elegend\u0151 tartal\u00e9kot biztos\u00edthat a biztos\u00edt\u00f3k sz\u00e1m\u00e1ra, hogy az elm\u00falt \u00e9vben lezajlott 15-20 sz\u00e1zal\u00e9kos d\u00edjemelked\u00e9ssel szemben <strong>id\u00e9n alacsonyabb m\u00e9rt\u00e9k\u0171, 10 sz\u00e1zal\u00e9k k\u00f6r\u00fcli legyen a KGFB-d\u00edjak n\u00f6veked\u00e9se<\/strong><\/em> \u2013 teszi hozz\u00e1 a FBAMSZ szak\u00e9rt\u0151je. \u2013 <em>Ezzel a magyar KGFB-d\u00edjak szintje <strong>tov\u00e1bbra is a legkedvez\u0151bbek k\u00f6z\u00f6tt marad eur\u00f3pai uni\u00f3s \u00f6sszehasonl\u00edt\u00e1sban<\/strong>.\u201d<\/em><\/p>\n<p>&nbsp;<\/p>\n<p>B\u00e1r a sajt\u00f3ban sz\u00e1mos hivatkoz\u00e1s tal\u00e1lhat\u00f3 olyan k\u00fclf\u00f6ldi p\u00e9ld\u00e1kra, hogy egyes biztos\u00edt\u00f3k a kij\u00e1r\u00e1si korl\u00e1toz\u00e1sok idej\u00e9n d\u00edjkedvezm\u00e9nyt ny\u00fajtanak az aut\u00f3jukat nem haszn\u00e1l\u00f3 \u00fcgyfelek sz\u00e1m\u00e1ra, Magyarorsz\u00e1gon ilyen akci\u00f3kra kev\u00e9sb\u00e9 sz\u00e1m\u00edthatunk. Egyr\u00e9szt a g\u00e9pj\u00e1rm\u0171biztos\u00edt\u00e1sok eleny\u00e9sz\u0151 r\u00e9sz\u00e9n\u00e9l k\u00f6vethet\u0151 nyomon a j\u00e1rm\u0171 t\u00e9nyleges haszn\u00e1lata, m\u00e1sr\u00e9szt <strong>a KGFB-eset\u00e9ben a szigor\u00fa t\u00f6rv\u00e9nyi szab\u00e1lyoz\u00e1s eleve nem tesz lehet\u0151v\u00e9<\/strong> esetleges id\u0151szakos <strong>d\u00edjvisszat\u00e9r\u00edt\u00e9seket<\/strong>. Ilyen l\u00e9p\u00e9sr\u0151l teh\u00e1t legfeljebb a cascod\u00edjak eset\u00e9ben d\u00f6nthet marketingc\u00e9lb\u00f3l egy-k\u00e9t biztos\u00edt\u00f3, \u00e1m az ilyen akci\u00f3k eleve csup\u00e1n az aut\u00f3sok t\u00f6red\u00e9k\u00e9t \u00e9rinthetik, mivel jelenleg <strong>\u00f6t aut\u00f3b\u00f3l mind\u00f6ssze egy rendelkezik \u00e9l\u0151 casco-szerz\u0151d\u00e9ssel<\/strong>.<\/p>\n<p>&nbsp;<\/p>\n<p>&nbsp;<\/p>\n<p>&nbsp;<\/p>\n<p><strong>F\u00fcggetlen Biztos\u00edt\u00e1si Alkuszok Magyarorsz\u00e1gi Sz\u00f6vets\u00e9ge (FBAMSZ)<\/strong><\/p>\n<p>A sz\u00f6vets\u00e9g 1991-ben 13 alkuszc\u00e9g elhat\u00e1roz\u00e1s\u00e1b\u00f3l j\u00f6tt l\u00e9tre, jelenleg 94 teljes jog\u00fa, illetve p\u00e1rtol\u00f3 taggal rendelkezik. E tagok a teljes alkuszi piac teljes\u00edtm\u00e9ny\u00e9nek mintegy 60 sz\u00e1zal\u00e9k\u00e1t biztos\u00edtj\u00e1k, az \u00e1ltaluk k\u00f6zvet\u00edtett \u00e9s kezelt \u00e1llom\u00e1ny alapj\u00e1n ma a szervezet az orsz\u00e1g m\u00e1sodik legnagyobb biztos\u00edt\u00f3t\u00e1rsas\u00e1ga lehetne. A FBAMSZ c\u00e9lja a szakmai \u00e9rdekv\u00e9delem mellett az alkuszi tev\u00e9kenys\u00e9g \u00f6nszab\u00e1lyoz\u00e1sa, szakmai \u00e9s etikai h\u00e1tter\u00e9nek kialak\u00edt\u00e1sa, az alkuszok oktat\u00e1s\u00e1r\u00f3l, szakmai felel\u0151ss\u00e9gbiztos\u00edt\u00e1s\u00e1r\u00f3l t\u00f6rt\u00e9n\u0151 gondoskod\u00e1s, valamint a r\u00e9szv\u00e9tel a biztos\u00edt\u00e1si alkuszokra vonatkoz\u00f3 jogszab\u00e1lyok kialak\u00edt\u00e1s\u00e1ban. A sz\u00f6vets\u00e9g 1993 \u00f3ta tagja a biztos\u00edt\u00e1sk\u00f6zvet\u00edt\u0151k eur\u00f3pai szervezet\u00e9nek (BIPAR), \u00e9s kapcsolatban \u00e1ll m\u00e1s orsz\u00e1gokban m\u0171k\u00f6d\u0151 sz\u00f6vets\u00e9gekkel is.<\/p>\n<p>&nbsp;<\/p>\n<p>A FBAMSZ az egys\u00e9ges arculat kialak\u00edt\u00e1s\u00e1val, a szakmai \u00e9rdekv\u00e9delmi munka er\u0151s\u00edt\u00e9s\u00e9vel, a k\u00e9pz\u00e9s \u00e9s tud\u00e1sszint sz\u00ednvonal\u00e1nak emel\u00e9s\u00e9vel arra t\u00f6rekszik, hogy a biztos\u00edt\u00e1si piacon az alkuszok sz\u00e1m\u00e1ra kiv\u00edvja az \u0151ket megillet\u0151 rangot \u00e9s helyet.<\/p>\n","protected":false},"excerpt":{"rendered":"<p>A m\u00e1rcius k\u00f6zep\u00e9n bevezetett kij\u00e1r\u00e1si korl\u00e1toz\u00e1sok hat\u00e1s\u00e1ra Magyarorsz\u00e1gon is jelent\u0151sen cs\u00f6kkent a g\u00e9pj\u00e1rm\u0171forgalom: a f\u0151v\u00e1rosban p\u00e9ld\u00e1ul egyes id\u0151szakokban kevesebb mint harmad\u00e1ra esett az utakon tart\u00f3zkod\u00f3 aut\u00f3k sz\u00e1ma. Mindez cs\u00f6kkenti a balesetek, ezen kereszt\u00fcl a biztos\u00edt\u00f3k \u00e1ltal fizetend\u0151 k\u00e1rt\u00e9r\u00edt\u00e9sek m\u00e9rt\u00e9k\u00e9t is, \u00e1m arra nem sz\u00e1m\u00edthatunk, hogy ennek hat\u00e1s\u00e1ra a biztos\u00edt\u00e1si d\u00edjak is m\u00e9rs\u00e9kl\u0151dni fognak \u2013 mutat &#8230;<\/p>\n","protected":false},"author":1001006,"featured_media":0,"comment_status":"closed","ping_status":"open","sticky":false,"template":"","format":"standard","meta":[],"categories":[19],"tags":[],"_links":{"self":[{"href":"https:\/\/gazdasagportal.hu\/index.php\/wp-json\/wp\/v2\/posts\/125901"}],"collection":[{"href":"https:\/\/gazdasagportal.hu\/index.php\/wp-json\/wp\/v2\/posts"}],"about":[{"href":"https:\/\/gazdasagportal.hu\/index.php\/wp-json\/wp\/v2\/types\/post"}],"author":[{"embeddable":true,"href":"https:\/\/gazdasagportal.hu\/index.php\/wp-json\/wp\/v2\/users\/1001006"}],"replies":[{"embeddable":true,"href":"https:\/\/gazdasagportal.hu\/index.php\/wp-json\/wp\/v2\/comments?post=125901"}],"version-history":[{"count":1,"href":"https:\/\/gazdasagportal.hu\/index.php\/wp-json\/wp\/v2\/posts\/125901\/revisions"}],"predecessor-version":[{"id":125902,"href":"https:\/\/gazdasagportal.hu\/index.php\/wp-json\/wp\/v2\/posts\/125901\/revisions\/125902"}],"wp:attachment":[{"href":"https:\/\/gazdasagportal.hu\/index.php\/wp-json\/wp\/v2\/media?parent=125901"}],"wp:term":[{"taxonomy":"category","embeddable":true,"href":"https:\/\/gazdasagportal.hu\/index.php\/wp-json\/wp\/v2\/categories?post=125901"},{"taxonomy":"post_tag","embeddable":true,"href":"https:\/\/gazdasagportal.hu\/index.php\/wp-json\/wp\/v2\/tags?post=125901"}],"curies":[{"name":"wp","href":"https:\/\/api.w.org\/{rel}","templated":true}]}}