{"id":125899,"date":"2020-04-27T12:31:03","date_gmt":"2020-04-27T10:31:03","guid":{"rendered":"http:\/\/gazdasagportal.hu\/?p=125899"},"modified":"2020-04-27T12:31:03","modified_gmt":"2020-04-27T10:31:03","slug":"csehorszagban-megnyiltak-az-uzletek-lelassult-a-jarvany-terjedese","status":"publish","type":"post","link":"https:\/\/gazdasagportal.hu\/index.php\/csehorszagban-megnyiltak-az-uzletek-lelassult-a-jarvany-terjedese\/","title":{"rendered":"Csehorsz\u00e1gban megny\u00edltak az \u00fczletek, lelassult a j\u00e1rv\u00e1ny terjed\u00e9se"},"content":{"rendered":"<p><strong>Csehorsz\u00e1gban folytat\u00f3dik a k\u00f6z\u00e9letet \u00e9s a gazdas\u00e1got korl\u00e1toz\u00f3, m\u00e1rciusban bevezetett int\u00e9zked\u00e9sek fokozatos felold\u00e1sa, amit a koronav\u00edrus-j\u00e1rv\u00e1ny terjed\u00e9s\u00e9nek jelent\u0151s lelassul\u00e1sa tett lehet\u0151v\u00e9.<\/strong><!--more--><\/p>\n<div class=\"ads-in-post1\"><div id=\"gazdasagportal.hu_fullbanner_wideboard\"><\/div>\r\n<\/div>\n<p>    H\u00e9tf\u0151n kinyithattak a 2500 n\u00e9gyzetm\u00e9tern\u00e9l kisebb alapter\u00fclet\u0171 \u00fczletek \u00e9s a legt\u00f6bb szolg\u00e1ltat\u00f3 is. Az \u00fczemeltet\u0151k azonban minden esetben k\u00f6telesek betartani a szigor\u00fa speci\u00e1lis higi\u00e9niai szab\u00e1lyokat.<br \/>\n    Kinyitottak a fitness- \u00e9s a wellness-k\u00f6zpontok is, de az \u00f6lt\u00f6z\u0151k \u00e9s a zuhanyoz\u00f3k haszn\u00e1lata n\u00e9lk\u00fcl. A ruh\u00e1zati boltokban tilos a v\u00e1s\u00e1rolt \u00e1ru felpr\u00f3b\u00e1l\u00e1sa. A k\u00f6ztereken m\u00e1r enged\u00e9lyezett legfeljebb t\u00edz ember csoportosul\u00e1sa, de a sz\u00e1jmaszkok k\u00f6telez\u0151 haszn\u00e1lata v\u00e1rhat\u00f3an j\u00fanius v\u00e9g\u00e9ig \u00e9rv\u00e9nyben marad. Tov\u00e1bbra is z\u00e1rva vannak a vend\u00e9gl\u0151k, az iskol\u00e1k, a sz\u00ednh\u00e1zak, a mozik \u00e9s elmaradnak a sportrendezv\u00e9nyek.<br \/>\n    A pr\u00e1gai korm\u00e1ny feloldotta a k\u00fclf\u00f6ldi utaz\u00e1sok tilalm\u00e1t is, de kider\u00fclt, hogy a szomsz\u00e9dos orsz\u00e1gok korl\u00e1toz\u00f3 int\u00e9zked\u00e9sei miatt a csehek gyakorlatilag m\u00e9gsem tudnak sehova utazni.<br \/>\n    Az eg\u00e9szs\u00e9g\u00fcgyi miniszt\u00e9rium napi kimutat\u00e1saib\u00f3l kit\u0171nik, hogy az ut\u00f3bbi id\u0151ben a fert\u0151z\u00f6ttek sz\u00e1m\u00e1nak n\u00f6veked\u00e9se jelent\u0151sen lelassult, mik\u00f6zben gyorsul\u00f3 \u00fctemben n\u0151 a Covid-19 betegs\u00e9gb\u0151l felgy\u00f3gyultak sz\u00e1ma.<br \/>\n<div class=\"ads-in-post2\"><script async src=\"https:\/\/pagead2.googlesyndication.com\/pagead\/js\/adsbygoogle.js\"><\/script>\r\n<ins class=\"adsbygoogle\"\r\n     style=\"display:block\"\r\n     data-ad-format=\"fluid\"\r\n     data-ad-layout-key=\"-6t+ed+2i-1n-4w\"\r\n     data-ad-client=\"ca-pub-1959107119989764\"\r\n     data-ad-slot=\"4008251320\"><\/ins>\r\n<script>\r\n     (adsbygoogle = window.adsbygoogle || []).push({});\r\n<\/script><\/div>\n    Orsz\u00e1gos szinten h\u00e9tf\u0151 reggelig 7404-re emelkedett a regisztr\u00e1lt fert\u0151z\u00e9sek sz\u00e1ma, ugyanakkor 2555 p\u00e1ciens m\u00e1r felgy\u00f3gyult &#8211; der\u00fclt ki a t\u00e1rca h\u00e9tf\u0151 reggeli adataib\u00f3l. Az els\u0151 megbeteged\u00e9st Csehorsz\u00e1gban m\u00e1rcius elsej\u00e9n mutatt\u00e1k ki.<br \/>\n    A cseh k\u00f3rh\u00e1zakban jelenleg 360 beteget \u00e1polnak, k\u00f6z\u00fcl\u00fck mintegy 50-55 szem\u00e9lyn\u00e9l min\u0151s\u00edthet\u0151 s\u00falyosnak a betegs\u00e9g lefoly\u00e1sa. Vas\u00e1rnap mintegy \u00f6tvennel n\u0151tt a fert\u0151z\u00f6ttek sz\u00e1ma, ami az egyik legalacsonyabb napi n\u00f6vekm\u00e9ny m\u00e1rcius k\u00f6zepe \u00f3ta. A h\u00e9t v\u00e9g\u00e9n hatan haltak meg, a hal\u00e1lesetek sz\u00e1ma ezzel 221-re emelkedett. A laborat\u00f3riumi tesztek sz\u00e1ma k\u00f6zben megk\u00f6zel\u00edtette a 220 ezret.(MTI)<\/p>\n","protected":false},"excerpt":{"rendered":"<p>Csehorsz\u00e1gban folytat\u00f3dik a k\u00f6z\u00e9letet \u00e9s a gazdas\u00e1got korl\u00e1toz\u00f3, m\u00e1rciusban bevezetett int\u00e9zked\u00e9sek fokozatos felold\u00e1sa, amit a koronav\u00edrus-j\u00e1rv\u00e1ny terjed\u00e9s\u00e9nek jelent\u0151s lelassul\u00e1sa tett lehet\u0151v\u00e9.<\/p>\n","protected":false},"author":1001006,"featured_media":0,"comment_status":"closed","ping_status":"open","sticky":false,"template":"","format":"standard","meta":[],"categories":[12,427],"tags":[],"_links":{"self":[{"href":"https:\/\/gazdasagportal.hu\/index.php\/wp-json\/wp\/v2\/posts\/125899"}],"collection":[{"href":"https:\/\/gazdasagportal.hu\/index.php\/wp-json\/wp\/v2\/posts"}],"about":[{"href":"https:\/\/gazdasagportal.hu\/index.php\/wp-json\/wp\/v2\/types\/post"}],"author":[{"embeddable":true,"href":"https:\/\/gazdasagportal.hu\/index.php\/wp-json\/wp\/v2\/users\/1001006"}],"replies":[{"embeddable":true,"href":"https:\/\/gazdasagportal.hu\/index.php\/wp-json\/wp\/v2\/comments?post=125899"}],"version-history":[{"count":1,"href":"https:\/\/gazdasagportal.hu\/index.php\/wp-json\/wp\/v2\/posts\/125899\/revisions"}],"predecessor-version":[{"id":125900,"href":"https:\/\/gazdasagportal.hu\/index.php\/wp-json\/wp\/v2\/posts\/125899\/revisions\/125900"}],"wp:attachment":[{"href":"https:\/\/gazdasagportal.hu\/index.php\/wp-json\/wp\/v2\/media?parent=125899"}],"wp:term":[{"taxonomy":"category","embeddable":true,"href":"https:\/\/gazdasagportal.hu\/index.php\/wp-json\/wp\/v2\/categories?post=125899"},{"taxonomy":"post_tag","embeddable":true,"href":"https:\/\/gazdasagportal.hu\/index.php\/wp-json\/wp\/v2\/tags?post=125899"}],"curies":[{"name":"wp","href":"https:\/\/api.w.org\/{rel}","templated":true}]}}