{"id":125882,"date":"2020-04-27T10:39:07","date_gmt":"2020-04-27T08:39:07","guid":{"rendered":"http:\/\/gazdasagportal.hu\/?p=125882"},"modified":"2020-04-27T08:40:49","modified_gmt":"2020-04-27T06:40:49","slug":"nagyot-esett-a-gki-konjunkturaindexe-aprilisban","status":"publish","type":"post","link":"https:\/\/gazdasagportal.hu\/index.php\/nagyot-esett-a-gki-konjunkturaindexe-aprilisban\/","title":{"rendered":"Nagyot esett a GKI konjunkt\u00faraindexe \u00e1prilisban"},"content":{"rendered":"<p><strong>P\u00e9ld\u00e1tlanul nagy m\u00e9rt\u00e9kben, 33,1 ponttal esett a GKI konjunkt\u00faraindexe \u00e1prilisban, az \u00fczleti \u00e9s a fogyaszt\u00f3i v\u00e1rakoz\u00e1sok egyar\u00e1nt jelent\u0151sen romlottak &#8211; k\u00f6z\u00f6lte a GKI Gazdas\u00e1gkutat\u00f3 Zrt. az MTI-vel h\u00e9tf\u0151n.<\/strong><!--more--><\/p>\n<div class=\"ads-in-post1\"><div id=\"gazdasagportal.hu_fullbanner_wideboard\"><\/div>\r\n<\/div>\n<p>Az \u00f6sszes\u00edt\u00e9s szerint az \u00fczleti bizalmi index \u00e9rt\u00e9ke a m\u00e1rciusi m\u00ednusz 1,8-r\u00f3l m\u00ednusz 27,2-re cs\u00f6kkent. A fogyaszt\u00f3i bizalmi index v\u00e1ltoz\u00e1sa enn\u00e9l is jelent\u0151sebb, m\u00ednusz 12,1-r\u0151l m\u00ednusz 49,8-ra esett. A GKI a j\u00e1rv\u00e1ny gazdas\u00e1gi hat\u00e1saival magyar\u00e1zza a visszaes\u00e9st. Kor\u00e1bban m\u00e9g soha nem fordult el\u0151 egy h\u00f3nap alatt 10 sz\u00e1zal\u00e9kosn\u00e1l nagyobb m\u00e9rs\u00e9kl\u0151d\u00e9s &#8211; \u00edrt\u00e1k. Az \u00fczleti szf\u00e9r\u00e1n bel\u00fcl minden \u00e1gazat v\u00e1rakoz\u00e1sai jelent\u0151sen romlottak. Legnagyobb m\u00e9rt\u00e9kben, csaknem 35 ponttal a szolg\u00e1ltat\u00e1sok\u00e9, de a legkev\u00e9sb\u00e9 \u00e9rintett ipariak\u00e9 is mintegy 20 ponttal.<br \/>\nAz iparban a termel\u00e9si kil\u00e1t\u00e1sok \u00e9s a rendel\u00e9s\u00e1llom\u00e1ny meg\u00edt\u00e9l\u00e9se egyar\u00e1nt sokkal rosszabb lett, egyed\u00fcl a k\u00e9szletszintr\u0151l alkotott v\u00e9lem\u00e9ny javult kiss\u00e9. A termel\u00e9s b\u0151v\u00fcl\u00e9s\u00e9re csup\u00e1n a v\u00e1llalatok 5 sz\u00e1zal\u00e9ka sz\u00e1m\u00edt a m\u00e1rciusi 21 sz\u00e1zal\u00e9k ut\u00e1n, m\u00edg a cs\u00f6kken\u00e9st\u0151l tart\u00f3k ar\u00e1nya 18 sz\u00e1zal\u00e9kr\u00f3l 65 sz\u00e1zal\u00e9kra n\u0151tt, az ipari bizalmi index 11 \u00e9ves m\u00e9lypontra esett.<br \/>\n<div class=\"ads-in-post2\"><script async src=\"https:\/\/pagead2.googlesyndication.com\/pagead\/js\/adsbygoogle.js\"><\/script>\r\n<ins class=\"adsbygoogle\"\r\n     style=\"display:block\"\r\n     data-ad-format=\"fluid\"\r\n     data-ad-layout-key=\"-6t+ed+2i-1n-4w\"\r\n     data-ad-client=\"ca-pub-1959107119989764\"\r\n     data-ad-slot=\"4008251320\"><\/ins>\r\n<script>\r\n     (adsbygoogle = window.adsbygoogle || []).push({});\r\n<\/script><\/div>\nAz \u00e9p\u00edt\u0151ipari bizalmi index 7 \u00e9ves m\u00e9lypontra esett. \u00c1prilisban a m\u00e9ly\u00e9p\u00edt\u0151 c\u00e9gek v\u00e1rakoz\u00e1sai \u00f6sszeomlottak, de a magas\u00e9p\u00edt\u0151k\u00e9 sem javult. Romlott az el\u0151z\u0151 h\u00e1romhavi termel\u00e9ssel kapcsolatos el\u00e9gedetts\u00e9g, \u00e9s a rendel\u00e9s\u00e1llom\u00e1nyok \u00e9rt\u00e9kel\u00e9se is. A kereskedelmi bizalmi index 2009 elej\u00e9n volt alacsonyabb a mostanin\u00e1l. Az elad\u00e1si poz\u00edci\u00f3, a rendel\u00e9s\u00e1llom\u00e1ny \u00e9s a k\u00e9szletszint meg\u00edt\u00e9l\u00e9se egyar\u00e1nt sokat romlott. 2009 m\u00e1rcius\u00e1nak t\u00f6rt\u00e9nelmi m\u00e9lypontj\u00e1t\u00f3l az elad\u00f3i kil\u00e1t\u00e1sok m\u00e9g t\u00e1vol vannak, \u00e1m a rendel\u00e9s\u00e1llom\u00e1nyt m\u00e9g soha nem l\u00e1tt\u00e1k ilyen alacsonynak a c\u00e9gek. \u00c1prilisra a szolg\u00e1ltat\u00f3 szektor v\u00e1lt a legpesszimist\u00e1bb\u00e1, noha az el\u0151z\u0151 h\u00f3napban a legink\u00e1bb der\u00fcl\u00e1t\u00f3nak t\u0171nt. F\u0151k\u00e9pp a forgalmi v\u00e1rakoz\u00e1sok romlottak. A foglalkoztat\u00e1si hajland\u00f3s\u00e1g az elm\u00falt t\u00f6bb mint hat \u00e9vben pozit\u00edv volt, vagyis a l\u00e9tsz\u00e1mb\u0151v\u00edt\u00e9st t\u00f6bben terveztek, mint le\u00e9p\u00edt\u00e9st. \u00c1prilisra ez is negat\u00edv tartom\u00e1nyba ker\u00fclt, legnagyobb m\u00e9rt\u00e9kben az iparban. A gazdas\u00e1gi kil\u00e1t\u00e1sok meg\u00edt\u00e9l\u00e9se ugyanakkor a foglalkoztat\u00e1shoz k\u00e9pest is nagyobbat esett, megk\u00f6zel\u00edtve 2009 legrosszabb h\u00f3napjainak szintj\u00e9t. A lakoss\u00e1g legink\u00e1bb a munkan\u00e9lk\u00fclis\u00e9g emelked\u00e9s\u00e9t\u0151l tart, de a gazdas\u00e1gi kil\u00e1t\u00e1sokat is kedvez\u0151tlennek l\u00e1tja. A fogyaszt\u00f3k tartanak az infl\u00e1ci\u00f3t\u00f3l is, r\u00e1ad\u00e1sul a saj\u00e1t v\u00e1rhat\u00f3 p\u00e9nz\u00fcgyi helyzet\u00fcket is kedvez\u0151tlenebb\u00fcl \u00edt\u00e9lik meg. Az \u00e1remel\u00e9si t\u00f6rekv\u00e9s minden \u00e1gazatban cs\u00f6kkent, csak a kereskedelmi c\u00e9gekn\u00e9l nem v\u00e1ltozott, mivel az \u00e1remel\u00e9sre \u00e9s \u00e1rcs\u00f6kkent\u00e9sre sz\u00e1m\u00edt\u00f3k ar\u00e1nya egyar\u00e1nt cs\u00f6kkent &#8211; olvashat\u00f3 a k\u00f6zlem\u00e9nyben. A GKI konjunkt\u00faraindex\u00e9nek interakt\u00edv grafikonja a <strong><a href=\"http:\/\/gki.hu\/vizzu\/\" target=\"_blank\" rel=\"noopener noreferrer\">http:\/\/gki.hu\/vizzu\/<\/a><\/strong> oldalon \u00e9rhet\u0151 el.(MTI)<\/p>\n","protected":false},"excerpt":{"rendered":"<p>P\u00e9ld\u00e1tlanul nagy m\u00e9rt\u00e9kben, 33,1 ponttal esett a GKI konjunkt\u00faraindexe \u00e1prilisban, az \u00fczleti \u00e9s a fogyaszt\u00f3i v\u00e1rakoz\u00e1sok egyar\u00e1nt jelent\u0151sen romlottak &#8211; k\u00f6z\u00f6lte a GKI Gazdas\u00e1gkutat\u00f3 Zrt. az MTI-vel h\u00e9tf\u0151n.<\/p>\n","protected":false},"author":1001006,"featured_media":0,"comment_status":"closed","ping_status":"open","sticky":false,"template":"","format":"standard","meta":[],"categories":[19],"tags":[],"_links":{"self":[{"href":"https:\/\/gazdasagportal.hu\/index.php\/wp-json\/wp\/v2\/posts\/125882"}],"collection":[{"href":"https:\/\/gazdasagportal.hu\/index.php\/wp-json\/wp\/v2\/posts"}],"about":[{"href":"https:\/\/gazdasagportal.hu\/index.php\/wp-json\/wp\/v2\/types\/post"}],"author":[{"embeddable":true,"href":"https:\/\/gazdasagportal.hu\/index.php\/wp-json\/wp\/v2\/users\/1001006"}],"replies":[{"embeddable":true,"href":"https:\/\/gazdasagportal.hu\/index.php\/wp-json\/wp\/v2\/comments?post=125882"}],"version-history":[{"count":1,"href":"https:\/\/gazdasagportal.hu\/index.php\/wp-json\/wp\/v2\/posts\/125882\/revisions"}],"predecessor-version":[{"id":125883,"href":"https:\/\/gazdasagportal.hu\/index.php\/wp-json\/wp\/v2\/posts\/125882\/revisions\/125883"}],"wp:attachment":[{"href":"https:\/\/gazdasagportal.hu\/index.php\/wp-json\/wp\/v2\/media?parent=125882"}],"wp:term":[{"taxonomy":"category","embeddable":true,"href":"https:\/\/gazdasagportal.hu\/index.php\/wp-json\/wp\/v2\/categories?post=125882"},{"taxonomy":"post_tag","embeddable":true,"href":"https:\/\/gazdasagportal.hu\/index.php\/wp-json\/wp\/v2\/tags?post=125882"}],"curies":[{"name":"wp","href":"https:\/\/api.w.org\/{rel}","templated":true}]}}