{"id":125871,"date":"2020-04-26T19:54:56","date_gmt":"2020-04-26T17:54:56","guid":{"rendered":"http:\/\/gazdasagportal.hu\/?p=125871"},"modified":"2020-04-26T19:54:56","modified_gmt":"2020-04-26T17:54:56","slug":"az-amerikai-gazdasag-nyaron-talpra-allhat","status":"publish","type":"post","link":"https:\/\/gazdasagportal.hu\/index.php\/az-amerikai-gazdasag-nyaron-talpra-allhat\/","title":{"rendered":"Az amerikai gazdas\u00e1g ny\u00e1ron talpra \u00e1llhat"},"content":{"rendered":"<p><strong>Az amerikai gazdas\u00e1g ny\u00e1ron talpra \u00e1llhat, ha a k\u00f6vetkez\u0151 k\u00e9t h\u00f3napban \u00fajraind\u00edtj\u00e1k a koronav\u00edrus-j\u00e1rv\u00e1ny miatt le\u00e1ll\u00edtott termel\u00e9st &#8211; jelentette ki Steven Mnuchin amerikai p\u00e9nz\u00fcgyminiszter vas\u00e1rnap a Fox telev\u00edzi\u00f3nak adott interj\u00faj\u00e1ban.<\/strong><!--more--><\/p>\n<div class=\"ads-in-post1\"><div id=\"gazdasagportal.hu_fullbanner_wideboard\"><\/div>\r\n<\/div>\n<p>    A t\u00e1rcavezet\u0151 szerint a k\u00f6zel h\u00e1romezer milli\u00e1rd doll\u00e1r \u00e9rt\u00e9k\u0171 gazdas\u00e1gi \u00e9l\u00e9nk\u00edt\u0151 csomagok j\u00faliusra, augusztusra hozna eredm\u00e9nyt, att\u00f3l f\u00fcgg\u0151en, hogy az egyes \u00e1llamokban mikor ind\u00edtj\u00e1k \u00fajra az \u00fczleti \u00e9letet.<br \/>\n    A miniszter \u00fagy fogalmazott, &#8222;p\u00e9ld\u00e1tlan mennyis\u00e9g\u0171 p\u00e9nzt nyomunk a gazdas\u00e1gba az \u00e9l\u00e9nk\u00edt\u00e9sre, t\u00f6bb ezermilli\u00e1rd doll\u00e1rt, \u00e9s ennek meglesz a hat\u00e1sa&#8221;.<br \/>\n    Mnuchin pr\u00f3b\u00e1lta kicsiny\u00edteni a kongresszusi k\u00f6lts\u00e9gvet\u00e9si hivatal el\u0151rejelz\u00e9seit a munkan\u00e9lk\u00fclis\u00e9g n\u00f6veked\u00e9s\u00e9r\u0151l \u00e9s a hazai \u00f6sszterm\u00e9k cs\u00f6kken\u00e9s\u00e9r\u0151l, \u00e9s \u00fagy v\u00e9lte, hogy a Goldman Sachs bankh\u00e1z elemz\u0151inek a vil\u00e1ggazdas\u00e1gi v\u00e1ls\u00e1gr\u00f3l sz\u00f3l\u00f3 el\u0151rejelz\u00e9sei szint\u00e9n nem helyt\u00e1ll\u00f3ak. &#8222;Ezeket az el\u0151rejelz\u00e9seket a jelenlegi eg\u00e9szs\u00e9g\u00fcgyi helyzetre alapozva fogalmazt\u00e1k meg&#8221; &#8211; mondta. Hozz\u00e1f\u0171zte: ha m\u00e9g t\u00f6bb p\u00e9nzre lesz sz\u00fcks\u00e9g, akkor a korm\u00e1nyzat k\u00e9sz m\u00e9g t\u00f6bb p\u00e9nzt a gazdas\u00e1gba nyomni. &#8222;De ezt csakis k\u00e9tp\u00e1rti t\u00e1mogat\u00e1ssal tessz\u00fck meg&#8221; &#8211; fogalmazott.<br \/>\n<div class=\"ads-in-post2\"><script async src=\"https:\/\/pagead2.googlesyndication.com\/pagead\/js\/adsbygoogle.js\"><\/script>\r\n<ins class=\"adsbygoogle\"\r\n     style=\"display:block\"\r\n     data-ad-format=\"fluid\"\r\n     data-ad-layout-key=\"-6t+ed+2i-1n-4w\"\r\n     data-ad-client=\"ca-pub-1959107119989764\"\r\n     data-ad-slot=\"4008251320\"><\/ins>\r\n<script>\r\n     (adsbygoogle = window.adsbygoogle || []).push({});\r\n<\/script><\/div>\n    Joe Biden, az Obama-korm\u00e1nyzat egykori aleln\u00f6ke, a demokrat\u00e1k v\u00e1rhat\u00f3 eln\u00f6kjel\u00f6ltje k\u00f6zben tov\u00e1bbi gazdas\u00e1g\u00e9l\u00e9nk\u00edt\u0151 csomagokat s\u00fcrgetett. A Politico c\u00edm\u0171 lapnak adott interj\u00faj\u00e1ban a politikus \u00fagy fogalmazott: a k\u00f6vetkez\u0151 gazdas\u00e1gi csomagnak &#8222;az \u00f6rd\u00f6gbe is, nagyobbnak kell lennie 2000 milli\u00e1rd doll\u00e1rn\u00e1l&#8221;. Egy t\u00f6bb mint 2000 milli\u00e1rdos gazdas\u00e1g\u00e9l\u00e9nk\u00edt\u0151 csomagot a m\u00falt h\u00f3napban fogadott el a sz\u00f6vets\u00e9gi kongresszus. Biden szerint t\u00f6bb p\u00e9nz kell az egyes tag\u00e1llamoknak \u00e9s v\u00e1rosoknak, hogy &#8222;ne bocs\u00e1ssanak el rengeteg tan\u00e1rt, zsarut \u00e9s t\u0171zolt\u00f3t&#8221;.(MTI)<\/p>\n","protected":false},"excerpt":{"rendered":"<p>Az amerikai gazdas\u00e1g ny\u00e1ron talpra \u00e1llhat, ha a k\u00f6vetkez\u0151 k\u00e9t h\u00f3napban \u00fajraind\u00edtj\u00e1k a koronav\u00edrus-j\u00e1rv\u00e1ny miatt le\u00e1ll\u00edtott termel\u00e9st &#8211; jelentette ki Steven Mnuchin amerikai p\u00e9nz\u00fcgyminiszter vas\u00e1rnap a Fox telev\u00edzi\u00f3nak adott interj\u00faj\u00e1ban.<\/p>\n","protected":false},"author":1001006,"featured_media":0,"comment_status":"closed","ping_status":"open","sticky":false,"template":"","format":"standard","meta":[],"categories":[246],"tags":[],"_links":{"self":[{"href":"https:\/\/gazdasagportal.hu\/index.php\/wp-json\/wp\/v2\/posts\/125871"}],"collection":[{"href":"https:\/\/gazdasagportal.hu\/index.php\/wp-json\/wp\/v2\/posts"}],"about":[{"href":"https:\/\/gazdasagportal.hu\/index.php\/wp-json\/wp\/v2\/types\/post"}],"author":[{"embeddable":true,"href":"https:\/\/gazdasagportal.hu\/index.php\/wp-json\/wp\/v2\/users\/1001006"}],"replies":[{"embeddable":true,"href":"https:\/\/gazdasagportal.hu\/index.php\/wp-json\/wp\/v2\/comments?post=125871"}],"version-history":[{"count":1,"href":"https:\/\/gazdasagportal.hu\/index.php\/wp-json\/wp\/v2\/posts\/125871\/revisions"}],"predecessor-version":[{"id":125872,"href":"https:\/\/gazdasagportal.hu\/index.php\/wp-json\/wp\/v2\/posts\/125871\/revisions\/125872"}],"wp:attachment":[{"href":"https:\/\/gazdasagportal.hu\/index.php\/wp-json\/wp\/v2\/media?parent=125871"}],"wp:term":[{"taxonomy":"category","embeddable":true,"href":"https:\/\/gazdasagportal.hu\/index.php\/wp-json\/wp\/v2\/categories?post=125871"},{"taxonomy":"post_tag","embeddable":true,"href":"https:\/\/gazdasagportal.hu\/index.php\/wp-json\/wp\/v2\/tags?post=125871"}],"curies":[{"name":"wp","href":"https:\/\/api.w.org\/{rel}","templated":true}]}}