{"id":125869,"date":"2020-04-26T17:44:01","date_gmt":"2020-04-26T15:44:01","guid":{"rendered":"http:\/\/gazdasagportal.hu\/?p=125869"},"modified":"2020-04-26T17:44:02","modified_gmt":"2020-04-26T15:44:02","slug":"az-otthoni-munkavegzes-joganak-bevezeteset-tervezi-a-nemet-kormany","status":"publish","type":"post","link":"https:\/\/gazdasagportal.hu\/index.php\/az-otthoni-munkavegzes-joganak-bevezeteset-tervezi-a-nemet-kormany\/","title":{"rendered":"Az otthoni munkav\u00e9gz\u00e9s jog\u00e1nak bevezet\u00e9s\u00e9t tervezi a n\u00e9met korm\u00e1ny"},"content":{"rendered":"<p><strong>Bevezethetik N\u00e9metorsz\u00e1gban az otthoni munkav\u00e9gz\u00e9s jog\u00e1t, a sz\u00f6vets\u00e9gi munka\u00fcgyi \u00e9s szoci\u00e1lis miniszt\u00e9riumban m\u00e1r dolgoznak a t\u00f6rv\u00e9nyjavaslaton &#8211; mondta a t\u00e1rca vezet\u0151je egy vas\u00e1rnapi lapinterj\u00faban.<\/strong><!--more--><\/p>\n<div class=\"ads-in-post1\"><div id=\"gazdasagportal.hu_fullbanner_wideboard\"><\/div>\r\n<\/div>\n<p>    A jogszab\u00e1lytervezet \u0151sszel ker\u00fcl a korm\u00e1ny el\u00e9, \u00e9s arr\u00f3l sz\u00f3l majd, hogy b\u00e1rki dolgozhat otthonr\u00f3l, ha szeretne, \u00e9s el tudja v\u00e9gezni a feladatait munkahelyi jelenl\u00e9t n\u00e9lk\u00fcl  &#8211; mondta Hubertus Heil a Bild am Sonntag c\u00edm\u0171 lapban k\u00f6z\u00f6lt interj\u00faban.<br \/>\n    Valamennyi munkak\u00f6rben meg lehet majd k\u00f6vetelni az otthoni munkav\u00e9gz\u00e9s (homeoffice) lehet\u0151s\u00e9g\u00e9t, amelyben nincs felt\u00e9tlen\u00fcl sz\u00fcks\u00e9g szem\u00e9lyes megjelen\u00e9sre a v\u00e1llalat telephely\u00e9n. A munkav\u00e1llal\u00f3 szabadon eld\u00f6ntheti majd, hogy \u00e1lland\u00f3an, vagy bizonyos napokon dolgozik otthonr\u00f3l.<br \/>\n    Ugyanakkor m\u00e9lt\u00e1nyos, &#8222;fair szab\u00e1lyokkal megakad\u00e1lyozzuk, hogy az otthonr\u00f3l v\u00e9gzett munka t\u00fals\u00e1gosan belefolyjon a mag\u00e1n\u00e9letbe&#8221; &#8211; mondta a szoci\u00e1ldemokrata (SPD) politikus, kiemelve, hogy &#8222;a homeoffice-ban is lej\u00e1r a munkaid\u0151, m\u00e9ghozz\u00e1 nem este t\u00edzkor&#8221;.<br \/>\n<div class=\"ads-in-post2\"><script async src=\"https:\/\/pagead2.googlesyndication.com\/pagead\/js\/adsbygoogle.js\"><\/script>\r\n<ins class=\"adsbygoogle\"\r\n     style=\"display:block\"\r\n     data-ad-format=\"fluid\"\r\n     data-ad-layout-key=\"-6t+ed+2i-1n-4w\"\r\n     data-ad-client=\"ca-pub-1959107119989764\"\r\n     data-ad-slot=\"4008251320\"><\/ins>\r\n<script>\r\n     (adsbygoogle = window.adsbygoogle || []).push({});\r\n<\/script><\/div>\n    A koronav\u00edrus-j\u00e1rv\u00e1ny kezdete \u00f3ta az els\u0151 \u00f3vatos becsl\u00e9sek szerint 12 sz\u00e1zal\u00e9kr\u00f3l  25 sz\u00e1zal\u00e9kra emelkedett az otthonr\u00f3l dolgoz\u00f3 alkalmazottak ar\u00e1nya, ami azt jelenti, hogy nyolcmilli\u00f3an v\u00e9gzik el a munk\u00e1jukat hazulr\u00f3l. El kell \u00e9rni, hogy ezt a j\u00e1rv\u00e1ny ut\u00e1n is megtehess\u00e9k &#8211; mondta Hubertus Heil.<br \/>\n    A Bild am Sonntag \u00f6ssze\u00e1ll\u00edt\u00e1sa szerint az \u00e9rv\u00e9nyes munka\u00fcgyi szab\u00e1lyok szerint az otthoni munkav\u00e9gz\u00e9s csak a munkaad\u00f3 \u00e9s az alkalmazott k\u00fcl\u00f6n meg\u00e1llapod\u00e1s\u00e1val lehets\u00e9ges. A munkahelyi balesetekre vonatkoz\u00f3 biztos\u00edt\u00e1s a homeoffice-ra nem \u00e9rv\u00e9nyes, \u00edgy nem sz\u00e1m\u00edthat k\u00e1rt\u00e9r\u00edt\u00e9sre az otthon dolgoz\u00f3 alkalmazott, ha a munkaid\u0151 alatt balesetet szenved a lak\u00e1s\u00e1ban.(MTI)<\/p>\n","protected":false},"excerpt":{"rendered":"<p>Bevezethetik N\u00e9metorsz\u00e1gban az otthoni munkav\u00e9gz\u00e9s jog\u00e1t, a sz\u00f6vets\u00e9gi munka\u00fcgyi \u00e9s szoci\u00e1lis miniszt\u00e9riumban m\u00e1r dolgoznak a t\u00f6rv\u00e9nyjavaslaton &#8211; mondta a t\u00e1rca vezet\u0151je egy vas\u00e1rnapi lapinterj\u00faban.<\/p>\n","protected":false},"author":1001006,"featured_media":0,"comment_status":"closed","ping_status":"open","sticky":false,"template":"","format":"standard","meta":[],"categories":[12],"tags":[],"_links":{"self":[{"href":"https:\/\/gazdasagportal.hu\/index.php\/wp-json\/wp\/v2\/posts\/125869"}],"collection":[{"href":"https:\/\/gazdasagportal.hu\/index.php\/wp-json\/wp\/v2\/posts"}],"about":[{"href":"https:\/\/gazdasagportal.hu\/index.php\/wp-json\/wp\/v2\/types\/post"}],"author":[{"embeddable":true,"href":"https:\/\/gazdasagportal.hu\/index.php\/wp-json\/wp\/v2\/users\/1001006"}],"replies":[{"embeddable":true,"href":"https:\/\/gazdasagportal.hu\/index.php\/wp-json\/wp\/v2\/comments?post=125869"}],"version-history":[{"count":1,"href":"https:\/\/gazdasagportal.hu\/index.php\/wp-json\/wp\/v2\/posts\/125869\/revisions"}],"predecessor-version":[{"id":125870,"href":"https:\/\/gazdasagportal.hu\/index.php\/wp-json\/wp\/v2\/posts\/125869\/revisions\/125870"}],"wp:attachment":[{"href":"https:\/\/gazdasagportal.hu\/index.php\/wp-json\/wp\/v2\/media?parent=125869"}],"wp:term":[{"taxonomy":"category","embeddable":true,"href":"https:\/\/gazdasagportal.hu\/index.php\/wp-json\/wp\/v2\/categories?post=125869"},{"taxonomy":"post_tag","embeddable":true,"href":"https:\/\/gazdasagportal.hu\/index.php\/wp-json\/wp\/v2\/tags?post=125869"}],"curies":[{"name":"wp","href":"https:\/\/api.w.org\/{rel}","templated":true}]}}