{"id":125865,"date":"2020-04-26T14:53:11","date_gmt":"2020-04-26T12:53:11","guid":{"rendered":"http:\/\/gazdasagportal.hu\/?p=125865"},"modified":"2020-04-26T14:53:11","modified_gmt":"2020-04-26T12:53:11","slug":"heti-tozsdei-osszefoglalo-emelkedo-forgalomban-csokkent-a-bux-a-heten-4","status":"publish","type":"post","link":"https:\/\/gazdasagportal.hu\/index.php\/heti-tozsdei-osszefoglalo-emelkedo-forgalomban-csokkent-a-bux-a-heten-4\/","title":{"rendered":"Heti t\u0151zsdei \u00f6sszefoglal\u00f3 &#8211; Emelked\u0151 forgalomban cs\u00f6kkent a BUX a h\u00e9ten"},"content":{"rendered":"<p><strong>Emelked\u0151 forgalomban cs\u00f6kkent a Budapesti \u00c9rt\u00e9kt\u0151zsde (B\u00c9T) r\u00e9szv\u00e9nyindexe a h\u00e9ten, a BUX 32 964,67 ponton z\u00e1rt p\u00e9nteken, 208,73 ponttal, 0,63 sz\u00e1zal\u00e9kkal alacsonyabban el\u0151z\u0151 p\u00e9nteki z\u00e1r\u00f3\u00e9rt\u00e9k\u00e9n\u00e9l. A vezet\u0151 r\u00e9szv\u00e9nyek a 2,02 sz\u00e1zal\u00e9kkal emelked\u0151 Richter kiv\u00e9tel\u00e9vel gyeng\u00fcltek, a legrosszabb teljes\u00edtm\u00e9nyt a Mol ny\u00fajtotta, mely 3,18 sz\u00e1zal\u00e9kkal gyeng\u00fclt.<\/strong><!--more--><\/p>\n<div class=\"ads-in-post1\"><div id=\"gazdasagportal.hu_fullbanner_wideboard\"><\/div>\r\n<\/div>\n<p>    A r\u00e9szv\u00e9nypiac heti forgalma 72,61 milli\u00e1rd forint volt az el\u0151z\u0151 heti 69,11 milli\u00e1rd forint ut\u00e1n.<br \/>\n    Az Equilor Befektet\u00e9si Zrt. MTI-nek k\u00fcld\u00f6tt elemz\u00e9se szerint a h\u00e9ten is hull\u00e1mvas\u00faton volt a magyar t\u0151zsdeindex. Az olajat rekord alacsony szinteken kereskedt\u00e9k, a m\u00e1jusi olaj\u00e1r a negat\u00edv tartom\u00e1nyban is volt a h\u00e9t els\u0151 fel\u00e9ben, ami r\u00e1nyomta b\u00e9lyeg\u00e9t a nemzetk\u00f6zi befektet\u0151i hangulatra. A h\u00e9t m\u00e1sodik fel\u00e9ben az olaj\u00e1r normaliz\u00e1l\u00f3dott, ami miatt a BUX index is fell\u00e9legzett.<br \/>\n    A h\u00e9t h\u00edrei k\u00f6z\u00fcl kiemelt\u00e9k, hogy Orb\u00e1n Viktor minisztereln\u00f6k kil\u00e1t\u00e1sba helyezte a gazdas\u00e1g fokozatos \u00fajraindul\u00e1s\u00e1t m\u00e1jus 4-t\u0151l.<br \/>\n    Varga Mih\u00e1ly azt nyilatkozta, most z\u00e1r\u00f3jelbe kell tenni a n\u00f6veked\u00e9si forgat\u00f3k\u00f6nyveket. A p\u00e9nz\u00fcgyminiszter 3 sz\u00e1zal\u00e9k k\u00f6r\u00fcli visszaes\u00e9sre sz\u00e1m\u00edt, de m\u00e9rt\u00e9ke nagyban f\u00fcgg att\u00f3l, hogy a gazdas\u00e1g mikor tud kij\u00f6nni a karant\u00e9nb\u00f3l. Hangs\u00falyozta: a j\u00e1rv\u00e1ny alatt is t\u00f6rekedni kell a k\u00f6lts\u00e9gvet\u00e9si fegyelemre, de nem szabad ragaszkodni a hi\u00e1ny 3 sz\u00e1zal\u00e9k alatt tart\u00e1s\u00e1hoz.<br \/>\n    A Magyar Nemzeti Bank (MNB) 694,4 milli\u00e1rd forint \u00e9rt\u00e9kben fogadott be bet\u00e9tet a cs\u00fct\u00f6rt\u00f6k\u00f6n tartott egyhetes bet\u00e9ti eszk\u00f6z tenderen, a teljes beny\u00fajtott \u00e1llom\u00e1nyr\u00f3l nincs inform\u00e1ci\u00f3.<br \/>\n    Az elemz\u00e9sben kiemelik tov\u00e1bb\u00e1, hogy cs\u00f6kken a lakoss\u00e1g s\u00falya az \u00e1llamad\u00f3ss\u00e1g finansz\u00edroz\u00e1s\u00e1ban. A m\u00f3dos\u00edtott k\u00f6lts\u00e9gvet\u00e9s id\u00e9n 1 sz\u00e1zal\u00e9k helyett 2,7 sz\u00e1zal\u00e9kos hi\u00e1nnyal sz\u00e1mol, mik\u00f6zben a v\u00e1rtn\u00e1l jobban visszaesett a lakoss\u00e1gi \u00e1llampap\u00edrok \u00e9rt\u00e9kes\u00edt\u00e9se, \u00e9s a tavalyihoz k\u00e9pest 590 milli\u00e1rd forinttal t\u00f6bb visszav\u00e1lt\u00e1st \u00e9s visszav\u00e1s\u00e1rl\u00e1st terveznek.<br \/>\n<div class=\"ads-in-post2\"><script async src=\"https:\/\/pagead2.googlesyndication.com\/pagead\/js\/adsbygoogle.js\"><\/script>\r\n<ins class=\"adsbygoogle\"\r\n     style=\"display:block\"\r\n     data-ad-format=\"fluid\"\r\n     data-ad-layout-key=\"-6t+ed+2i-1n-4w\"\r\n     data-ad-client=\"ca-pub-1959107119989764\"\r\n     data-ad-slot=\"4008251320\"><\/ins>\r\n<script>\r\n     (adsbygoogle = window.adsbygoogle || []).push({});\r\n<\/script><\/div>\n    A megn\u00f6vekedett forr\u00e1sig\u00e9ny fedez\u00e9s\u00e9re az \u00c1llamad\u00f3ss\u00e1g Kezel\u0151 k\u00f6zpont (\u00c1KK) n\u00f6velni akarja az int\u00e9zm\u00e9nyi befektet\u0151k \u00e9s a devizak\u00f6tv\u00e9nyek szerep\u00e9t. Az \u00c1KK ennek megfelel\u0151en 1652 milli\u00e1rd forinttal t\u00f6bb int\u00e9zm\u00e9nyi forintk\u00f6tv\u00e9nyt bocs\u00e1tana ki, els\u0151sorban 3 \u00e9s 5 \u00e9ves futamid\u0151vel, m\u00e1sr\u00e9szt n\u00e9gymilli\u00e1rd eur\u00f3nyi devizak\u00f6tv\u00e9ny kibocs\u00e1t\u00e1s\u00e1t tervezi a kor\u00e1bbi 1 milli\u00e1rd eur\u00f3 helyett.<br \/>\n    Az OTP a h\u00e9ten tov\u00e1bb vette saj\u00e1t r\u00e9szv\u00e9nyeit, cs\u00fct\u00f6rt\u00f6kig \u00fajabb 400 ezer darabot v\u00e1s\u00e1rolt, 8254 forintos \u00e1tlag\u00e1ron.<br \/>\n    Az HSBC 435 forintr\u00f3l 420 forintra cs\u00f6kkentette a Magyar Telekomra vonatkoz\u00f3, 12 havi c\u00e9l\u00e1rfolyam\u00e1t, az aj\u00e1nl\u00e1st viszont tart\u00e1sr\u00f3l v\u00e9telre m\u00f3dos\u00edtotta.<br \/>\n    A h\u00e9ten az OTP-r\u00e9szv\u00e9nyek \u00e1ra 0,88 sz\u00e1zal\u00e9kkal cs\u00f6kkent, p\u00e9nteken 8400 forinton z\u00e1rtak, heti forgalmuk megk\u00f6zel\u00edtette a 40,1 milli\u00e1rd forintot.<br \/>\n    A Richter 2,02 sz\u00e1zal\u00e9kkal er\u0151s\u00f6d\u00f6tt, a h\u00e9t utols\u00f3 keresked\u00e9si napj\u00e1n 6560 forinton z\u00e1rt, heti forgalma meghaladta a 15,13 milli\u00e1rd forintot.<br \/>\n    A Mol \u00e1ra 3,18 sz\u00e1zal\u00e9kkal cs\u00f6kkent a h\u00e9ten, p\u00e9nteken 2010 forinton fejezte be a keresked\u00e9st, heti forgalma mintegy 10,66 milli\u00e1rd forint volt.<br \/>\n    A Magyar Telekom 1,74 sz\u00e1zal\u00e9kkal esett, p\u00e9nteki z\u00e1r\u00f3\u00e1ra 366 forint volt, heti forgalma mintegy 1,33 milli\u00e1rd forintot tett ki.<br \/>\n    A kis- \u00e9s k\u00f6zepes r\u00e9szv\u00e9nyek indexe, a BUMIX 3266,09 ponton z\u00e1rt p\u00e9nteken, az el\u0151z\u0151 h\u00e9thez k\u00e9pest 54,58 ponttal, 1,70 sz\u00e1zal\u00e9kkal magasabban.(MTI)<\/p>\n","protected":false},"excerpt":{"rendered":"<p>Emelked\u0151 forgalomban cs\u00f6kkent a Budapesti \u00c9rt\u00e9kt\u0151zsde (B\u00c9T) r\u00e9szv\u00e9nyindexe a h\u00e9ten, a BUX 32 964,67 ponton z\u00e1rt p\u00e9nteken, 208,73 ponttal, 0,63 sz\u00e1zal\u00e9kkal alacsonyabban el\u0151z\u0151 p\u00e9nteki z\u00e1r\u00f3\u00e9rt\u00e9k\u00e9n\u00e9l. A vezet\u0151 r\u00e9szv\u00e9nyek a 2,02 sz\u00e1zal\u00e9kkal emelked\u0151 Richter kiv\u00e9tel\u00e9vel gyeng\u00fcltek, a legrosszabb teljes\u00edtm\u00e9nyt a Mol ny\u00fajtotta, mely 3,18 sz\u00e1zal\u00e9kkal gyeng\u00fclt.<\/p>\n","protected":false},"author":1001006,"featured_media":782,"comment_status":"closed","ping_status":"open","sticky":false,"template":"","format":"standard","meta":[],"categories":[146,7],"tags":[],"_links":{"self":[{"href":"https:\/\/gazdasagportal.hu\/index.php\/wp-json\/wp\/v2\/posts\/125865"}],"collection":[{"href":"https:\/\/gazdasagportal.hu\/index.php\/wp-json\/wp\/v2\/posts"}],"about":[{"href":"https:\/\/gazdasagportal.hu\/index.php\/wp-json\/wp\/v2\/types\/post"}],"author":[{"embeddable":true,"href":"https:\/\/gazdasagportal.hu\/index.php\/wp-json\/wp\/v2\/users\/1001006"}],"replies":[{"embeddable":true,"href":"https:\/\/gazdasagportal.hu\/index.php\/wp-json\/wp\/v2\/comments?post=125865"}],"version-history":[{"count":1,"href":"https:\/\/gazdasagportal.hu\/index.php\/wp-json\/wp\/v2\/posts\/125865\/revisions"}],"predecessor-version":[{"id":125866,"href":"https:\/\/gazdasagportal.hu\/index.php\/wp-json\/wp\/v2\/posts\/125865\/revisions\/125866"}],"wp:featuredmedia":[{"embeddable":true,"href":"https:\/\/gazdasagportal.hu\/index.php\/wp-json\/wp\/v2\/media\/782"}],"wp:attachment":[{"href":"https:\/\/gazdasagportal.hu\/index.php\/wp-json\/wp\/v2\/media?parent=125865"}],"wp:term":[{"taxonomy":"category","embeddable":true,"href":"https:\/\/gazdasagportal.hu\/index.php\/wp-json\/wp\/v2\/categories?post=125865"},{"taxonomy":"post_tag","embeddable":true,"href":"https:\/\/gazdasagportal.hu\/index.php\/wp-json\/wp\/v2\/tags?post=125865"}],"curies":[{"name":"wp","href":"https:\/\/api.w.org\/{rel}","templated":true}]}}