{"id":125863,"date":"2020-04-26T10:31:36","date_gmt":"2020-04-26T08:31:36","guid":{"rendered":"http:\/\/gazdasagportal.hu\/?p=125863"},"modified":"2020-04-26T10:31:36","modified_gmt":"2020-04-26T08:31:36","slug":"meghalt-10-beteg-es-2500-ra-emelkedett-a-fertozottek-szama-magyarorszagon","status":"publish","type":"post","link":"https:\/\/gazdasagportal.hu\/index.php\/meghalt-10-beteg-es-2500-ra-emelkedett-a-fertozottek-szama-magyarorszagon\/","title":{"rendered":"Meghalt 10 beteg \u00e9s 2500-ra emelkedett a fert\u0151z\u00f6ttek sz\u00e1ma Magyarorsz\u00e1gon"},"content":{"rendered":"<p>Meghalt 10 kr\u00f3nikus beteg, \u00e9s 57-tel, 2500-ra emelkedett az azonos\u00edtott koronav\u00edrus-fert\u0151z\u00f6ttek sz\u00e1ma Magyarorsz\u00e1gon &#8211; k\u00f6z\u00f6lte a <strong><a href=\"https:\/\/koronavirus.gov.hu\/\" target=\"_blank\" rel=\"noopener noreferrer\">koronavirus.gov.hu<\/a><\/strong> vas\u00e1rnap reggel.<!--more--><\/p>\n<div class=\"ads-in-post1\"><div id=\"gazdasagportal.hu_fullbanner_wideboard\"><\/div>\r\n<\/div>\n<p>A korm\u00e1nyzati port\u00e1lon azt \u00edrt\u00e1k: \u00fajabb magyar \u00e1llampolg\u00e1rokn\u00e1l mutatt\u00e1k ki az \u00faj koronav\u00edrus-fert\u0151z\u00e9st. Az elhunytak sz\u00e1ma 272-re emelkedett. 485-en m\u00e1r gy\u00f3gyultan t\u00e1voztak a k\u00f3rh\u00e1zb\u00f3l.<br \/>\n927 koronav\u00edrusos beteget \u00e1polnak k\u00f3rh\u00e1zban, k\u00f6z\u00fcl\u00fck 56-an vannak l\u00e9legeztet\u0151g\u00e9pen. A betegek sz\u00e1m\u00e1nak n\u00f6veked\u00e9se miatt a k\u00f3rh\u00e1zak orsz\u00e1gszerte n\u00f6velik \u00e1gykapacit\u00e1sukat, k\u00e9sz\u00fclve a t\u00f6meges megbeteged\u00e9sek f\u00e1zis\u00e1ra.<br \/>\nAz oldal adatai szerint jelenleg 9589-en vannak hat\u00f3s\u00e1gi h\u00e1zi karant\u00e9nban. A mintav\u00e9telek sz\u00e1ma 63 505.<br \/>\nKiemelt\u00e9k: a csoportos megbeteged\u00e9sek szakasz\u00e1ban vagyunk, amikor k\u00f6z\u00f6ss\u00e9gben, szem\u00e9lyes \u00e9rintkez\u00e9sek \u00fatj\u00e1n terjed a fert\u0151z\u00e9s. Magyarorsz\u00e1gon is m\u00e1r b\u00e1rhol \u00e9s b\u00e1rkiben jelen lehet a v\u00edrus. Az azonos\u00edtott koronav\u00edrus-fert\u0151z\u00f6ttekn\u00e9l j\u00f3val t\u00f6bb a t\u00e9nyleges v\u00edrushordoz\u00f3, aki fert\u0151zhet. A t\u00f6meges fert\u0151z\u00e9s lass\u00edt\u00e1s\u00e1hoz nagyon fontos, hogy az id\u0151sek, a di\u00e1kok, a k\u00fclf\u00f6ldr\u0151l hazat\u00e9r\u0151k, \u00e9s aki teheti, maradjon otthon, tov\u00e1bb\u00e1 mindenki tartsa be az aj\u00e1nl\u00e1sokat \u00e9s a kij\u00e1r\u00e1si korl\u00e1toz\u00e1sokat.<br \/>\n<div class=\"ads-in-post2\"><script async src=\"https:\/\/pagead2.googlesyndication.com\/pagead\/js\/adsbygoogle.js\"><\/script>\r\n<ins class=\"adsbygoogle\"\r\n     style=\"display:block\"\r\n     data-ad-format=\"fluid\"\r\n     data-ad-layout-key=\"-6t+ed+2i-1n-4w\"\r\n     data-ad-client=\"ca-pub-1959107119989764\"\r\n     data-ad-slot=\"4008251320\"><\/ins>\r\n<script>\r\n     (adsbygoogle = window.adsbygoogle || []).push({});\r\n<\/script><\/div>\nK\u00fcl\u00f6n\u00f6sen a budapestieket k\u00e9rik, hogy tarts\u00e1k be a korl\u00e1toz\u00e1sokat, mert a f\u0151v\u00e1rosban van a legt\u00f6bb fert\u0151z\u00f6tt.<br \/>\nAhogy az eddigi elhunytak adataib\u00f3l is l\u00e1tszik, a koronav\u00edrus az id\u0151sekre a legvesz\u00e9lyesebb, ez\u00e9rt nyomat\u00e9kosan k\u00e9rik az id\u0151seket, hogy maradjanak otthon, \u00e9s a bev\u00e1s\u00e1rl\u00e1shoz k\u00e9rj\u00e9k hozz\u00e1tartoz\u00f3ik vagy az \u00f6nkorm\u00e1nyzat seg\u00edts\u00e9g\u00e9t. Az id\u0151sotthonok ellen\u0151rz\u00e9se tart, az int\u00e9zm\u00e9nyek vezet\u0151it \u00e9s a fenntart\u00f3kat k\u00e9rik a j\u00e1rv\u00e1ny\u00fcgyi int\u00e9zked\u00e9sek fokozott \u00e9s folyamatos v\u00e9grehajt\u00e1s\u00e1ra &#8211; tett\u00e9k hozz\u00e1.<br \/>\nAz oldal t\u00e9rk\u00e9pe alapj\u00e1n tov\u00e1bbra is Budapesten (1274 ember) \u00e9s Pest megy\u00e9ben (350) van a legt\u00f6bb fert\u0151z\u00f6tt.<br \/>\nEzt k\u00f6veti Fej\u00e9r megye (251), Gy\u0151r-Moson-Sopron megye (75), Kom\u00e1rom-Esztergom megye (72), Csongr\u00e1d megye (63) \u00e9s Borsod-Aba\u00faj-Zempl\u00e9n (62).<br \/>\nB\u00e9k\u00e9s megy\u00e9ben van a legkevesebb (13) fert\u0151z\u00f6tt Magyarorsz\u00e1gon.(MTI)<\/p>\n","protected":false},"excerpt":{"rendered":"<p>Meghalt 10 kr\u00f3nikus beteg, \u00e9s 57-tel, 2500-ra emelkedett az azonos\u00edtott koronav\u00edrus-fert\u0151z\u00f6ttek sz\u00e1ma Magyarorsz\u00e1gon &#8211; k\u00f6z\u00f6lte a koronavirus.gov.hu vas\u00e1rnap reggel.<\/p>\n","protected":false},"author":1001006,"featured_media":124314,"comment_status":"closed","ping_status":"open","sticky":false,"template":"","format":"standard","meta":[],"categories":[146,4,427],"tags":[],"_links":{"self":[{"href":"https:\/\/gazdasagportal.hu\/index.php\/wp-json\/wp\/v2\/posts\/125863"}],"collection":[{"href":"https:\/\/gazdasagportal.hu\/index.php\/wp-json\/wp\/v2\/posts"}],"about":[{"href":"https:\/\/gazdasagportal.hu\/index.php\/wp-json\/wp\/v2\/types\/post"}],"author":[{"embeddable":true,"href":"https:\/\/gazdasagportal.hu\/index.php\/wp-json\/wp\/v2\/users\/1001006"}],"replies":[{"embeddable":true,"href":"https:\/\/gazdasagportal.hu\/index.php\/wp-json\/wp\/v2\/comments?post=125863"}],"version-history":[{"count":1,"href":"https:\/\/gazdasagportal.hu\/index.php\/wp-json\/wp\/v2\/posts\/125863\/revisions"}],"predecessor-version":[{"id":125864,"href":"https:\/\/gazdasagportal.hu\/index.php\/wp-json\/wp\/v2\/posts\/125863\/revisions\/125864"}],"wp:featuredmedia":[{"embeddable":true,"href":"https:\/\/gazdasagportal.hu\/index.php\/wp-json\/wp\/v2\/media\/124314"}],"wp:attachment":[{"href":"https:\/\/gazdasagportal.hu\/index.php\/wp-json\/wp\/v2\/media?parent=125863"}],"wp:term":[{"taxonomy":"category","embeddable":true,"href":"https:\/\/gazdasagportal.hu\/index.php\/wp-json\/wp\/v2\/categories?post=125863"},{"taxonomy":"post_tag","embeddable":true,"href":"https:\/\/gazdasagportal.hu\/index.php\/wp-json\/wp\/v2\/tags?post=125863"}],"curies":[{"name":"wp","href":"https:\/\/api.w.org\/{rel}","templated":true}]}}