{"id":125861,"date":"2020-04-26T08:29:31","date_gmt":"2020-04-26T06:29:31","guid":{"rendered":"http:\/\/gazdasagportal.hu\/?p=125861"},"modified":"2020-04-26T08:29:31","modified_gmt":"2020-04-26T06:29:31","slug":"koronavirus-csaknem-29-millioan-fertozodtek-meg-a-virussal-szerte-a-vilagon","status":"publish","type":"post","link":"https:\/\/gazdasagportal.hu\/index.php\/koronavirus-csaknem-29-millioan-fertozodtek-meg-a-virussal-szerte-a-vilagon\/","title":{"rendered":"Koronav\u00edrus &#8211; Csaknem 2,9 milli\u00f3an fert\u0151z\u0151dtek meg a v\u00edrussal szerte a vil\u00e1gon"},"content":{"rendered":"<p><strong>Vil\u00e1gszerte 2 897 645-en fert\u0151z\u0151dtek meg a koronav\u00edrus-j\u00e1rv\u00e1nyban, a hal\u00e1lesetek sz\u00e1ma 202 880, a gy\u00f3gyultak\u00e9 pedig 817 034 a baltimore-i Johns Hopkins egyetem vas\u00e1rnap reggeli \u00f6sszes\u00edt\u00e9se szerint.<\/strong><!--more--><\/p>\n<div class=\"ads-in-post1\"><div id=\"gazdasagportal.hu_fullbanner_wideboard\"><\/div>\r\n<\/div>\n    Szombat reggel 2 790 986 volt a fert\u0151z\u00f6ttek, 195 920 a hal\u00e1los \u00e1ldozatok \u00e9s 781 382 a gy\u00f3gyultak sz\u00e1ma.<br \/>\n    A fert\u0151z\u00e9s 185 orsz\u00e1gban van jelen.<br \/>\n    A diagnosztiz\u00e1lt esetek sz\u00e1ma nem t\u00fckr\u00f6zi pontosan a val\u00f3s\u00e1got, mert az egyes orsz\u00e1gokban t\u00f6bb\u00e9-kev\u00e9sb\u00e9 korl\u00e1tozott a tesztek sz\u00e1ma, valamint a sz\u00e1montart\u00e1s krit\u00e9riumai is k\u00fcl\u00f6nb\u00f6znek.<br \/>\n    A legt\u00f6bb hal\u00e1los \u00e1ldozata a SARS-CoV-2 v\u00edrus okozta Covid-19 megbeteged\u00e9snek az Egyes\u00fclt \u00c1llamokban van, ahol 939 053 volt az igazolt fert\u0151z\u00f6ttek, 53 789 a halottak \u00e9s 100 721 a gy\u00f3gyultak sz\u00e1ma. Donald Trump amerikai eln\u00f6k al\u00e1\u00edrta \u00e9s ezzel t\u00f6rv\u00e9nyer\u0151re emelte a kongresszus \u00e1ltal elfogadott 484 milli\u00e1rd doll\u00e1ros gazdas\u00e1gi \u00e9l\u00e9nk\u00edt\u0151 csomagot. Hangs\u00falyozta: az orsz\u00e1g kezd munk\u00e1ba \u00e1llni, de a t\u00e1rsadalmi elk\u00fcl\u00f6n\u00fcl\u00e9s \u00e9s a sz\u00e1jmaszk \u00f6nk\u00e9ntes viselete tov\u00e1bbra is fontos.<br \/>\n    Spanyolorsz\u00e1gban, ahol a j\u00e1rv\u00e1ny tov\u00e1bbra is lassul, 223 759 fert\u0151z\u00f6ttr\u0151l, 22 902 hal\u00e1los \u00e1ldozatr\u00f3l \u00e9s 95 708 gy\u00f3gyult betegr\u0151l tudni.<br \/>\n    Olaszorsz\u00e1gban 195 351 a koronav\u00edrus fert\u0151z\u00f6ttjeinek, 26 384 a hal\u00e1los \u00e1ldozatainak sz\u00e1ma, \u00e9s 63 120-an gy\u00f3gyultak fel a Covid-19-b\u0151l. B\u00e1r a napi hal\u00e1loz\u00e1si adat tov\u00e1bbra sem cs\u00f6kkent 400 al\u00e1, a korm\u00e1ny \u00fagy d\u00f6nt\u00f6tt, hogy \u00e1prilis 27-t\u0151l fokozatosan, n\u00e9gy f\u00e1zisban feloldja a koronav\u00edrus miatt bevezetett \u00f3vint\u00e9zked\u00e9seket. Az olasz m\u00fazeumok \u00e9s r\u00e9g\u00e9szeti parkok \u00fajranyit\u00e1sa, a strandok \u00e9s hegyi kir\u00e1ndul\u00f3helyek biztons\u00e1goss\u00e1 t\u00e9tele, a templomok \u00e9s a temet\u0151k \u00fajb\u00f3li megnyit\u00e1sa, valamint a sz\u00e1jmaszk haszn\u00e1lat\u00e1nak k\u00f6telez\u0151v\u00e9 t\u00e9tele is szerepel a r\u00f3mai korm\u00e1ny &#8222;\u00fajraindul\u00e1si&#8221; tervezet\u00e9ben.<br \/>\n<div class=\"ads-in-post2\"><script async src=\"https:\/\/pagead2.googlesyndication.com\/pagead\/js\/adsbygoogle.js\"><\/script>\r\n<ins class=\"adsbygoogle\"\r\n     style=\"display:block\"\r\n     data-ad-format=\"fluid\"\r\n     data-ad-layout-key=\"-6t+ed+2i-1n-4w\"\r\n     data-ad-client=\"ca-pub-1959107119989764\"\r\n     data-ad-slot=\"4008251320\"><\/ins>\r\n<script>\r\n     (adsbygoogle = window.adsbygoogle || []).push({});\r\n<\/script><\/div>\n    Franciaorsz\u00e1gban, ahol az eg\u00e9szs\u00e9g\u00fcgy-miniszt\u00e9rium k\u00f6zl\u00e9se szerint szombaton imm\u00e1r 17. napja cs\u00f6kkent az intenz\u00edv oszt\u00e1lyon \u00e1polt s\u00falyos betegek sz\u00e1ma, 161 644 fert\u0151z\u00f6ttr\u0151l, 22 648 hal\u00e1los \u00e1ldozatr\u00f3l \u00e9s 45 372 gy\u00f3gyultr\u00f3l tudni.<br \/>\n    N\u00e9metorsz\u00e1gban 156 513 a fert\u0151z\u00f6ttek, 5877 a hal\u00e1los \u00e1ldozatok \u00e9s 109 800 a gy\u00f3gyultak sz\u00e1ma. A Robert Koch orsz\u00e1gos k\u00f6zeg\u00e9szs\u00e9g\u00fcgyi int\u00e9zet (RKI) szerint t\u00fal magas a napi \u00faj igazolt fert\u0151z\u00e9sek sz\u00e1ma a korl\u00e1toz\u00e1sok tov\u00e1bbi laz\u00edt\u00e1s\u00e1hoz. Az int\u00e9zet eln\u00f6khelyettese, Lars Schaade elmondta, hogy a 2000 feletti szintr\u0151l n\u00e9h\u00e1ny sz\u00e1zra kell cs\u00f6kkenteni az igazolt \u00faj fert\u0151z\u00e9sek napi sz\u00e1m\u00e1t ahhoz, hogy a helyi eg\u00e9szs\u00e9g\u00fcgyi hat\u00f3s\u00e1gok l\u00e9p\u00e9st tudjanak tartani a j\u00e1rv\u00e1nnyal.<br \/>\n     Az Egyes\u00fclt Kir\u00e1lys\u00e1gban 149 569 fert\u0151z\u00f6ttr\u0151l, 20 381 hal\u00e1lesetr\u0151l \u00e9s 774 gy\u00f3gyultr\u00f3l tudni. A friss adatok alapj\u00e1n ugyanakkor m\u00e1r folyamatosan cs\u00f6kken a k\u00f3rh\u00e1zakban kezelt betegek sz\u00e1ma, \u00e9s a brit korm\u00e1nyra egyre nagyobb nyom\u00e1s nehezedik a gazdas\u00e1got b\u00e9n\u00edt\u00f3 korl\u00e1toz\u00e1sok enyh\u00edt\u00e9se miatt.<br \/>\n    T\u00f6r\u00f6korsz\u00e1gban 107 773 a fert\u0151z\u00f6ttek, 2706 a hal\u00e1los \u00e1ldozatok \u00e9s 25 582 a gy\u00f3gyultak sz\u00e1ma. Az orsz\u00e1gban el\u0151sz\u00f6r haladta meg az \u00faj t\u00edpus\u00fa koronav\u00edrus-j\u00e1rv\u00e1nyban a gy\u00f3gyultnak min\u0151s\u00edtett betegek napi sz\u00e1ma az \u00fajonnan regisztr\u00e1lt esetek\u00e9t p\u00e9nteken. Harmincegy nagyobb v\u00e1rosban &#8211; k\u00f6zt\u00fck Isztambulban \u00e9s Ankar\u00e1ban &#8211; az ut\u00f3bbi k\u00e9t h\u00e9tv\u00e9g\u00e9n kij\u00e1r\u00e1si tilalom volt \u00e9rv\u00e9nyben, amit ezen a h\u00e9ten cs\u00fct\u00f6rt\u00f6kre \u00e9s a p\u00e9ntekre is kiterjesztettek, cs\u00fct\u00f6rt\u00f6k\u00f6n egy nemzeti \u00fcnnep, p\u00e9nteken pedig a muszlim b\u00f6jti h\u00f3nap, a ramad\u00e1n kezdete miatt. A rendelkez\u00e9s legal\u00e1bb 63,5 milli\u00f3 embert \u00e9rint.<br \/>\n    Ir\u00e1nban 89 328 fert\u0151z\u00f6ttr\u0151l, 5650 hal\u00e1lesetr\u0151l \u00e9s 68 193 gy\u00f3gyultr\u00f3l tudni.<br \/>\n    Az Eg\u00e9szs\u00e9g\u00fcgyi Vil\u00e1gszervezet (WHO) m\u00e1rcius 11-\u00e9n nyilv\u00e1n\u00edtotta vil\u00e1gj\u00e1rv\u00e1nynak a koronav\u00edrust, amely a k\u00f6z\u00e9p-k\u00ednai Vuhanb\u00f3l terjedt el.<br \/>\n    K\u00edn\u00e1ban (Hongkong \u00e9s Maka\u00f3 n\u00e9lk\u00fcl) 83 909 esetet tartottak nyilv\u00e1n vas\u00e1rnap reggel. A v\u00edrus okozta betegs\u00e9gben eddig 4636-an haltak meg, a gy\u00f3gyultak sz\u00e1ma 78 175.(MTI)<\/p>\n","protected":false},"excerpt":{"rendered":"<p>Vil\u00e1gszerte 2 897 645-en fert\u0151z\u0151dtek meg a koronav\u00edrus-j\u00e1rv\u00e1nyban, a hal\u00e1lesetek sz\u00e1ma 202 880, a gy\u00f3gyultak\u00e9 pedig 817 034 a baltimore-i Johns Hopkins egyetem vas\u00e1rnap reggeli \u00f6sszes\u00edt\u00e9se szerint.<\/p>\n","protected":false},"author":1001006,"featured_media":0,"comment_status":"closed","ping_status":"open","sticky":false,"template":"","format":"standard","meta":[],"categories":[12,427,246],"tags":[428],"_links":{"self":[{"href":"https:\/\/gazdasagportal.hu\/index.php\/wp-json\/wp\/v2\/posts\/125861"}],"collection":[{"href":"https:\/\/gazdasagportal.hu\/index.php\/wp-json\/wp\/v2\/posts"}],"about":[{"href":"https:\/\/gazdasagportal.hu\/index.php\/wp-json\/wp\/v2\/types\/post"}],"author":[{"embeddable":true,"href":"https:\/\/gazdasagportal.hu\/index.php\/wp-json\/wp\/v2\/users\/1001006"}],"replies":[{"embeddable":true,"href":"https:\/\/gazdasagportal.hu\/index.php\/wp-json\/wp\/v2\/comments?post=125861"}],"version-history":[{"count":1,"href":"https:\/\/gazdasagportal.hu\/index.php\/wp-json\/wp\/v2\/posts\/125861\/revisions"}],"predecessor-version":[{"id":125862,"href":"https:\/\/gazdasagportal.hu\/index.php\/wp-json\/wp\/v2\/posts\/125861\/revisions\/125862"}],"wp:attachment":[{"href":"https:\/\/gazdasagportal.hu\/index.php\/wp-json\/wp\/v2\/media?parent=125861"}],"wp:term":[{"taxonomy":"category","embeddable":true,"href":"https:\/\/gazdasagportal.hu\/index.php\/wp-json\/wp\/v2\/categories?post=125861"},{"taxonomy":"post_tag","embeddable":true,"href":"https:\/\/gazdasagportal.hu\/index.php\/wp-json\/wp\/v2\/tags?post=125861"}],"curies":[{"name":"wp","href":"https:\/\/api.w.org\/{rel}","templated":true}]}}