{"id":125859,"date":"2020-04-25T21:24:05","date_gmt":"2020-04-25T19:24:05","guid":{"rendered":"http:\/\/gazdasagportal.hu\/?p=125859"},"modified":"2020-04-25T21:24:05","modified_gmt":"2020-04-25T19:24:05","slug":"olaszorszagban-26-ezer-fole-emelkedett-a-halottak-szama","status":"publish","type":"post","link":"https:\/\/gazdasagportal.hu\/index.php\/olaszorszagban-26-ezer-fole-emelkedett-a-halottak-szama\/","title":{"rendered":"Olaszorsz\u00e1gban 26 ezer f\u00f6l\u00e9 emelkedett a halottak sz\u00e1ma"},"content":{"rendered":"<p><strong>Egy nap alatt 415-tel emelkedett Olaszorsz\u00e1gban a koronav\u00edrus-j\u00e1rv\u00e1ny hal\u00e1los \u00e1ldozatainak sz\u00e1ma, \u00e9s el\u00e9rte a 26 384-et &#8211; k\u00f6z\u00f6lte szombat este az olasz polg\u00e1ri v\u00e9delmi hat\u00f3s\u00e1g. Az akt\u00edv fert\u0151z\u00f6ttek sz\u00e1ma ugyanakkor egy nap alatt t\u00f6bb mint hatsz\u00e1zzal cs\u00f6kkent.<\/strong><!--more--><\/p>\n<div class=\"ads-in-post1\"><div id=\"gazdasagportal.hu_fullbanner_wideboard\"><\/div>\r\n<\/div>\n<p>    Az elhunytak sz\u00e1ma enyh\u00e9n cs\u00f6kkent az egy nappal kor\u00e1bbi 420-hoz k\u00e9pest. Cs\u00fct\u00f6rt\u00f6k\u00f6n 464 volt az elhunytak sz\u00e1ma, szerd\u00e1n 437. Szak\u00e9rt\u0151k szerint ez az adat cs\u00f6kken a leglassabban, \u00e9s null\u00e1z\u00f3dik majd le a legk\u00e9s\u0151bb. Az eur\u00f3pai orsz\u00e1gok k\u00f6z\u00fcl eddig Olaszorsz\u00e1gban k\u00f6vetelte a legt\u00f6bb \u00e1ldozatot az \u00faj koronav\u00edrus-j\u00e1rv\u00e1ny.<br \/>\n    Az akt\u00edv fert\u0151z\u00f6ttek sz\u00e1ma orsz\u00e1gosan 680-nal cs\u00f6kkent a kor\u00e1bbi 321-hez k\u00e9pest. A diagnosztiz\u00e1lt fert\u0151z\u00f6ttek sz\u00e1ma jelenleg 105 847. A betegek hetvennyolc sz\u00e1zal\u00e9ka h\u00e1zi karant\u00e9nban tart\u00f3zkodik, mivel enyhe t\u00fcneteket mutat vagy t\u00fcnetmentes. T\u00f6bb mint 21 ezren vannak k\u00f3rh\u00e1zban.<br \/>\n    A gy\u00f3gyultak l\u00e9tsz\u00e1ma meghaladta a 63 ezret. Az ut\u00f3bbi egy nap alatt t\u00f6bb mint 2600-an hagyhatt\u00e1k el a k\u00f3rh\u00e1zat.<br \/>\n<div class=\"ads-in-post2\"><script async src=\"https:\/\/pagead2.googlesyndication.com\/pagead\/js\/adsbygoogle.js\"><\/script>\r\n<ins class=\"adsbygoogle\"\r\n     style=\"display:block\"\r\n     data-ad-format=\"fluid\"\r\n     data-ad-layout-key=\"-6t+ed+2i-1n-4w\"\r\n     data-ad-client=\"ca-pub-1959107119989764\"\r\n     data-ad-slot=\"4008251320\"><\/ins>\r\n<script>\r\n     (adsbygoogle = window.adsbygoogle || []).push({});\r\n<\/script><\/div>\n    A gy\u00f3gyultakat \u00e9s a halottakat is sz\u00e1molva a diagnosztiz\u00e1lt fert\u0151z\u00f6ttek sz\u00e1ma el\u00e9rte a 195 351-t.<br \/>\n    Eg\u00e9sz Olaszorsz\u00e1gban t\u00f6bb mint 1,7 milli\u00f3 v\u00edrustesztet v\u00e9geztek, ebb\u0151l mintegy 800 ezret Lombardi\u00e1ban, amely a j\u00e1rv\u00e1ny legf\u0151bb g\u00f3cpontja.<br \/>\n    Lombardi\u00e1ban 713-mal emelkedett az azonos\u00edtott fert\u0151z\u00f6ttek sz\u00e1ma az egy nappal ezel\u0151tti 1091 ut\u00e1n. A halottak sz\u00e1ma 163 volt a huszonn\u00e9gy \u00f3r\u00e1ja m\u00e9rt 166-hoz \u00e9s a cs\u00fct\u00f6rt\u00f6ki 200-hoz k\u00e9pest. A tartom\u00e1nyban 34 ezer felett van a diagnosztiz\u00e1lt fert\u0151z\u00f6ttek sz\u00e1ma, a halottak\u00e9 13 ezern\u00e9l magasabb.<br \/>\n    Sz\u00e1z\u00f6tvenre emelkedett a j\u00e1rv\u00e1nyban meghalt olasz orvosok sz\u00e1ma, valamint 34 \u00e1pol\u00f3, 18 m\u00e1s eg\u00e9szs\u00e9g\u00fcgyi dolgoz\u00f3 \u00e9s 13 gy\u00f3gyszer\u00e9sz vesz\u00edtette \u00e9let\u00e9t.<br \/>\n    A K\u00f6zeg\u00e9szs\u00e9g\u00fcgyi Hivatal (Iss) adatai szerint m\u00f3dosult a f\u00e9rfiak \u00e9s n\u0151k kor\u00e1bbi ar\u00e1nya: kor\u00e1bban a halottak t\u00f6bb mint hetven sz\u00e1zal\u00e9ka f\u00e9rfi volt, de mostanra a f\u00e9rfiak ar\u00e1nya 63,3 sz\u00e1zal\u00e9kra cs\u00f6kkent, a n\u0151k\u00e9 pedig 36,7-re emelkedett. A diagnosztiz\u00e1lt fert\u0151z\u00f6ttek 48,6 sz\u00e1zal\u00e9ka f\u00e9rfi, 51,4 sz\u00e1zal\u00e9ka n\u0151. A betegek t\u00f6bb mint 44 sz\u00e1zal\u00e9ka id\u0151sotthonban, 24,7 sz\u00e1zal\u00e9ka csal\u00e1dban, 10,8 sz\u00e1zal\u00e9ka k\u00f3rh\u00e1zban fert\u0151z\u0151d\u00f6tt meg.<br \/>\n    Az olasz sajt\u00f3 megtal\u00e1lta azt az orvost aki els\u0151k\u00e9nt diagnosztiz\u00e1lta a Sars-Cov-2 v\u00edrust olaszorsz\u00e1gi betegen. A lombardiai Codogno k\u00f3rh\u00e1z\u00e1ban, febru\u00e1r 20-\u00e1n dolgoz\u00f3 Annalisa Malara aneszteziol\u00f3gus volt, aki az els\u0151 sz\u00e1m\u00fa olasz betegen, a 38 \u00e9ves Matti\u00e1n elv\u00e9gezte a v\u00edrustesztet. A f\u00e9rfi napok \u00f3ta magas l\u00e1zzal, t\u00fcd\u0151gyullad\u00e1ssal k\u00fczd\u00f6tt, \u00e1llapota v\u00e1ls\u00e1gos volt. Malara doktorn\u0151 rendelte el a v\u00edrustesztet, melyet addig nem v\u00e9geztek el a betegen, mivel senki sem gondolta, hogy Olaszorsz\u00e1gban jelen van a j\u00e1rv\u00e1ny.<br \/>\n    Ez a teszt ind\u00edtotta el hivatalosan az olaszorsz\u00e1gi j\u00e1rv\u00e1nyhelyzetet, majd febru\u00e1r 23-\u00e1n Codogno \u00e9s tov\u00e1bbi kilenc lombardiai v\u00e1ros vesztegz\u00e1r al\u00e1 helyez\u00e9s\u00e9hez vezetett.<br \/>\n    A szint\u00e9n 38 \u00e9ves Malara doktorn\u0151 t\u00f6bb mint k\u00e9t h\u00f3napja nem l\u00e1tja csal\u00e1dj\u00e1t, napi 14 \u00f3r\u00e1t dolgozik intenz\u00edv oszt\u00e1lyon. Az els\u0151 olasz beteg Matti\u00e1t tizennyolc napig kezelt\u00e9k intenz\u00edven, m\u00e1rcius 20-\u00e1n t\u00e9rhetett haza a k\u00f3rh\u00e1zb\u00f3l.(MTI)<\/p>\n","protected":false},"excerpt":{"rendered":"<p>Egy nap alatt 415-tel emelkedett Olaszorsz\u00e1gban a koronav\u00edrus-j\u00e1rv\u00e1ny hal\u00e1los \u00e1ldozatainak sz\u00e1ma, \u00e9s el\u00e9rte a 26 384-et &#8211; k\u00f6z\u00f6lte szombat este az olasz polg\u00e1ri v\u00e9delmi hat\u00f3s\u00e1g. Az akt\u00edv fert\u0151z\u00f6ttek sz\u00e1ma ugyanakkor egy nap alatt t\u00f6bb mint hatsz\u00e1zzal cs\u00f6kkent.<\/p>\n","protected":false},"author":1001006,"featured_media":0,"comment_status":"closed","ping_status":"open","sticky":false,"template":"","format":"standard","meta":[],"categories":[12,427],"tags":[],"_links":{"self":[{"href":"https:\/\/gazdasagportal.hu\/index.php\/wp-json\/wp\/v2\/posts\/125859"}],"collection":[{"href":"https:\/\/gazdasagportal.hu\/index.php\/wp-json\/wp\/v2\/posts"}],"about":[{"href":"https:\/\/gazdasagportal.hu\/index.php\/wp-json\/wp\/v2\/types\/post"}],"author":[{"embeddable":true,"href":"https:\/\/gazdasagportal.hu\/index.php\/wp-json\/wp\/v2\/users\/1001006"}],"replies":[{"embeddable":true,"href":"https:\/\/gazdasagportal.hu\/index.php\/wp-json\/wp\/v2\/comments?post=125859"}],"version-history":[{"count":1,"href":"https:\/\/gazdasagportal.hu\/index.php\/wp-json\/wp\/v2\/posts\/125859\/revisions"}],"predecessor-version":[{"id":125860,"href":"https:\/\/gazdasagportal.hu\/index.php\/wp-json\/wp\/v2\/posts\/125859\/revisions\/125860"}],"wp:attachment":[{"href":"https:\/\/gazdasagportal.hu\/index.php\/wp-json\/wp\/v2\/media?parent=125859"}],"wp:term":[{"taxonomy":"category","embeddable":true,"href":"https:\/\/gazdasagportal.hu\/index.php\/wp-json\/wp\/v2\/categories?post=125859"},{"taxonomy":"post_tag","embeddable":true,"href":"https:\/\/gazdasagportal.hu\/index.php\/wp-json\/wp\/v2\/tags?post=125859"}],"curies":[{"name":"wp","href":"https:\/\/api.w.org\/{rel}","templated":true}]}}