{"id":125853,"date":"2020-04-25T17:21:13","date_gmt":"2020-04-25T15:21:13","guid":{"rendered":"http:\/\/gazdasagportal.hu\/?p=125853"},"modified":"2020-04-25T17:21:13","modified_gmt":"2020-04-25T15:21:13","slug":"spanyolorszagban-a-jarvany-lassulasa-ellenere-ismet-378-an-vesztettek-eletuket","status":"publish","type":"post","link":"https:\/\/gazdasagportal.hu\/index.php\/spanyolorszagban-a-jarvany-lassulasa-ellenere-ismet-378-an-vesztettek-eletuket\/","title":{"rendered":"Spanyolorsz\u00e1gban a j\u00e1rv\u00e1ny lassul\u00e1sa ellen\u00e9re ism\u00e9t 378-an vesztett\u00e9k \u00e9let\u00fcket"},"content":{"rendered":"<p><strong>Spanyolorsz\u00e1gban az elm\u00falt napban ism\u00e9t 378-an vesz\u00edtett\u00e9k \u00e9let\u00fcket az \u00faj t\u00edpus\u00fa koronav\u00edrus-fert\u0151z\u00e9s k\u00f6vetkezt\u00e9ben, annak ellen\u00e9re, hogy a j\u00e1rv\u00e1ny terjed\u00e9se tov\u00e1bbra is lassul &#8211; jelentette a spanyol eg\u00e9szs\u00e9g\u00fcgyi miniszt\u00e9rium szombaton.<\/strong><!--more--><\/p>\n<div class=\"ads-in-post1\"><div id=\"gazdasagportal.hu_fullbanner_wideboard\"><\/div>\r\n<\/div>\n<p>    A szakt\u00e1rca t\u00e1j\u00e9koztat\u00e1sa szerint ezzel m\u00e1r k\u00e9t egym\u00e1st k\u00f6vet\u0151 napon 400 al\u00e1 cs\u00f6kkent a hal\u00e1los \u00e1ldozatok sz\u00e1ma, p\u00e9nteken 367-en, cs\u00fct\u00f6rt\u00f6k\u00f6n m\u00e9g 440-en hunytak el.<br \/>\n    A koronav\u00edrus-j\u00e1rv\u00e1ny legs\u00f6t\u00e9tebb napja \u00e1prilis m\u00e1sodika volt, aznap 950-en haltak bele a fert\u0151z\u00e9sbe, amely \u00f6sszesen m\u00e1r 22 902 ember\u00e9letet k\u00f6vetelt a d\u00e9l-eur\u00f3pai orsz\u00e1gban.<br \/>\n    A tartom\u00e1nyokb\u00f3l \u00e9rkez\u0151 adatok \u00f6sszes\u00edt\u00e9se szerint a gy\u00f3gyultak sz\u00e1ma szombatra el\u00e9rte a 95 708-at, egy nap alatt 3353-mal emelkedett a p\u00e9nteki 3105 \u00e9s a cs\u00fct\u00f6rt\u00f6ki 3335 ut\u00e1n.<br \/>\n    A v\u00edrusfert\u0151z\u00e9st eddig 223 759 p\u00e1ciens szervezet\u00e9ben mutatt\u00e1k ki, az elm\u00falt 24 \u00f3r\u00e1ban 3995 pozit\u00edv teszteredm\u00e9ny sz\u00fcletett. P\u00e9nteken ez a sz\u00e1m 6740 volt.<br \/>\n    A miniszt\u00e9rium k\u00e9t napja bevezetett \u00faj adatcsoportos\u00edt\u00e1sa szerint ebb\u0151l 2944 tekinthet\u0151 \u00faj esetnek, amelyeket a legmegb\u00edzhat\u00f3bbnak tartott, \u00fagynevezett PCR-tesztek igazoltak. P\u00e9nteken 2796 ilyen eset volt.<br \/>\n    A t\u00f6bbi fert\u0151z\u00e9st \u00fagynevezett szerol\u00f3giai vizsg\u00e1lattal azonos\u00edtott\u00e1k, amely a v\u00edrussal szemben k\u00e9pz\u0151d\u00f6tt ellenanyagokat mutatja ki a v\u00e9rb\u0151l, \u00e9s jellemz\u0151en m\u00e1r lezajlott fert\u0151z\u00e9seket igazol. Ezzel a m\u00f3dszerrel 17 854 esetet der\u00edtettek fel eddig.<br \/>\n    A j\u00e1rv\u00e1ny egyik g\u00f3c\u00e1nak tartott madridi auton\u00f3m k\u00f6z\u00f6ss\u00e9gben m\u00e1r m\u00e1sodik napja sz\u00e1z alatt van a hal\u00e1loz\u00e1s. Az elm\u00falt egy nap sor\u00e1n 83-an vesz\u00edtett\u00e9k \u00e9let\u00fcket, \u00f6sszesen pedig 7848-en. A regisztr\u00e1lt fert\u0151z\u00f6ttek sz\u00e1ma 62 510, amelyb\u0151l 784 a napi \u00faj eset. A gy\u00f3gyultak sz\u00e1ma 34 902, 690 p\u00e1cienst az elm\u00falt egy napban nyilv\u00e1n\u00edtottak ism\u00e9t eg\u00e9szs\u00e9gesnek.<br \/>\n<div class=\"ads-in-post2\"><script async src=\"https:\/\/pagead2.googlesyndication.com\/pagead\/js\/adsbygoogle.js\"><\/script>\r\n<ins class=\"adsbygoogle\"\r\n     style=\"display:block\"\r\n     data-ad-format=\"fluid\"\r\n     data-ad-layout-key=\"-6t+ed+2i-1n-4w\"\r\n     data-ad-client=\"ca-pub-1959107119989764\"\r\n     data-ad-slot=\"4008251320\"><\/ins>\r\n<script>\r\n     (adsbygoogle = window.adsbygoogle || []).push({});\r\n<\/script><\/div>\n     A j\u00e1rv\u00e1ny m\u00e9rs\u00e9kl\u0151d\u00e9se miatt a tartom\u00e1nyban elkezdt\u00e9k bez\u00e1rni az \u00fagynevezett karant\u00e9nhoteleket, amelyekben orvosi fel\u00fcgyelet mellett l\u00e1badozhattak a kev\u00e9sb\u00e9 s\u00falyos \u00e1llapot\u00fa p\u00e1ciensek. A 13 sz\u00e1llod\u00e1b\u00f3l kett\u0151 fejezte be m\u0171k\u00f6d\u00e9s\u00e9t szombaton.<br \/>\n    A h\u00e9tv\u00e9g\u00e9re 269-re cs\u00f6kkent a p\u00e1ciensek sz\u00e1ma a spanyol f\u0151v\u00e1ros ki\u00e1ll\u00edt\u00e1si- \u00e9s v\u00e1s\u00e1rcsarnok\u00e1ban (IFEMA) berendezett t\u00e1bori k\u00f3rh\u00e1zban, amelyet az eg\u00e9szs\u00e9g\u00fcgyi int\u00e9zm\u00e9nyek tehermentes\u00edt\u00e9s\u00e9re hoztak l\u00e9tre. A l\u00e9tes\u00edtm\u00e9ny m\u00e1rcius 22-\u00e9n kezdte meg m\u0171k\u00f6d\u00e9s\u00e9t \u00e9s t\u00f6bb mint 3800 SARS-CoV-2 v\u00edrussal fert\u0151z\u00f6tt p\u00e1cienst l\u00e1tott el eddig. A tartom\u00e1nyi korm\u00e1ny m\u00e1jus els\u0151 fel\u00e9ben tervezi bez\u00e1rni az ideiglenes k\u00f3rh\u00e1zat.<br \/>\n    Spanyolorsz\u00e1gban m\u00e1rcius 15-e \u00f3ta van \u00e9rv\u00e9nyben a lakhelyelhagy\u00e1si korl\u00e1toz\u00e1sokkal j\u00e1r\u00f3 sz\u00fcks\u00e9g\u00e1llapot, amelyet a parlament szerd\u00e1n meghosszabb\u00edtott m\u00e1jus 9-\u00e9n \u00e9jf\u00e9lig.<br \/>\n    A d\u00f6nt\u00e9ssel \u00f6sszhangban a bel\u00fcgyminiszt\u00e9rium ugyanennyi id\u0151re kiterjesztette a sz\u00e1razf\u00f6ldi hat\u00e1rok lez\u00e1r\u00e1s\u00e1t, tov\u00e1bbra is csak a spanyol \u00e1llampolg\u00e1rok, az itt \u00e9l\u0151, \u00e9rv\u00e9nyes tart\u00f3zkod\u00e1si enged\u00e9llyel rendelkez\u0151 k\u00fclf\u00f6ldi \u00e1llampolg\u00e1rok, valamint a hat\u00e1ron \u00e1t naponta ing\u00e1z\u00f3 munkav\u00e1llal\u00f3k l\u00e9phetnek be az orsz\u00e1gba.<br \/>\n    A j\u00e1rv\u00e1ny\u00fcgyi int\u00e9zked\u00e9sek els\u0151 enyh\u00edt\u00e9sek\u00e9nt vas\u00e1rnap, 42 nap ut\u00e1n el\u0151sz\u00f6r kimehetnek az utc\u00e1ra a 14 \u00e9v alatti gyerekek. Feln\u0151tt k\u00eds\u00e9rettel naponta egy \u00f3r\u00e1t lehetnek a szabadban, otthonukt\u00f3l legfeljebb egy kilom\u00e9teres t\u00e1vols\u00e1gra. A j\u00e1tsz\u00f3terek haszn\u00e1lata tov\u00e1bbra is tilos.<br \/>\n    Pedro S\u00e1nchez minisztereln\u00f6k kor\u00e1bban azt k\u00f6z\u00f6lte, hogy rem\u00e9nyei szerint m\u00e1jus m\u00e1sodik fel\u00e9ben &#8222;a lehet\u0151 legnagyobb el\u0151vigy\u00e1zatoss\u00e1ggal&#8221;, lassan \u00e9s fokozatosan elkezdhetik feloldani a korl\u00e1toz\u00e1sokat. A menetrend, amelyen m\u00e1r hetek \u00f3ta dolgozik a korm\u00e1ny, v\u00e1rhat\u00f3an ter\u00fcletileg elt\u00e9r\u0151 lesz, mivel a j\u00e1rv\u00e1ny hat\u00e1sa t\u00e9rs\u00e9gek\u00e9nt k\u00fcl\u00f6nb\u00f6z\u0151.<br \/>\n    A tartom\u00e1nyi eln\u00f6k\u00f6k k\u00f6z\u00fcl t\u00f6bben k\u00e9rt\u00e9k m\u00e1r a kabinetet, hogy ne k\u00f6zponti int\u00e9zked\u00e9sekkel hat\u00e1rozzanak err\u0151l, hanem helyben, maguk d\u00f6nthessenek a korl\u00e1toz\u00e1sok felold\u00e1s\u00e1r\u00f3l. A folyamatra m\u00e1r kidolgozott elk\u00e9pzel\u00e9sek vannak p\u00e9ld\u00e1ul Baszkf\u00f6ld\u00f6n, a Kan\u00e1ri-szigeteken \u00e9s Andal\u00fazi\u00e1ban.<br \/>\n    Ut\u00f3bbi t\u00e9rs\u00e9g vezet\u00e9se szeretn\u00e9 el\u00e9rni a vend\u00e9gl\u00e1t\u00f3helyek m\u00e1jusi \u00e9s a sz\u00e1llod\u00e1k j\u00faniusi nyit\u00e1s\u00e1t, l\u00e9tsz\u00e1mkorl\u00e1toz\u00e1ssal biztos\u00edtva a k\u00f6z\u00f6ss\u00e9gi t\u00e1vols\u00e1gtart\u00e1s szab\u00e1lyait.<br \/>\n    Az orsz\u00e1g legn\u00e9pesebb, 8,4 milli\u00f3 lakos\u00fa r\u00e9gi\u00f3j\u00e1ban eddig 12 824 koronav\u00edrus-fert\u0151z\u00e9st igazoltak, k\u00f6z\u00fcl\u00fck 1131-en hunytak el \u00e9s 4295-en m\u00e1r meggy\u00f3gyultak.<br \/>\n    Andal\u00fazi\u00e1ban a turizmusb\u00f3l sz\u00e1rmazik a r\u00e9gi\u00f3 brutt\u00f3 hazai term\u00e9k\u00e9nek (GDP) t\u00f6bb mint 13 sz\u00e1zal\u00e9ka, \u00e9s ebben az \u00e1gazatban dolgozik a munkav\u00e1llal\u00f3k 13 sz\u00e1zal\u00e9ka is.<br \/>\n    A spanyol statisztikai hivatal (INE) jelent\u00e9se szerint m\u00e1rciusban az orsz\u00e1gban t\u00f6bb mint 61 sz\u00e1zal\u00e9kkal zuhant a vend\u00e9g\u00e9jszak\u00e1k sz\u00e1ma a febru\u00e1ri adatokhoz k\u00e9pest, ami p\u00e9lda n\u00e9lk\u00fcli visszaes\u00e9st jelent. A hoteleket m\u00e1rcius 19-t\u0151l kezdt\u00e9k bez\u00e1rni \u00e9s m\u00e1rcius 26-t\u00f3l m\u00e1r egy sem volt nyitva a turist\u00e1k sz\u00e1m\u00e1ra.(MTI)<\/p>\n","protected":false},"excerpt":{"rendered":"<p>Spanyolorsz\u00e1gban az elm\u00falt napban ism\u00e9t 378-an vesz\u00edtett\u00e9k \u00e9let\u00fcket az \u00faj t\u00edpus\u00fa koronav\u00edrus-fert\u0151z\u00e9s k\u00f6vetkezt\u00e9ben, annak ellen\u00e9re, hogy a j\u00e1rv\u00e1ny terjed\u00e9se tov\u00e1bbra is lassul &#8211; jelentette a spanyol eg\u00e9szs\u00e9g\u00fcgyi miniszt\u00e9rium szombaton.<\/p>\n","protected":false},"author":1001006,"featured_media":0,"comment_status":"closed","ping_status":"open","sticky":false,"template":"","format":"standard","meta":[],"categories":[12,427],"tags":[],"_links":{"self":[{"href":"https:\/\/gazdasagportal.hu\/index.php\/wp-json\/wp\/v2\/posts\/125853"}],"collection":[{"href":"https:\/\/gazdasagportal.hu\/index.php\/wp-json\/wp\/v2\/posts"}],"about":[{"href":"https:\/\/gazdasagportal.hu\/index.php\/wp-json\/wp\/v2\/types\/post"}],"author":[{"embeddable":true,"href":"https:\/\/gazdasagportal.hu\/index.php\/wp-json\/wp\/v2\/users\/1001006"}],"replies":[{"embeddable":true,"href":"https:\/\/gazdasagportal.hu\/index.php\/wp-json\/wp\/v2\/comments?post=125853"}],"version-history":[{"count":1,"href":"https:\/\/gazdasagportal.hu\/index.php\/wp-json\/wp\/v2\/posts\/125853\/revisions"}],"predecessor-version":[{"id":125854,"href":"https:\/\/gazdasagportal.hu\/index.php\/wp-json\/wp\/v2\/posts\/125853\/revisions\/125854"}],"wp:attachment":[{"href":"https:\/\/gazdasagportal.hu\/index.php\/wp-json\/wp\/v2\/media?parent=125853"}],"wp:term":[{"taxonomy":"category","embeddable":true,"href":"https:\/\/gazdasagportal.hu\/index.php\/wp-json\/wp\/v2\/categories?post=125853"},{"taxonomy":"post_tag","embeddable":true,"href":"https:\/\/gazdasagportal.hu\/index.php\/wp-json\/wp\/v2\/tags?post=125853"}],"curies":[{"name":"wp","href":"https:\/\/api.w.org\/{rel}","templated":true}]}}