{"id":125851,"date":"2020-04-25T15:46:46","date_gmt":"2020-04-25T13:46:46","guid":{"rendered":"http:\/\/gazdasagportal.hu\/?p=125851"},"modified":"2020-04-25T15:46:46","modified_gmt":"2020-04-25T13:46:46","slug":"olaszorszagban-majus-kozepetol-ujranyitnak-a-muzeumokat-a-strandok-is-keszulnek","status":"publish","type":"post","link":"https:\/\/gazdasagportal.hu\/index.php\/olaszorszagban-majus-kozepetol-ujranyitnak-a-muzeumokat-a-strandok-is-keszulnek\/","title":{"rendered":"Olaszorsz\u00e1gban m\u00e1jus k\u00f6zep\u00e9t\u0151l \u00fajranyitn\u00e1k a m\u00fazeumokat, a strandok is k\u00e9sz\u00fclnek"},"content":{"rendered":"<p><strong>Az olasz m\u00fazeumok \u00e9s r\u00e9g\u00e9szeti parkok \u00fajranyit\u00e1sa, a strandok \u00e9s hegyi kir\u00e1ndul\u00f3helyek biztons\u00e1goss\u00e1 t\u00e9tele, a templomok \u00e9s a temet\u0151k \u00fajb\u00f3li megnyit\u00e1sa, valamint a sz\u00e1jmaszk haszn\u00e1lat\u00e1nak k\u00f6telez\u0151v\u00e9 t\u00e9tele is szerepel a r\u00f3mai korm\u00e1ny m\u00e1just\u00f3l tervezett &#8222;\u00fajraindul\u00e1si&#8221; tervezet\u00e9ben, amelynek \u00fajabb r\u00e9szleteit az olasz sajt\u00f3 k\u00f6z\u00f6lte szombaton.<\/strong><!--more--><\/p>\n<div class=\"ads-in-post1\"><div id=\"gazdasagportal.hu_fullbanner_wideboard\"><\/div>\r\n<\/div>\n<p>    A m\u00e1sodik vil\u00e1gh\u00e1bor\u00fa ut\u00e1ni \u00fajj\u00e1sz\u00fclet\u00e9shez hasonl\u00edtotta az \u00faj koronav\u00edrus-j\u00e1rv\u00e1ny ut\u00e1ni \u00fajraindul\u00e1st Sergio Mattarella \u00e1llamf\u0151 az \u00e1prilis 25-i nemzeti \u00fcnnepen. A n\u00e1ci-fasizmus al\u00f3li felszabadul\u00e1s \u00e9vfordul\u00f3j\u00e1n az \u00e1llamf\u0151 szombaton teljesen egyed\u00fcl \u00e9s sz\u00e1jmaszkban tette tisztelet\u00e9t az ismeretlen katona s\u00edrj\u00e1n\u00e1l, R\u00f3ma k\u00f6zpontj\u00e1ban.<br \/>\n    A korm\u00e1ny szombatra \u00edg\u00e9rte a v\u00e9gleges forgat\u00f3k\u00f6nyv bemutat\u00e1s\u00e1t, amely azonban j\u00f6v\u0151 h\u00e9t elej\u00e9re cs\u00faszott, miut\u00e1n n\u00e9h\u00e1ny vit\u00e1s k\u00e9rd\u00e9s m\u00e9g megold\u00e1sra v\u00e1r. H\u00e9tf\u0151t\u0151l a g\u00e9pgy\u00e1rt\u00e1s indul \u00fajra, m\u00e1jus 4-\u00e9n pedig a k\u00e9zm\u0171ves \u00e1gazat \u00e9s az \u00e9p\u00edtkez\u00e9sek, \u00edgy az \u00fajraindul\u00e1s igazi d\u00e1tuma m\u00e1jus 18. lesz, amikor beindulhat a kereskedelem \u00e9s a vend\u00e9gl\u00e1t\u00e1s is.<br \/>\n    Tiszt\u00e1z\u00e1sra v\u00e1r a kij\u00e1r\u00e1si korl\u00e1toz\u00e1s old\u00e1s\u00e1nak \u00fctemez\u00e9se: m\u00e1jus 4-t\u0151l tov\u00e1bbra is csak indokolt esetben lehet mozogni, ugyanakkor enged\u00e9lyezett lesz a sz\u0171k \u00e9rtelemben vett lak\u00f3k\u00f6rzett\u0151l val\u00f3 elt\u00e1volod\u00e1s \u00e9s a szabadt\u00e9ri sportol\u00e1s is. M\u00e1jus 18-t\u00f3l pedig a tartom\u00e1nyok k\u00f6z\u00f6tti mozg\u00e1st is enged\u00e9lyezik, ha ezt a j\u00e1rv\u00e1nyg\u00f6rbe addigi alakul\u00e1sa meger\u0151s\u00edti. A d\u00e9li tartom\u00e1nyok viszont jelezt\u00e9k, hogy a g\u00f3cpontnak sz\u00e1m\u00edt\u00f3 \u00e9szaki tartom\u00e1nyokb\u00f3l nem fogadnak \u00e9rkez\u0151ket.<br \/>\n    Sajt\u00f3\u00e9rtes\u00fcl\u00e9sek szerint a korm\u00e1ny k\u00f6telez\u0151v\u00e9 akarja tenni a sz\u00e1jmaszkhaszn\u00e1latot, amihez a mostani napi 4 milli\u00f3r\u00f3l, napi 7 milli\u00f3ra kell \u00e1t\u00e1ll\u00edtani a gy\u00e1rt\u00e1sukat. Domenico Arcuri j\u00e1rv\u00e1ny\u00fcgyi korm\u00e1nybiztos bejelentette, hogy m\u00e1jus 4-t\u0151l orsz\u00e1gosan is megkezdik az ellenanyagszintet m\u00e9r\u0151 tesztel\u00e9seket, ami Lombardi\u00e1ban m\u00e1r elindult. M\u00e1jus 4-t\u0151l minden tartom\u00e1ny rendszeresen k\u00f6z\u00f6lni fogja a saj\u00e1t ter\u00fclet\u00e9n m\u00e9rt \u00fagynevezett reprodukci\u00f3s r\u00e1t\u00e1t (ennek \u00e9rt\u00e9ke azt mutatja, hogy egy beteg h\u00e1ny embernek adta tov\u00e1bb a koronav\u00edrus-fert\u0151z\u00e9st), \u00e9s ahol a fert\u0151z\u00e9s szintje ism\u00e9t meger\u0151s\u00f6dik, ism\u00e9t szigor\u00edtj\u00e1k majd az \u00f3vint\u00e9zked\u00e9seket.<br \/>\n<div class=\"ads-in-post2\"><script async src=\"https:\/\/pagead2.googlesyndication.com\/pagead\/js\/adsbygoogle.js\"><\/script>\r\n<ins class=\"adsbygoogle\"\r\n     style=\"display:block\"\r\n     data-ad-format=\"fluid\"\r\n     data-ad-layout-key=\"-6t+ed+2i-1n-4w\"\r\n     data-ad-client=\"ca-pub-1959107119989764\"\r\n     data-ad-slot=\"4008251320\"><\/ins>\r\n<script>\r\n     (adsbygoogle = window.adsbygoogle || []).push({});\r\n<\/script><\/div>\n    A kultur\u00e1lis miniszter m\u00e1jus 18-ra t\u0171zte ki a m\u00fazeumok \u00e9s r\u00e9g\u00e9szeti ter\u00fcletek \u00fajranyit\u00e1s\u00e1t, teh\u00e1t a Colosseum \u00e9s a pompeji \u00e1sat\u00e1sok is akkort\u00f3l nyithatnak \u00fajra, valamint a Vatik\u00e1ni M\u00fazeum is. A miniszter hozz\u00e1tette, hogy a csal\u00e1doknak juttatott kedvezm\u00e9nyekkel k\u00edv\u00e1nj\u00e1k \u00f6szt\u00f6n\u00f6zni a belf\u00f6ldi turizmust, mivel az olaszok nem fognak k\u00fclf\u00f6ldre utazni, \u00e9s a tavaly Olaszorsz\u00e1gba \u00e9rkezett t\u00f6bb mint 200 milli\u00f3 k\u00fclf\u00f6ldi l\u00e1togat\u00f3 is elmarad az id\u00e9n.<br \/>\n    A pressz\u00f3kban, \u00e9ttermekben a vend\u00e9gek k\u00f6z\u00f6tt egy, az asztalok k\u00f6z\u00f6tt k\u00e9t m\u00e9teres t\u00e1vols\u00e1g betart\u00e1s\u00e1t \u00edrj\u00e1k el\u0151: ez\u00e9rt a tervek k\u00f6z\u00f6tt szerepel, hogy az \u00fczlethelys\u00e9g el\u0151tti j\u00e1rda vagy \u00fattestr\u00e9sz\u00e9n is tov\u00e1bbi asztalokat helyezhetnek el, az esetleges parkol\u00f3helyek megsz\u00fcntet\u00e9s\u00e9vel. A strandokon legal\u00e1bb n\u00e9gy m\u00e9teres t\u00e1vols\u00e1got javasolnak a naperny\u0151k k\u00f6z\u00f6tt, el\u0151zetes helyfoglal\u00e1ssal. A szabadstrandokra is csak meghat\u00e1rozott sz\u00e1m\u00fa vend\u00e9get engedn\u00e9nek be, ahogyan k\u00f6telez\u0151 lesz a sz\u00e1jmaszk a hegyi k\u00f6t\u00e9lp\u00e1ly\u00e1kon, a kabinos felvon\u00f3k haszn\u00e1lat\u00e1hoz pedig testh\u0151m\u00e9rs\u00e9klet m\u00e9r\u00e9se. A gyakran kev\u00e9s szob\u00e1ban t\u00f6bb vend\u00e9get fogad\u00f3 hegyi mened\u00e9kh\u00e1zak s\u00e1trakat helyezhetnek udvaraikra a vend\u00e9gek k\u00f6z\u00f6tti t\u00e1vols\u00e1g betart\u00e1s\u00e1ra.<br \/>\n    A t\u00f6megk\u00f6zleked\u00e9sben cs\u00f6kkenteni akarj\u00e1k a napi cs\u00facsforgalomban utaz\u00f3k sz\u00e1m\u00e1t, a munkahelyek \u00e9s \u00fczletek elt\u00e9r\u0151 \u00f3rarend szerinti m\u0171k\u00f6d\u00e9s\u00e9vel, nyitva tart\u00e1s\u00e1val.<br \/>\n    Az olasz p\u00fcsp\u00f6ki kar (Cei) t\u00edzpontos \u00fatmutat\u00e1st k\u00fcld\u00f6tt a bel\u00fcgyminiszt\u00e9riumnak, amelyben a templomok fert\u0151tlen\u00edt\u00e9se, a mis\u00e9n r\u00e9sztvev\u0151k biztons\u00e1gos t\u00e1vols\u00e1gra \u00fcltet\u00e9se, a szenteltv\u00edztart\u00f3k \u00fcresen hagy\u00e1sa, az \u00e1ldoz\u00e1skor az ostya k\u00e9zbe ad\u00e1sa szerepel. A Cei k\u00e9relmezte a temet\u00e9si szertart\u00e1sok \u00fajb\u00f3li enged\u00e9lyez\u00e9s\u00e9t, valamint a temet\u0151k \u00fajranyit\u00e1s\u00e1t.<br \/>\n    Megnyitj\u00e1k a nagyobb ter\u00fclet\u0171 j\u00e1tsz\u00f3tereket, eg\u00e9szen szeptemberig sz\u00fcnetel viszont az oktat\u00e1s: a tan\u00e9v \u00fajranyit\u00e1s\u00e1t v\u00e1ltott d\u00e9lel\u0151tti-d\u00e9lut\u00e1ni \u00f3rarenddel, valamint a t\u00e1voktat\u00e1s fenntart\u00e1s\u00e1val k\u00e9pzelik el.(MTI)<\/p>\n","protected":false},"excerpt":{"rendered":"<p>Az olasz m\u00fazeumok \u00e9s r\u00e9g\u00e9szeti parkok \u00fajranyit\u00e1sa, a strandok \u00e9s hegyi kir\u00e1ndul\u00f3helyek biztons\u00e1goss\u00e1 t\u00e9tele, a templomok \u00e9s a temet\u0151k \u00fajb\u00f3li megnyit\u00e1sa, valamint a sz\u00e1jmaszk haszn\u00e1lat\u00e1nak k\u00f6telez\u0151v\u00e9 t\u00e9tele is szerepel a r\u00f3mai korm\u00e1ny m\u00e1just\u00f3l tervezett &#8222;\u00fajraindul\u00e1si&#8221; tervezet\u00e9ben, amelynek \u00fajabb r\u00e9szleteit az olasz sajt\u00f3 k\u00f6z\u00f6lte szombaton.<\/p>\n","protected":false},"author":1001006,"featured_media":0,"comment_status":"closed","ping_status":"open","sticky":false,"template":"","format":"standard","meta":[],"categories":[12],"tags":[],"_links":{"self":[{"href":"https:\/\/gazdasagportal.hu\/index.php\/wp-json\/wp\/v2\/posts\/125851"}],"collection":[{"href":"https:\/\/gazdasagportal.hu\/index.php\/wp-json\/wp\/v2\/posts"}],"about":[{"href":"https:\/\/gazdasagportal.hu\/index.php\/wp-json\/wp\/v2\/types\/post"}],"author":[{"embeddable":true,"href":"https:\/\/gazdasagportal.hu\/index.php\/wp-json\/wp\/v2\/users\/1001006"}],"replies":[{"embeddable":true,"href":"https:\/\/gazdasagportal.hu\/index.php\/wp-json\/wp\/v2\/comments?post=125851"}],"version-history":[{"count":1,"href":"https:\/\/gazdasagportal.hu\/index.php\/wp-json\/wp\/v2\/posts\/125851\/revisions"}],"predecessor-version":[{"id":125852,"href":"https:\/\/gazdasagportal.hu\/index.php\/wp-json\/wp\/v2\/posts\/125851\/revisions\/125852"}],"wp:attachment":[{"href":"https:\/\/gazdasagportal.hu\/index.php\/wp-json\/wp\/v2\/media?parent=125851"}],"wp:term":[{"taxonomy":"category","embeddable":true,"href":"https:\/\/gazdasagportal.hu\/index.php\/wp-json\/wp\/v2\/categories?post=125851"},{"taxonomy":"post_tag","embeddable":true,"href":"https:\/\/gazdasagportal.hu\/index.php\/wp-json\/wp\/v2\/tags?post=125851"}],"curies":[{"name":"wp","href":"https:\/\/api.w.org\/{rel}","templated":true}]}}