{"id":125833,"date":"2020-04-24T13:47:35","date_gmt":"2020-04-24T11:47:35","guid":{"rendered":"http:\/\/gazdasagportal.hu\/?p=125833"},"modified":"2020-04-24T13:47:35","modified_gmt":"2020-04-24T11:47:35","slug":"negy-fazisban-indul-ujra-olaszorszag-aprilis-27-tol","status":"publish","type":"post","link":"https:\/\/gazdasagportal.hu\/index.php\/negy-fazisban-indul-ujra-olaszorszag-aprilis-27-tol\/","title":{"rendered":"N\u00e9gy f\u00e1zisban indul \u00fajra Olaszorsz\u00e1g \u00e1prilis 27-t\u0151l"},"content":{"rendered":"<p><strong>N\u00e9gy szakaszban indul \u00fajra az \u00e9let Olaszorsz\u00e1gban a r\u00f3mai korm\u00e1ny tervei szerint az \u00faj t\u00edpus\u00fa koronav\u00edrus-j\u00e1rv\u00e1ny elvonul\u00e1sa ut\u00e1n, amelynek r\u00e9szleteit a Corriere della Sera c\u00edm\u0171 napilap k\u00f6z\u00f6lte p\u00e9nteken.<\/strong><!--more--><\/p>\n<div class=\"ads-in-post1\"><div id=\"gazdasagportal.hu_fullbanner_wideboard\"><\/div>\r\n<\/div>\n<p>    A Covid-19 miatt bevezetett \u00f3vint\u00e9zked\u00e9seket fokozatosan n\u00e9gy f\u00e1zisban oldj\u00e1k fel: \u00e1prilis 27-t\u0151l n\u00e9gy egym\u00e1st k\u00f6vet\u0151 h\u00e9tf\u0151n \u00fajabb \u00e9s \u00fajabb korl\u00e1toz\u00f3 int\u00e9zked\u00e9seken enyh\u00edtenek.<br \/>\n    J\u00f6v\u0151 h\u00e9tf\u0151n a mez\u0151gazdas\u00e1got, erd\u00e9szeteket \u00e9s a haj\u00f3ipart ell\u00e1t\u00f3 g\u00e9pgy\u00e1rt\u00e1s indul \u00fajra. Ez lesz az els\u0151 &#8222;nem l\u00e9tfontoss\u00e1g\u00fa&#8221; termel\u00e9si \u00e1gazat, amely ism\u00e9t munk\u00e1ba \u00e1ll. Els\u0151 kis l\u00e9p\u00e9sr\u0151l \u00edrt a Corriere della Sera hangs\u00falyozva, hogy az \u00fczemekben dolgoz\u00f3k eg\u00e9szs\u00e9gv\u00e9delmi felt\u00e9teleinek biztos\u00edt\u00e1sa m\u00e9g egyeztet\u00e9s alatt \u00e1ll a szakszervezetekkel.<br \/>\n    M\u00e1jus 4-t\u0151l folytat\u00f3dhatnak az \u00e9p\u00edtkez\u00e9sek, \u00fajraindulhat a textil- \u00e9s divatipar. Visszat\u00e9rnek a j\u00e1rv\u00e1ny miatt felf\u00fcggesztett lott\u00f3sorsol\u00e1sok. Enyh\u00edtik a m\u00e1rcius 11-t\u0151l \u00e9rv\u00e9nyes kij\u00e1r\u00e1si korl\u00e1toz\u00e1sokat: az olaszoknak ellen\u0151rz\u00e9s eset\u00e9n tov\u00e1bbra is indokolni kell mozg\u00e1sukat, de  szabadon elhagyhatj\u00e1k lak\u00f3k\u00f6rzet\u00fcket, amit eddig csak munkav\u00e9gz\u00e9s miatt tehettek meg. Ism\u00e9t enged\u00e9lyezett lesz a szabadid\u0151s szabadt\u00e9ri sportol\u00e1s a lak\u00f3helyt\u0151l t\u00e1volabb is, vagyis az olaszok elmehetnek kocogni a lak\u00e1sukt\u00f3l t\u00e1volabbi parkokba is, tov\u00e1bbra is k\u00e9t m\u00e9teres t\u00e1vols\u00e1gra egym\u00e1st\u00f3l.<br \/>\n<div class=\"ads-in-post2\"><script async src=\"https:\/\/pagead2.googlesyndication.com\/pagead\/js\/adsbygoogle.js\"><\/script>\r\n<ins class=\"adsbygoogle\"\r\n     style=\"display:block\"\r\n     data-ad-format=\"fluid\"\r\n     data-ad-layout-key=\"-6t+ed+2i-1n-4w\"\r\n     data-ad-client=\"ca-pub-1959107119989764\"\r\n     data-ad-slot=\"4008251320\"><\/ins>\r\n<script>\r\n     (adsbygoogle = window.adsbygoogle || []).push({});\r\n<\/script><\/div>\n    M\u00e1jus 11-t\u0151l felh\u00fazz\u00e1k red\u0151nyeiket az \u00fczletek, melyeknek biztos\u00edtani kell a fert\u0151tlen\u00edt\u00e9st, valamint a vev\u0151k k\u00f6zti t\u00e1vols\u00e1gtart\u00e1st. A ruha\u00fczletekben fert\u0151tlen\u00edteni kell a felpr\u00f3b\u00e1lt ruh\u00e1kat.  Kiv\u00e9telt tov\u00e1bbra is a nagyobb vev\u0151t\u00f6meget vonz\u00f3 kereskedelmi k\u00f6zpontok \u00e9s piacok k\u00e9pviselnek.<br \/>\n    M\u00e1jus 18-t\u00f3l megnyitj\u00e1k a fodr\u00e1szatokat, pressz\u00f3kat, \u00e9ttermeket: a vend\u00e9gek a b\u00e1rpultt\u00f3l legal\u00e1bb egy m\u00e9terre fogyaszthatnak, k\u00e9t \u00e9ttermi asztal k\u00f6z\u00f6tt k\u00e9t m\u00e9teres t\u00e1vols\u00e1gnak kell lennie, a pinc\u00e9reknek k\u00f6telez\u0151 lesz a sz\u00e1jmaszk \u00e9s a keszty\u0171 haszn\u00e1lata. Ha erre a d\u00e1tumra a j\u00e1rv\u00e1nyadatok megfelel\u0151en v\u00e1ltoznak, feloldhatj\u00e1k a tartom\u00e1nyok k\u00f6z\u00f6tti mozg\u00e1si tilalmat is.<br \/>\n    A szak\u00e9rt\u0151k a legutols\u00f3 f\u00e1zist tartj\u00e1k a leg\u00e9rz\u00e9kenyebbnek, mivel csak a ruha-, cip\u0151 \u00e9s h\u00e1ztart\u00e1si cikkeket \u00e1rul\u00f3 \u00fczleteket sz\u00e1m\u00edtva, mintegy 115 ezer kereskedelmi egys\u00e9g k\u00e9sz\u00fcl \u00fajranyitni. T\u00f6bbs\u00e9g\u00fck 40 n\u00e9gyzetm\u00e9ter k\u00f6r\u00fcli, teh\u00e1t szab\u00e1lyozni kell, egyszerre h\u00e1ny elad\u00f3 \u00e9s vev\u0151 tart\u00f3zkodhat a bolthelys\u00e9gben. Szakszervezeti sz\u00e1m\u00edt\u00e1sok szerint az ezekben kor\u00e1bban foglalkoztatott t\u00f6bb mint 313 ezer dolgoz\u00f3 fele vesz\u00edtheti el \u00e1ll\u00e1s\u00e1t.<br \/>\n    A f\u00e1zisok kidolgoz\u00e1s\u00e1t a r\u00f3mai korm\u00e1ny egy 17 f\u0151s szak\u00e9rt\u0151i csapatra b\u00edzta, melyet k\u00f6zgazd\u00e1szok, eg\u00e9szs\u00e9g\u00fcgyi szakemberek, szociol\u00f3gusok, pszichol\u00f3gusok alkotnak, a v\u00e1llalatszab\u00e1lyoz\u00e1ssal foglalkoz\u00f3 Vittorio Colao topmenedzser vezet\u00e9s\u00e9vel. Giuseppe Conte minisztereln\u00f6k szombatra \u00edg\u00e9rte az \u00fajraindul\u00e1s pontos forgat\u00f3k\u00f6nyv\u00e9nek bejelent\u00e9s\u00e9t. A tervek szerint az \u00fctemez\u00e9s eredm\u00e9nyeit, vagyis a j\u00e1rv\u00e1ny alakul\u00e1s\u00e1t k\u00e9t hetente fel\u00fclvizsg\u00e1lj\u00e1k. A j\u00e1rv\u00e1nyt\u00f3l mentes r\u00e9gi\u00f3kban gyorsabban oldhatn\u00e1k az \u00f3vint\u00e9zked\u00e9seket.     Nem sz\u00fcletett m\u00e9g d\u00f6nt\u00e9s az eddig t\u00f6bbnyire t\u00e1vmunk\u00e1ban m\u0171k\u00f6dtetett hivatalok \u00fajraind\u00edt\u00e1s\u00e1r\u00f3l. Mozikat, sz\u00ednh\u00e1zakat nem nyitj\u00e1k m\u00e9g \u00fajra, \u00e9s a sz\u00f3rakoz\u00f3helyeket sem. A legnagyobb neh\u00e9zs\u00e9get a v\u00e1rosi t\u00f6megk\u00f6zleked\u00e9s biztons\u00e1gos megszervez\u00e9se k\u00e9pviseli.<br \/>\n    Az oktat\u00e1s csak szeptembert\u0151l kezd\u0151dik \u00fajra. A j\u00faniusi \u00e9retts\u00e9gi csak sz\u00f3beli vizsg\u00e1b\u00f3l \u00e1ll majd. Felmer\u00fclt a kij\u00e1r\u00e1si korl\u00e1toz\u00e1s fenntart\u00e1sa a hetven felettiek eset\u00e9ben, ami t\u00f6bb mint 10 milli\u00f3 olaszt \u00e9rintene. Ha a kij\u00e1r\u00e1si korl\u00e1toz\u00e1st hatvan \u00e9vt\u0151l hagyj\u00e1k \u00e9rv\u00e9nyben, ez tov\u00e1bbi 7 milli\u00f3 szem\u00e9lyre vonatkozik, akik m\u00e9g akt\u00edv munkav\u00e1llal\u00f3k. A hatvan \u00e9s hetven \u00e9v k\u00f6z\u00f6ttiek hal\u00e1loz\u00e1si \u00e1tlaga majdnem t\u00edz sz\u00e1zal\u00e9kos volt.(MTI)<\/p>\n","protected":false},"excerpt":{"rendered":"<p>N\u00e9gy szakaszban indul \u00fajra az \u00e9let Olaszorsz\u00e1gban a r\u00f3mai korm\u00e1ny tervei szerint az \u00faj t\u00edpus\u00fa koronav\u00edrus-j\u00e1rv\u00e1ny elvonul\u00e1sa ut\u00e1n, amelynek r\u00e9szleteit a Corriere della Sera c\u00edm\u0171 napilap k\u00f6z\u00f6lte p\u00e9nteken.<\/p>\n","protected":false},"author":1001006,"featured_media":0,"comment_status":"closed","ping_status":"open","sticky":false,"template":"","format":"standard","meta":[],"categories":[12,246],"tags":[],"_links":{"self":[{"href":"https:\/\/gazdasagportal.hu\/index.php\/wp-json\/wp\/v2\/posts\/125833"}],"collection":[{"href":"https:\/\/gazdasagportal.hu\/index.php\/wp-json\/wp\/v2\/posts"}],"about":[{"href":"https:\/\/gazdasagportal.hu\/index.php\/wp-json\/wp\/v2\/types\/post"}],"author":[{"embeddable":true,"href":"https:\/\/gazdasagportal.hu\/index.php\/wp-json\/wp\/v2\/users\/1001006"}],"replies":[{"embeddable":true,"href":"https:\/\/gazdasagportal.hu\/index.php\/wp-json\/wp\/v2\/comments?post=125833"}],"version-history":[{"count":1,"href":"https:\/\/gazdasagportal.hu\/index.php\/wp-json\/wp\/v2\/posts\/125833\/revisions"}],"predecessor-version":[{"id":125834,"href":"https:\/\/gazdasagportal.hu\/index.php\/wp-json\/wp\/v2\/posts\/125833\/revisions\/125834"}],"wp:attachment":[{"href":"https:\/\/gazdasagportal.hu\/index.php\/wp-json\/wp\/v2\/media?parent=125833"}],"wp:term":[{"taxonomy":"category","embeddable":true,"href":"https:\/\/gazdasagportal.hu\/index.php\/wp-json\/wp\/v2\/categories?post=125833"},{"taxonomy":"post_tag","embeddable":true,"href":"https:\/\/gazdasagportal.hu\/index.php\/wp-json\/wp\/v2\/tags?post=125833"}],"curies":[{"name":"wp","href":"https:\/\/api.w.org\/{rel}","templated":true}]}}