{"id":125831,"date":"2020-04-24T12:48:49","date_gmt":"2020-04-24T10:48:49","guid":{"rendered":"http:\/\/gazdasagportal.hu\/?p=125831"},"modified":"2020-04-24T12:48:49","modified_gmt":"2020-04-24T10:48:49","slug":"koronavirus-telekonzultacios-opcio-es-munkaltatoi-covid-19-fedezet-a-generalitol","status":"publish","type":"post","link":"https:\/\/gazdasagportal.hu\/index.php\/koronavirus-telekonzultacios-opcio-es-munkaltatoi-covid-19-fedezet-a-generalitol\/","title":{"rendered":"Koronav\u00edrus: telekonzult\u00e1ci\u00f3s opci\u00f3 \u00e9s munk\u00e1ltat\u00f3i COVID-19 fedezet a Generalit\u00f3l"},"content":{"rendered":"<p><strong>A Generali Biztos\u00edt\u00f3 <\/strong><strong>a koronav\u00edrus j\u00e1rv\u00e1ny kezdete \u00f3ta dolgozik <\/strong><!--more--><\/p>\n<div class=\"ads-in-post1\"><div id=\"gazdasagportal.hu_fullbanner_wideboard\"><\/div>\r\n<\/div>\nA t\u00e1rsadalom sz\u00e9les r\u00e9tegeit \u00e1ll\u00edtja komoly kih\u00edv\u00e1sok el\u00e9 a kibontakoz\u00f3 j\u00e1rv\u00e1nyhelyzet Magyarorsz\u00e1gon. Mik\u00f6zben mindenki saj\u00e1t \u00e9s hozz\u00e1tartoz\u00f3i eg\u00e9szs\u00e9ge miatt agg\u00f3dik, sokan az \u00e1ll\u00e1sukat vagy \u00e9ppen c\u00e9g\u00fck t\u00fal\u00e9l\u00e9s\u00e9t is f\u00e9ltik. A bizonytalans\u00e1g \u00e1thatja a mindennapokat, nehezebb a t\u00e1j\u00e9koz\u00f3d\u00e1s, hosszabb ut\u00e1naj\u00e1r\u00e1st ig\u00e9nyel az \u00fcgyint\u00e9z\u00e9s \u00e9s sz\u00e1mos szolg\u00e1ltat\u00e1s nem \u00e9rhet\u0151 el a kor\u00e1bban megszokott m\u00f3don. A Generali Biztos\u00edt\u00f3 a term\u00e9kei \u00e9s kommunik\u00e1ci\u00f3s csatorn\u00e1i folyamatos fejleszt\u00e9s\u00e9vel igyekszik seg\u00edt\u0151 kezet ny\u00fajtani az \u00fcgyfeleinek a koronav\u00edrussal szembeni k\u00fczdelem id\u0151szak\u00e1ban, legyen sz\u00f3 az eg\u00e9szs\u00e9g\u00fck v\u00e9delm\u00e9r\u0151l vagy az esetleges fert\u0151z\u00e9s k\u00f6vetkezm\u00e9nyek\u00e9nt fell\u00e9p\u0151 munkakies\u00e9sr\u0151l.<strong>azon, hogy \u00fcgyfeleinek hat\u00e9kony \u00e9s biztons\u00e1gos csatorn\u00e1kon ny\u00fajthassa szolg\u00e1ltat\u00e1sait, illetve olyan elemekkel b\u0151v\u00edtse portf\u00f3li\u00f3j\u00e1t, melyek fontos t\u00e1mogat\u00e1st ny\u00fajtanak a j\u00e1rv\u00e1ny\u00fcgyi helyzetben. Ennek \u00fajabb l\u00e9p\u00e9sek\u00e9nt az eg\u00e9szs\u00e9gbiztos\u00edt\u00e1si szerz\u0151d\u00e9sek eset\u00e9ben az \u00fcgyfelek telekonzult\u00e1ci\u00f3val vehetnek ig\u00e9nybe orvosi tan\u00e1csad\u00e1st otthonuk k\u00e9nyelm\u00e9b\u0151l. A munk\u00e1ltat\u00f3k pedig a pajzs biztos\u00edt\u00e1s kapcs\u00e1n k\u00e9t \u00faj, a v\u00edrushoz kapcsol\u00f3d\u00f3 kock\u00e1zatra k\u00f6thetnek kedvez\u0151 biztos\u00edt\u00e1st munkav\u00e1llal\u00f3ik sz\u00e1m\u00e1ra.<\/strong><\/p>\n<p><strong>COVID-19 sz\u0171r\u00e9s \u00e9s telefonos orvosi konzult\u00e1ci\u00f3 <\/strong><\/p>\n<p>Az egyik legfontosabb k\u00e9rd\u00e9s, ami most foglalkoztatja az embereket, hogy mi t\u00f6rt\u00e9nik, ha egyszer\u0171 eg\u00e9szs\u00e9g\u00fcgyi probl\u00e9m\u00e1ik ad\u00f3dnak a j\u00e1rv\u00e1ny idej\u00e9n, vagy \u00e9ppen csak a megszokott gy\u00f3gyszereiket szeretn\u00e9k fel\u00edratni an\u00e9lk\u00fcl, hogy elhagyn\u00e1k otthonuk biztons\u00e1g\u00e1t. <strong>\u00c1prilis elej\u00e9t\u0151l a Generali minden Private Care \u00e9s Company Care eg\u00e9szs\u00e9gbiztos\u00edt\u00e1si szerz\u0151d\u00e9ssel rendelkez\u0151 \u00fcgyfele sz\u00e1m\u00e1ra d\u00edjmentesen el\u00e9rhet\u0151v\u00e9 tette a <a href=\"https:\/\/www.generali.hu\/Biztositas\/Egeszsegbaleset\/Private-Care.aspx\" target=\"_blank\" rel=\"noopener\">telekonzult\u00e1ci\u00f3s szolg\u00e1ltat\u00e1s<\/a>t<\/strong>, mellyel a vesz\u00e9lyhelyzet ideje alatt telefonon kereszt\u00fcl kaphatnak orvosi tan\u00e1csad\u00e1st a felmer\u00fcl\u0151 panaszok kezel\u00e9s\u00e9re.<\/p><div id=\"gazda-1208552872\" class=\"gazda-tartalomban gazda-entity-placement\"><script async src=\"https:\/\/pagead2.googlesyndication.com\/pagead\/js\/adsbygoogle.js\"><\/script>\r\n<ins class=\"adsbygoogle\"\r\n     style=\"display:block\"\r\n     data-ad-format=\"fluid\"\r\n     data-ad-layout-key=\"-6t+ed+2i-1n-4w\"\r\n     data-ad-client=\"ca-pub-1959107119989764\"\r\n     data-ad-slot=\"4008251320\"><\/ins>\r\n<script>\r\n     (adsbygoogle = window.adsbygoogle || []).push({});\r\n<\/script><\/div>\n<div class=\"ads-in-post2\"><script async src=\"https:\/\/pagead2.googlesyndication.com\/pagead\/js\/adsbygoogle.js\"><\/script>\r\n<ins class=\"adsbygoogle\"\r\n     style=\"display:block\"\r\n     data-ad-format=\"fluid\"\r\n     data-ad-layout-key=\"-6t+ed+2i-1n-4w\"\r\n     data-ad-client=\"ca-pub-1959107119989764\"\r\n     data-ad-slot=\"4008251320\"><\/ins>\r\n<script>\r\n     (adsbygoogle = window.adsbygoogle || []).push({});\r\n<\/script><\/div>\nEbben a Generali Medi24 telefonos \u00fcgyf\u00e9lszolg\u00e1lata seg\u00edt: a konzult\u00e1ci\u00f3t megel\u0151z\u0151en egyeztetnek az \u00fcgyf\u00e9llel, \u00e9s a besz\u00e9lget\u00e9s sor\u00e1n d\u00f6ntenek arr\u00f3l, hogy a probl\u00e9ma eset\u00e9ben a telekonzult\u00e1ci\u00f3 megfelel\u0151 v\u00e1laszt\u00e1s-e. Amennyiben igen, a h\u00edv\u00e1st az eg\u00e9szs\u00e9g\u00fcgyi szolg\u00e1ltat\u00f3 kezdem\u00e9nyezi az el\u0151re egyeztetett id\u0151pontban, \u00edgy a 15-30 perces \u201erendel\u00e9si id\u0151\u201d sem a p\u00e1cienst terheli. A konzult\u00e1ci\u00f3 sor\u00e1n ambul\u00e1ns lap k\u00e9sz\u00fcl, melyet a tan\u00e1csad\u00e1st k\u00f6vet\u0151en e-mailben kapnak meg a betegek, ezen k\u00edv\u00fcl az \u00e9rv\u00e9nyes szakorvosi javaslattal rendelkez\u0151 p\u00e1ciensek (e-)receptet is ig\u00e9nyelhetnek a \u201eteleorvosukt\u00f3l\u201d. Fontos tudni azonban, hogy a telekonzult\u00e1ci\u00f3 sz\u0171r\u0151vizsg\u00e1lati c\u00e9lb\u00f3l nem vehet\u0151 ig\u00e9nybe, valamint a s\u00fcrg\u0151ss\u00e9gi ell\u00e1t\u00e1st, szem\u00e9lyes orvosi\/diagnosztikai\/labor vizsg\u00e1latot sem helyettes\u00edtheti.<\/p>\n<p>\u201e<em>A j\u00e1rv\u00e1ny\u00fcgyi helyzetre tekintettel emellett 1 alkalommal <strong>v\u00e1llaljuk az elv\u00e9gzett COVID-19 sz\u0171r\u0151vizsg\u00e1lat k\u00f6lts\u00e9g\u00e9nek megt\u00e9r\u00edt\u00e9s\u00e9t <\/strong>(15.000 Ft \u00f6sszegig) \u00e9s seg\u00edts\u00e9get ny\u00fajtunk a tesztet v\u00e9gz\u0151 szolg\u00e1ltat\u00f3 megtal\u00e1l\u00e1s\u00e1ban, valamint konzult\u00e1ci\u00f3s lehet\u0151s\u00e9get biztos\u00edtunk az otthonukban gy\u00f3gyul\u00f3 fert\u0151z\u00f6tteknek is\u201d &#8211; <\/em>mondta <strong>Schaub Erika<\/strong>, a Generali szem\u00e9lybiztos\u00edt\u00e1sok\u00e9rt felel\u0151s igazgat\u00f3s\u00e1gi tagja.<\/p>\n<p><strong>V\u00e9d\u0151pajzs a munkav\u00e1llal\u00f3nak \u00e9s a c\u00e9gnek<\/strong><\/p>\n<p>Az eg\u00e9szs\u00e9g\u00fcnket \u00e9rint\u0151 k\u00e9ts\u00e9gek mellett a legt\u00f6bb k\u00e9rd\u00e9s j\u00f6v\u0151nk biztons\u00e1g\u00e1val kapcsolatban mer\u00fcl fel. K\u00fcl\u00f6n\u00f6sen fesz\u00edt\u0151 ez a bizonytalans\u00e1g, ha \u00e9ppen a koronav\u00edrus-fert\u0151z\u00e9s k\u00f6vetkezt\u00e9ben esik ki valaki a munk\u00e1b\u00f3l, de a c\u00e9gek sz\u00e1m\u00e1ra is komoly kock\u00e1zatot jelent, ha hosszabb id\u0151re n\u00e9lk\u00fcl\u00f6zni\u00fck kell a koll\u00e9g\u00e1kat a betegs\u00e9g \u00e9s a fel\u00e9p\u00fcl\u00e9s id\u0151szak\u00e1ban. \u00c1prilis 16-t\u00f3l k\u00e9t \u00faj, a j\u00e1rv\u00e1nyhoz kapcsol\u00f3d\u00f3 kock\u00e1zatra is megk\u00f6thet\u0151 a Generali <a href=\"https:\/\/www.generali.hu\/Biztositas\/Ceges\/Kollektiv-szemelybiztositas\/Munkaltatoi.aspx\" target=\"_blank\" rel=\"noopener\">Pajzs munk\u00e1ltat\u00f3i \u00e9let-, eg\u00e9szs\u00e9g- \u00e9s balesetbiztos\u00edt\u00e1s<\/a>a.<\/p>\n<p><strong>Amennyiben a c\u00e9gvezet\u0151 ig\u00e9nyli a biztos\u00edt\u00e1st a munkav\u00e1llal\u00f3ira, akkor a biztos\u00edt\u00f3 fedezetet ny\u00fajt a COVID-19 v\u00edrusfert\u0151z\u00e9ssel diagnosztiz\u00e1lt\u00a0munkav\u00e1llal\u00f3k r\u00e9sz\u00e9re. A munkav\u00e1llal\u00f3 COVID-19 v\u00edrusfert\u0151z\u00e9se miatti k\u00f3rh\u00e1zi ell\u00e1t\u00e1sa eset\u00e9n a k\u00f3rh\u00e1zban t\u00f6lt\u00f6tt 8. napt\u00f3l a biztos\u00edt\u00f3 a szerz\u0151d\u00e9sben v\u00e1llalt biztos\u00edt\u00e1si \u00f6sszeg alapj\u00e1n k\u00f3rh\u00e1zi napi t\u00e9r\u00edt\u00e9st ny\u00fajt<\/strong>, ha pedig a beteg intenz\u00edv oszt\u00e1lyra ker\u00fcl, akkor az ott t\u00f6lt\u00f6tt napokra a biztos\u00edt\u00e1si \u00f6sszeg 200%-a lesz a szolg\u00e1ltat\u00e1s. A m\u00e1sik \u00faj kock\u00e1zati elem a l\u00e1badoz\u00e1s heteire f\u00f3kusz\u00e1l: <strong>a k\u00f3rh\u00e1zi ell\u00e1t\u00e1st k\u00f6vet\u0151 keres\u0151k\u00e9ptelens\u00e9g id\u0151szaka alatt, 14 napig a biztos\u00edt\u00f3 t\u00e9r\u00edti az eg\u00e9szs\u00e9g\u00fcgyi ell\u00e1t\u00f3helyr\u0151l val\u00f3 hazasz\u00e1ll\u00edt\u00e1s, a kontrollvizsg\u00e1latok miatt felmer\u00fcl\u0151 utaz\u00e1sok, de p\u00e9ld\u00e1ul a gyermekfel\u00fcgyelet \u00e9s a h\u00e1zhoz rendelt \u00e9telek h\u00e1zhozsz\u00e1ll\u00edt\u00e1s\u00e1nak k\u00f6lts\u00e9g\u00e9re vonatkoz\u00f3an ki\u00e1ll\u00edtott sz\u00e1ml\u00e1k \u00f6sszeg\u00e9t is<\/strong>. Mindk\u00e9t kieg\u00e9sz\u00edt\u0151 kock\u00e1zat eset\u00e9n meghat\u00e1rozott id\u0151re, 10 h\u00f3napra k\u00f6thet\u0151 kollekt\u00edv munk\u00e1ltat\u00f3i szerz\u0151d\u00e9s, <strong>munkav\u00e1llal\u00f3nk\u00e9nt havi p\u00e1r sz\u00e1z forintos d\u00edjjal<\/strong>.<\/p>\n<p>\u201e<em>A j\u00e1rv\u00e1nyhelyzet komoly pr\u00f3ba el\u00e9 \u00e1ll\u00edtja a c\u00e9gvezet\u00e9st, hiszen mindazt, amit eddig a hangzatos employer branding strat\u00e9gi\u00e1kban bizonygattak, most a gyakorlatba is \u00e1t kell \u00fcltetni\u00fck. A kollekt\u00edv munk\u00e1ltat\u00f3i biztos\u00edt\u00e1s megk\u00f6t\u00e9se fontos visszajelz\u00e9s a munkav\u00e1llal\u00f3nak, mert megbizonyosodhat r\u00f3la, hogy \u00e9rt\u00e9kes a munkaad\u00f3ja sz\u00e1m\u00e1ra, ugyanakkor a c\u00e9gnek is elemi \u00e9rdeke, hogy a betegs\u00e9gen \u00e1tesett koll\u00e9g\u00e1k mihamarabb visszat\u00e9rhessenek feladataikhoz\u201d &#8211; <\/em>hangs\u00falyozza <strong>Schaub Erika.<\/strong><\/p>\n<p>&nbsp;<\/p>\n<p>A GENERALI CSOPORT<\/p>\n<p>A Generali az egyik legnagyobb glob\u00e1lis biztos\u00edt\u00f3 \u00e9s alapkezel\u0151 v\u00e1llalat. Az 1831-es megalap\u00edt\u00e1sa \u00f3ta a vil\u00e1g vezet\u0151 biztos\u00edt\u00f3t\u00e1rsas\u00e1gai k\u00f6z\u00f6tt jegyzett v\u00e1llalatcsoport 50 orsz\u00e1gban m\u0171k\u00f6dik, teljes d\u00edjbev\u00e9tele 2019-ben meghaladta a 69 milli\u00e1rd eur\u00f3t. A vil\u00e1gszerte k\u00f6zel 72 000 munkav\u00e1llal\u00f3t alkalmaz\u00f3 \u00e9s 61 milli\u00f3 \u00fcgyfelet kiszolg\u00e1l\u00f3 Generali Csoport egyike a vezet\u0151 eur\u00f3pai biztos\u00edt\u00f3t\u00e1rsas\u00e1goknak, \u00e1zsiai, illetve latin-amerikai jelenl\u00e9te folyamatosan er\u0151s\u00f6dik. A Generali c\u00e9lja nem kevesebb, mint \u00e9lethosszig tart\u00f3 partnerk\u00e9nt szolg\u00e1lni \u00fcgyfeleit &#8211; a p\u00e1ratlan ell\u00e1t\u00e1si l\u00e1nc\u00e1nak k\u00f6sz\u00f6nhet\u0151en &#8211; innovat\u00edv \u00e9s szem\u00e9lyre szabott megold\u00e1saival. Ausztriai, k\u00f6z\u00e9p- \u00e9s kelet-eur\u00f3pai, illetve oroszorsz\u00e1gi tev\u00e9kenys\u00e9g\u00e9t a Csoport (a pr\u00e1gai sz\u00e9khely\u0171) Ausztria, CEE &amp; Oroszorsz\u00e1g Region\u00e1lis K\u00f6zponton kereszt\u00fcl ir\u00e1ny\u00edtja; a Generali a r\u00e9gi\u00f3hoz tartoz\u00f3 13 orsz\u00e1g mindegyik\u00e9ben a legjobb h\u00e1rom biztos\u00edt\u00f3 k\u00f6z\u00e9 tartozik.<\/p>\n<p>&nbsp;<\/p>\n","protected":false},"excerpt":{"rendered":"<p>A Generali Biztos\u00edt\u00f3 a koronav\u00edrus j\u00e1rv\u00e1ny kezdete \u00f3ta dolgozik<\/p>\n","protected":false},"author":1001006,"featured_media":0,"comment_status":"closed","ping_status":"open","sticky":false,"template":"","format":"standard","meta":[],"categories":[51,19,427],"tags":[],"_links":{"self":[{"href":"https:\/\/gazdasagportal.hu\/index.php\/wp-json\/wp\/v2\/posts\/125831"}],"collection":[{"href":"https:\/\/gazdasagportal.hu\/index.php\/wp-json\/wp\/v2\/posts"}],"about":[{"href":"https:\/\/gazdasagportal.hu\/index.php\/wp-json\/wp\/v2\/types\/post"}],"author":[{"embeddable":true,"href":"https:\/\/gazdasagportal.hu\/index.php\/wp-json\/wp\/v2\/users\/1001006"}],"replies":[{"embeddable":true,"href":"https:\/\/gazdasagportal.hu\/index.php\/wp-json\/wp\/v2\/comments?post=125831"}],"version-history":[{"count":1,"href":"https:\/\/gazdasagportal.hu\/index.php\/wp-json\/wp\/v2\/posts\/125831\/revisions"}],"predecessor-version":[{"id":125832,"href":"https:\/\/gazdasagportal.hu\/index.php\/wp-json\/wp\/v2\/posts\/125831\/revisions\/125832"}],"wp:attachment":[{"href":"https:\/\/gazdasagportal.hu\/index.php\/wp-json\/wp\/v2\/media?parent=125831"}],"wp:term":[{"taxonomy":"category","embeddable":true,"href":"https:\/\/gazdasagportal.hu\/index.php\/wp-json\/wp\/v2\/categories?post=125831"},{"taxonomy":"post_tag","embeddable":true,"href":"https:\/\/gazdasagportal.hu\/index.php\/wp-json\/wp\/v2\/tags?post=125831"}],"curies":[{"name":"wp","href":"https:\/\/api.w.org\/{rel}","templated":true}]}}