{"id":125829,"date":"2020-04-24T12:18:07","date_gmt":"2020-04-24T10:18:07","guid":{"rendered":"http:\/\/gazdasagportal.hu\/?p=125829"},"modified":"2020-04-24T12:18:07","modified_gmt":"2020-04-24T10:18:07","slug":"varga-mihaly-alairtak-a-budapest-belgrad-vasutvonalrol-szolo-hitelszerzodest","status":"publish","type":"post","link":"https:\/\/gazdasagportal.hu\/index.php\/varga-mihaly-alairtak-a-budapest-belgrad-vasutvonalrol-szolo-hitelszerzodest\/","title":{"rendered":"Varga Mih\u00e1ly: al\u00e1\u00edrt\u00e1k a Budapest-Belgr\u00e1d vas\u00fatvonalr\u00f3l sz\u00f3l\u00f3 hitelszerz\u0151d\u00e9st"},"content":{"rendered":"<p><strong>Magyarorsz\u00e1g sz\u00e1m\u00e1ra el\u0151ny\u00f6s \u00e9s biztons\u00e1gos hitelszerz\u0151d\u00e9s sz\u00fcletett a Budapest-Belgr\u00e1d vas\u00fatvonal l\u00e9trehoz\u00e1s\u00e1ra Magyarorsz\u00e1g \u00e9s K\u00edna k\u00f6z\u00f6tt &#8211; t\u00e1j\u00e9koztatta Varga Mih\u00e1ly az MTI-t p\u00e9nteken, miut\u00e1n al\u00e1\u00edrta a beruh\u00e1z\u00e1s elindul\u00e1s\u00e1hoz sz\u00fcks\u00e9ges hitel-meg\u00e1llapod\u00e1st.<\/strong><!--more--><\/p>\n<div class=\"ads-in-post1\"><div id=\"gazdasagportal.hu_fullbanner_wideboard\"><\/div>\r\n<\/div>\n<p>    A p\u00e9nz\u00fcgyminiszter kiemelte: a szerz\u0151d\u00e9s al\u00e1\u00edr\u00e1s\u00e1val megkezd\u0151dhet a beruh\u00e1z\u00e1s, amellyel t\u00e9rs\u00e9g\u00fcnk logisztikai k\u00f6zpontj\u00e1v\u00e1 v\u00e1lhat Magyarorsz\u00e1g.<br \/>\n    A k\u00ednai Eximbankkal k\u00f6t\u00f6tt meg\u00e1llapod\u00e1s szerint a beruh\u00e1z\u00e1s 85 sz\u00e1zal\u00e9k\u00e1t hitelb\u0151l, a fennmarad\u00f3 15 sz\u00e1zal\u00e9kot saj\u00e1t forr\u00e1sb\u00f3l, \u00f6nr\u00e9sz biztos\u00edt\u00e1s\u00e1val finansz\u00edrozza a magyar \u00e1llam &#8211; emelte ki Varga Mih\u00e1ly. Mint mondta: a meg\u00e1llapod\u00e1s p\u00e9nz\u00fcgyi felt\u00e9telei a piacon jelenleg el\u00e9rhet\u0151 \u00e1llamad\u00f3ss\u00e1g-finansz\u00edroz\u00e1si lehet\u0151s\u00e9gekkel \u00f6sszevetve is kedvezm\u00e9nyesek.<br \/>\n<div class=\"ads-in-post2\"><script async src=\"https:\/\/pagead2.googlesyndication.com\/pagead\/js\/adsbygoogle.js\"><\/script>\r\n<ins class=\"adsbygoogle\"\r\n     style=\"display:block\"\r\n     data-ad-format=\"fluid\"\r\n     data-ad-layout-key=\"-6t+ed+2i-1n-4w\"\r\n     data-ad-client=\"ca-pub-1959107119989764\"\r\n     data-ad-slot=\"4008251320\"><\/ins>\r\n<script>\r\n     (adsbygoogle = window.adsbygoogle || []).push({});\r\n<\/script><\/div>\n    A p\u00e9nz\u00fcgyi tervez\u00e9st \u00e9s a kisz\u00e1m\u00edthat\u00f3s\u00e1got er\u0151s\u00edti, hogy a hitel fix kamatoz\u00e1s\u00fa, \u00edgy a piaci k\u00f6r\u00fclm\u00e9nyek esetleges roml\u00e1sa eset\u00e9n sem v\u00e1ltoznak a felt\u00e9telek. A hitelszerz\u0151d\u00e9s lehet\u0151v\u00e9 teszi tov\u00e1bb\u00e1 az el\u0151t\u00f6rleszt\u00e9st is, ennek megfelel\u0151en a korm\u00e1ny folyamatosan vizsg\u00e1lni fogja a piaci felt\u00e9teleket, \u00e9s amennyiben az Magyarorsz\u00e1g sz\u00e1m\u00e1ra el\u0151ny\u00f6s, kezdem\u00e9nyezni fogja az el\u0151t\u00f6rleszt\u00e9st.<br \/>\n    Varga Mih\u00e1ly eml\u00e9keztetett: a beruh\u00e1z\u00e1st kivitelez\u0151 magyar-k\u00ednai konzorciummal tavaly tavasszal \u00edrt\u00e1k al\u00e1 a vas\u00fatvonal korszer\u0171s\u00edt\u00e9s\u00e9re vonatkoz\u00f3 szerz\u0151d\u00e9st. A szerbiai szakaszon m\u00e1r folyik a fel\u00faj\u00edt\u00e1s, amely a v\u00e1rakoz\u00e1sok szerint 2022 v\u00e9g\u00e9re k\u00e9sz\u00fcl el. A c\u00e9l az, hogy 2025-re a teljes vas\u00fatvonal meg\u00e9p\u00edt\u00e9se befejez\u0151dj\u00f6n &#8211; emelte ki Varga Mih\u00e1ly.(MTI)<\/p>\n","protected":false},"excerpt":{"rendered":"<p>Magyarorsz\u00e1g sz\u00e1m\u00e1ra el\u0151ny\u00f6s \u00e9s biztons\u00e1gos hitelszerz\u0151d\u00e9s sz\u00fcletett a Budapest-Belgr\u00e1d vas\u00fatvonal l\u00e9trehoz\u00e1s\u00e1ra Magyarorsz\u00e1g \u00e9s K\u00edna k\u00f6z\u00f6tt &#8211; t\u00e1j\u00e9koztatta Varga Mih\u00e1ly az MTI-t p\u00e9nteken, miut\u00e1n al\u00e1\u00edrta a beruh\u00e1z\u00e1s elindul\u00e1s\u00e1hoz sz\u00fcks\u00e9ges hitel-meg\u00e1llapod\u00e1st.<\/p>\n","protected":false},"author":1001006,"featured_media":0,"comment_status":"closed","ping_status":"open","sticky":false,"template":"","format":"standard","meta":[],"categories":[19],"tags":[],"_links":{"self":[{"href":"https:\/\/gazdasagportal.hu\/index.php\/wp-json\/wp\/v2\/posts\/125829"}],"collection":[{"href":"https:\/\/gazdasagportal.hu\/index.php\/wp-json\/wp\/v2\/posts"}],"about":[{"href":"https:\/\/gazdasagportal.hu\/index.php\/wp-json\/wp\/v2\/types\/post"}],"author":[{"embeddable":true,"href":"https:\/\/gazdasagportal.hu\/index.php\/wp-json\/wp\/v2\/users\/1001006"}],"replies":[{"embeddable":true,"href":"https:\/\/gazdasagportal.hu\/index.php\/wp-json\/wp\/v2\/comments?post=125829"}],"version-history":[{"count":1,"href":"https:\/\/gazdasagportal.hu\/index.php\/wp-json\/wp\/v2\/posts\/125829\/revisions"}],"predecessor-version":[{"id":125830,"href":"https:\/\/gazdasagportal.hu\/index.php\/wp-json\/wp\/v2\/posts\/125829\/revisions\/125830"}],"wp:attachment":[{"href":"https:\/\/gazdasagportal.hu\/index.php\/wp-json\/wp\/v2\/media?parent=125829"}],"wp:term":[{"taxonomy":"category","embeddable":true,"href":"https:\/\/gazdasagportal.hu\/index.php\/wp-json\/wp\/v2\/categories?post=125829"},{"taxonomy":"post_tag","embeddable":true,"href":"https:\/\/gazdasagportal.hu\/index.php\/wp-json\/wp\/v2\/tags?post=125829"}],"curies":[{"name":"wp","href":"https:\/\/api.w.org\/{rel}","templated":true}]}}