{"id":125827,"date":"2020-04-24T10:07:01","date_gmt":"2020-04-24T08:07:01","guid":{"rendered":"http:\/\/gazdasagportal.hu\/?p=125827"},"modified":"2020-04-24T10:07:01","modified_gmt":"2020-04-24T08:07:01","slug":"ksh-csokkent-a-termeszetes-fogyas-az-ev-elso-ket-honapjaban","status":"publish","type":"post","link":"https:\/\/gazdasagportal.hu\/index.php\/ksh-csokkent-a-termeszetes-fogyas-az-ev-elso-ket-honapjaban\/","title":{"rendered":"KSH: cs\u00f6kkent a term\u00e9szetes fogy\u00e1s az \u00e9v els\u0151 k\u00e9t h\u00f3napj\u00e1ban"},"content":{"rendered":"<p><strong>Cs\u00f6kkent a term\u00e9szetes fogy\u00e1s m\u00e9rt\u00e9ke 2020 els\u0151 k\u00e9t h\u00f3napj\u00e1ban, miut\u00e1n 8,8 sz\u00e1zal\u00e9kkal t\u00f6bb gyerek sz\u00fcletett \u00e9s 13 sz\u00e1zal\u00e9kkal kevesebben haltak meg, mint a m\u00falt \u00e9v azonos id\u0151szak\u00e1ban &#8211; k\u00f6z\u00f6lte a K\u00f6zponti Statisztikai Hivatal (KSH) p\u00e9nteken az MTI-vel.<\/strong><!--more--><\/p>\n<div class=\"ads-in-post1\"><div id=\"gazdasagportal.hu_fullbanner_wideboard\"><\/div>\r\n<\/div>\n<p>    Az \u00e9v els\u0151 k\u00e9t h\u00f3napj\u00e1ban 15 148 gyermek sz\u00fcletett, 1230-cal t\u00f6bb, mint tavaly ilyenkor. A sz\u00f6k\u0151naphat\u00e1st\u00f3l megtiszt\u00edtott sz\u00fclet\u00e9ssz\u00e1m enn\u00e9l kisebb m\u00e9rt\u00e9kben, 7,1 sz\u00e1zal\u00e9kkal emelkedett az el\u0151z\u0151 \u00e9v azonos id\u0151szak\u00e1hoz k\u00e9pest. Janu\u00e1rban 9,8, febru\u00e1rban 4 sz\u00e1zal\u00e9kkal t\u00f6bb volt az \u00e9lvesz\u00fclet\u00e9sek sz\u00e1ma 2019 azonos h\u00f3napjaihoz k\u00e9pest.<br \/>\n    2020. janu\u00e1r-febru\u00e1rban 22 818-an haltak meg, 3431-gyel kevesebben, mint az el\u0151z\u0151 \u00e9v azonos id\u0151szak\u00e1ban. A jelent\u0151s cs\u00f6kken\u00e9s h\u00e1tter\u00e9ben a tavalyihoz k\u00e9pest id\u00e9n k\u00e9s\u0151bb \u00e9s alacsonyabb szinten tet\u0151z\u0151 influenzaj\u00e1rv\u00e1ny \u00e1llhatott. A sz\u00f6k\u0151naphat\u00e1s figyelembev\u00e9tel\u00e9vel a hal\u00e1loz\u00e1sok sz\u00e1m\u00e1nak cs\u00f6kken\u00e9se 15 sz\u00e1zal\u00e9k volt. Janu\u00e1rban 15, febru\u00e1rban 13 sz\u00e1zal\u00e9kkal kevesebben hunytak el az egy \u00e9vvel kor\u00e1bbihoz k\u00e9pest.<br \/>\n    Kiemelt\u00e9k, a hal\u00e1loz\u00e1sok sz\u00e1m\u00e1nak jelent\u0151s cs\u00f6kken\u00e9se, \u00e9s a sz\u00fclet\u00e9sek sz\u00e1m\u00e1nak emelked\u00e9se k\u00f6vetkezt\u00e9ben a term\u00e9szetes fogy\u00e1s m\u00e9rt\u00e9ke 38 sz\u00e1zal\u00e9kkal &#8211; a sz\u00f6k\u0151naphat\u00e1s figyelembev\u00e9tel\u00e9vel 39 sz\u00e1zal\u00e9kkal &#8211; cs\u00f6kkent az el\u0151z\u0151 \u00e9v azonos id\u0151szak\u00e1hoz k\u00e9pest.<br \/>\n    A hivatal adatai szerint a h\u00e1zass\u00e1gk\u00f6t\u00e9sek sz\u00e1ma n\u0151tt: 7381 p\u00e1r h\u00e1zasodott \u00f6ssze, 121 sz\u00e1zal\u00e9kkal, 4044-gyel t\u00f6bb, mint tavaly ilyenkor. Janu\u00e1rban 97, febru\u00e1rban 131 sz\u00e1zal\u00e9kkal t\u00f6bb h\u00e1zass\u00e1got anyak\u00f6nyveztek, mint egy \u00e9vvel kor\u00e1bban.<br \/>\n    Ezer lakosra 9,5 \u00e9lve sz\u00fclet\u00e9s \u00e9s 14,2 hal\u00e1loz\u00e1s jutott. Az el\u0151bbi adat 0,6 ezrel\u00e9kponttal magasabb az el\u0151z\u0151 \u00e9v azonos id\u0151szak\u00e1ra sz\u00e1m\u00edtott \u00e9rt\u00e9kn\u00e9l, az ut\u00f3bbi 2,4 ezrel\u00e9kponttal alacsonyabb, ez\u00e9rt a term\u00e9szetes fogy\u00e1s 3 ezrel\u00e9kponttal alacsonyabb volt az egy \u00e9vvel kor\u00e1bbin\u00e1l.<br \/>\n    Az \u00e9v els\u0151 k\u00e9t h\u00f3napj\u00e1ban ezer \u00e9lvesz\u00fclet\u00e9sre 3,3 csecsem\u0151hal\u00e1loz\u00e1s jutott, ami 0,4 ezrel\u00e9kpontos cs\u00f6kken\u00e9st jelent az egy \u00e9vvel ezel\u0151ttihez k\u00e9pest. A h\u00e1zass\u00e1gk\u00f6t\u00e9si ar\u00e1nysz\u00e1m (az ezer lakosra jut\u00f3 h\u00e1zass\u00e1gk\u00f6t\u00e9sek sz\u00e1ma) 4,6 ezrel\u00e9kes \u00e9rt\u00e9ke 2,5 ezrel\u00e9kponttal volt magasabb az egy \u00e9vvel kor\u00e1bbin\u00e1l &#8211; olvashat\u00f3 a k\u00f6zlem\u00e9nyben.(MTI)<\/p>\n","protected":false},"excerpt":{"rendered":"<p>Cs\u00f6kkent a term\u00e9szetes fogy\u00e1s m\u00e9rt\u00e9ke 2020 els\u0151 k\u00e9t h\u00f3napj\u00e1ban, miut\u00e1n 8,8 sz\u00e1zal\u00e9kkal t\u00f6bb gyerek sz\u00fcletett \u00e9s 13 sz\u00e1zal\u00e9kkal kevesebben haltak meg, mint a m\u00falt \u00e9v azonos id\u0151szak\u00e1ban &#8211; k\u00f6z\u00f6lte a K\u00f6zponti Statisztikai Hivatal (KSH) p\u00e9nteken az MTI-vel.<\/p>\n","protected":false},"author":1001006,"featured_media":0,"comment_status":"closed","ping_status":"open","sticky":false,"template":"","format":"standard","meta":[],"categories":[4],"tags":[],"_links":{"self":[{"href":"https:\/\/gazdasagportal.hu\/index.php\/wp-json\/wp\/v2\/posts\/125827"}],"collection":[{"href":"https:\/\/gazdasagportal.hu\/index.php\/wp-json\/wp\/v2\/posts"}],"about":[{"href":"https:\/\/gazdasagportal.hu\/index.php\/wp-json\/wp\/v2\/types\/post"}],"author":[{"embeddable":true,"href":"https:\/\/gazdasagportal.hu\/index.php\/wp-json\/wp\/v2\/users\/1001006"}],"replies":[{"embeddable":true,"href":"https:\/\/gazdasagportal.hu\/index.php\/wp-json\/wp\/v2\/comments?post=125827"}],"version-history":[{"count":1,"href":"https:\/\/gazdasagportal.hu\/index.php\/wp-json\/wp\/v2\/posts\/125827\/revisions"}],"predecessor-version":[{"id":125828,"href":"https:\/\/gazdasagportal.hu\/index.php\/wp-json\/wp\/v2\/posts\/125827\/revisions\/125828"}],"wp:attachment":[{"href":"https:\/\/gazdasagportal.hu\/index.php\/wp-json\/wp\/v2\/media?parent=125827"}],"wp:term":[{"taxonomy":"category","embeddable":true,"href":"https:\/\/gazdasagportal.hu\/index.php\/wp-json\/wp\/v2\/categories?post=125827"},{"taxonomy":"post_tag","embeddable":true,"href":"https:\/\/gazdasagportal.hu\/index.php\/wp-json\/wp\/v2\/tags?post=125827"}],"curies":[{"name":"wp","href":"https:\/\/api.w.org\/{rel}","templated":true}]}}