{"id":125816,"date":"2020-04-24T06:54:11","date_gmt":"2020-04-24T04:54:11","guid":{"rendered":"http:\/\/gazdasagportal.hu\/?p=125816"},"modified":"2020-04-24T06:54:11","modified_gmt":"2020-04-24T04:54:11","slug":"az-egyik-leghatekonyabbnak-hitt-koronavirus-elleni-szer-az-elso-kiserleteknel-kudarcot-vallott","status":"publish","type":"post","link":"https:\/\/gazdasagportal.hu\/index.php\/az-egyik-leghatekonyabbnak-hitt-koronavirus-elleni-szer-az-elso-kiserleteknel-kudarcot-vallott\/","title":{"rendered":"Az egyik leghat\u00e9konyabbnak hitt koronav\u00edrus elleni szer az els\u0151 k\u00eds\u00e9rletekn\u00e9l kudarcot vallott"},"content":{"rendered":"<p><strong>Az \u00faj t\u00edpus\u00fa koronav\u00edrus fert\u0151z\u00e9se nyom\u00e1n kialakult Covid-19 betegs\u00e9g kezel\u00e9s\u00e9re sz\u00e1nt v\u00edrusellenes gy\u00f3gyszer, a remdesivir az els\u0151 k\u00eds\u00e9rletekn\u00e9l kudarcot vallott &#8211; jelentette be cs\u00fct\u00f6rt\u00f6k\u00f6n este kiadott k\u00f6zlem\u00e9ny\u00e9ben a Gilead Sciences kaliforniai c\u00e9g.<\/strong><!--more--><\/p>\n<div class=\"ads-in-post1\"><div id=\"gazdasagportal.hu_fullbanner_wideboard\"><\/div>\r\n<\/div>\n<p>    A remdesivir kudarc\u00e1r\u00f3l el\u0151sz\u00f6r az ENSZ Eg\u00e9szs\u00e9g\u00fcgyi Vil\u00e1gszervezete (WHO) adott h\u00edrt cs\u00fct\u00f6rt\u00f6k\u00f6n d\u00e9lut\u00e1n, \u00e9s mint kider\u00fclt, a k\u00eds\u00e9rletekr\u0151l k\u00e9sz\u00fclt \u00f6sszefoglal\u00f3 jelent\u00e9s v\u00e9letlen\u00fcl ker\u00fclt fel a szervezet honlapj\u00e1ra. Ezt k\u00f6vet\u0151en el\u0151sz\u00f6r a brit Financial Times c\u00edm\u0171 lap, majd az amerikai sajt\u00f3 is h\u00edrt adott r\u00f3la.<br \/>\n    A kaliforniai laborat\u00f3rium erre reag\u00e1lva adta ki k\u00f6zlem\u00e9ny\u00e9t, amelyben hangs\u00falyozta: &#8222;sajn\u00e1ljuk, hogy a WHO id\u0151 el\u0151tt publik\u00e1lta a tanulm\u00e1nyb\u00f3l sz\u00e1rmaz\u00f3 inform\u00e1ci\u00f3kat. A kutat\u00f3k nem adtak enged\u00e9lyt az eredm\u00e9nyek megjelentet\u00e9s\u00e9re&#8221;.<br \/>\n    A biotechnol\u00f3giai c\u00e9g kiemelte: az els\u0151 mint\u00e1k t\u00fals\u00e1gosan kis sz\u00e1m\u00faak ahhoz, hogy hasznos eredm\u00e9nyekre lehessen k\u00f6vetkeztetni. &#8222;A k\u00eds\u00e9rleteket t\u00fal kor\u00e1n \u00e1ll\u00edtottuk le, mert nem volt elegend\u0151 sz\u00e1m\u00fa jelentkez\u0151, s ez nem tette lehet\u0151v\u00e9, hogy statisztikailag \u00e9rdemleges k\u00f6vetkeztet\u00e9seket vonhassunk le&#8221; &#8211; \u00e1ll a komm\u00fcnik\u00e9ben.<br \/>\n<div class=\"ads-in-post2\"><script async src=\"https:\/\/pagead2.googlesyndication.com\/pagead\/js\/adsbygoogle.js\"><\/script>\r\n<ins class=\"adsbygoogle\"\r\n     style=\"display:block\"\r\n     data-ad-format=\"fluid\"\r\n     data-ad-layout-key=\"-6t+ed+2i-1n-4w\"\r\n     data-ad-client=\"ca-pub-1959107119989764\"\r\n     data-ad-slot=\"4008251320\"><\/ins>\r\n<script>\r\n     (adsbygoogle = window.adsbygoogle || []).push({});\r\n<\/script><\/div>\n    A Gilead Sciences mindazon\u00e1ltal lesz\u00f6gezte azt is: az els\u0151 k\u00eds\u00e9rletek arra engednek k\u00f6vetkeztetni, hogy a remdesivir j\u00f3t\u00e9kony hat\u00e1ssal lehet azokra a Covid-19-ben szenved\u0151 betegekre, akikn\u00e9l m\u00e9g a k\u00f3r kezdeti szakasz\u00e1ban kezdik meg a kezel\u00e9st.<br \/>\n    A k\u00eds\u00e9rletben r\u00e9sztvev\u0151 237 beteget k\u00e9t csoportra osztott\u00e1k. Az egyik csoportban 158 beteget kezeltek, \u0151k kaptak remdesivirt is, m\u00edg a m\u00e1sik csoportban 79 beteget l\u00e1ttak el remdesivir n\u00e9lk\u00fcl.<br \/>\n    A szerrel egy\u00e9bk\u00e9nt nemcsak az Egyes\u00fclt \u00c1llamokban, hanem Eur\u00f3p\u00e1ban \u00e9s K\u00edn\u00e1ban is k\u00eds\u00e9rleteznek. S nemcsak remdesivirrel pr\u00f3b\u00e1lkoznak, hanem az AIDS kezel\u00e9s\u00e9re alkalmazott k\u00e9t, retrov\u00edrus-elleni szerrel, a lopinavirral \u00e9s a ritonavirral is, amelyeket interferon-b\u00e9t\u00e1val kombin\u00e1lva adnak a p\u00e1cienseknek. Ezen k\u00edv\u00fcl k\u00eds\u00e9rleteznek a hidroxi-klorokinnal, amelyet mal\u00e1ria \u00e9s s\u00falyos autoimmun betegs\u00e9gek &#8211; mint a lupusz vagy a reumatoid artritisz &#8211; kezel\u00e9s\u00e9re alkalmaznak.(MTI)<\/p>\n","protected":false},"excerpt":{"rendered":"<p>Az \u00faj t\u00edpus\u00fa koronav\u00edrus fert\u0151z\u00e9se nyom\u00e1n kialakult Covid-19 betegs\u00e9g kezel\u00e9s\u00e9re sz\u00e1nt v\u00edrusellenes gy\u00f3gyszer, a remdesivir az els\u0151 k\u00eds\u00e9rletekn\u00e9l kudarcot vallott &#8211; jelentette be cs\u00fct\u00f6rt\u00f6k\u00f6n este kiadott k\u00f6zlem\u00e9ny\u00e9ben a Gilead Sciences kaliforniai c\u00e9g.<\/p>\n","protected":false},"author":1001006,"featured_media":125817,"comment_status":"closed","ping_status":"open","sticky":false,"template":"","format":"standard","meta":[],"categories":[146,427,246],"tags":[428],"_links":{"self":[{"href":"https:\/\/gazdasagportal.hu\/index.php\/wp-json\/wp\/v2\/posts\/125816"}],"collection":[{"href":"https:\/\/gazdasagportal.hu\/index.php\/wp-json\/wp\/v2\/posts"}],"about":[{"href":"https:\/\/gazdasagportal.hu\/index.php\/wp-json\/wp\/v2\/types\/post"}],"author":[{"embeddable":true,"href":"https:\/\/gazdasagportal.hu\/index.php\/wp-json\/wp\/v2\/users\/1001006"}],"replies":[{"embeddable":true,"href":"https:\/\/gazdasagportal.hu\/index.php\/wp-json\/wp\/v2\/comments?post=125816"}],"version-history":[{"count":1,"href":"https:\/\/gazdasagportal.hu\/index.php\/wp-json\/wp\/v2\/posts\/125816\/revisions"}],"predecessor-version":[{"id":125818,"href":"https:\/\/gazdasagportal.hu\/index.php\/wp-json\/wp\/v2\/posts\/125816\/revisions\/125818"}],"wp:featuredmedia":[{"embeddable":true,"href":"https:\/\/gazdasagportal.hu\/index.php\/wp-json\/wp\/v2\/media\/125817"}],"wp:attachment":[{"href":"https:\/\/gazdasagportal.hu\/index.php\/wp-json\/wp\/v2\/media?parent=125816"}],"wp:term":[{"taxonomy":"category","embeddable":true,"href":"https:\/\/gazdasagportal.hu\/index.php\/wp-json\/wp\/v2\/categories?post=125816"},{"taxonomy":"post_tag","embeddable":true,"href":"https:\/\/gazdasagportal.hu\/index.php\/wp-json\/wp\/v2\/tags?post=125816"}],"curies":[{"name":"wp","href":"https:\/\/api.w.org\/{rel}","templated":true}]}}