{"id":125679,"date":"2020-04-19T14:54:14","date_gmt":"2020-04-19T12:54:14","guid":{"rendered":"http:\/\/gazdasagportal.hu\/?p=125679"},"modified":"2020-04-19T09:54:57","modified_gmt":"2020-04-19T07:54:57","slug":"estek-a-pc-kiszallitasok-a-vilagon-az-elso-negyedevben","status":"publish","type":"post","link":"https:\/\/gazdasagportal.hu\/index.php\/estek-a-pc-kiszallitasok-a-vilagon-az-elso-negyedevben\/","title":{"rendered":"Estek a PC-kisz\u00e1ll\u00edt\u00e1sok a vil\u00e1gon az els\u0151 negyed\u00e9vben"},"content":{"rendered":"<p><strong>Csaknem t\u00edz sz\u00e1zal\u00e9kkal zuhant a hagyom\u00e1nyos kivitel\u0171 szem\u00e9lyi sz\u00e1m\u00edt\u00f3g\u00e9pek (PC) kisz\u00e1ll\u00edt\u00e1sa a vil\u00e1gon az idei els\u0151 negyed\u00e9vben \u00e9ves \u00f6sszevet\u00e9sen.<\/strong><!--more--><\/p>\n<div class=\"ads-in-post1\"><div id=\"gazdasagportal.hu_fullbanner_wideboard\"><\/div>\r\n<\/div>\n<p>    Az amerikai International Data Corporation (IDC) informatikai \u00e9s t\u00e1vk\u00f6zl\u00e9si piackutat\u00f3 v\u00e1llalat adatai szerint a gy\u00e1rt\u00f3k 52 milli\u00f3 238 ezer PC-t sz\u00e1ll\u00edtottak ki a m\u00e1rcius v\u00e9g\u00e9vel z\u00e1r\u00f3dott h\u00e1rom h\u00f3napban, ami 9,8 sz\u00e1zal\u00e9kkal kevesebb az egy \u00e9vvel kor\u00e1bbihoz k\u00e9pest.<br \/>\n    Az els\u0151 negyed\u00e9vi visszaes\u00e9s els\u0151sorban annak a k\u00f6vetkezm\u00e9nye, hogy a koronav\u00edrus miatt cs\u00f6kkent a vil\u00e1gels\u0151 PC-gy\u00e1rt\u00f3 K\u00edna termel\u00e9se.<br \/>\n    A kisz\u00e1ll\u00edt\u00e1sok alapj\u00e1n a visszaes\u00e9s az \u00e1zsiai \u00e9s csendes-\u00f3ce\u00e1ni t\u00e9rs\u00e9gben k\u00e9tsz\u00e1mjegy\u0171, Eur\u00f3p\u00e1ban a K\u00f6zel-Keleten \u00e9s Afrik\u00e1ban egy\u00fcttesen egysz\u00e1mjegy\u0171, az Egyes\u00fclt \u00c1llamokban pedig 4 sz\u00e1zal\u00e9kos volt \u00e9ves \u00f6sszevet\u00e9sben, mik\u00f6zben Kanad\u00e1ban m\u00e1r a 15. egym\u00e1st k\u00f6vet\u0151 negyed\u00e9vben jegyeztek fel n\u00f6veked\u00e9st &#8211; \u00e1ll az IDC honlapj\u00e1n.<br \/>\n    A kisz\u00e1ll\u00edtott k\u00e9sz\u00fcl\u00e9kek alapj\u00e1n a rangsor \u00e9l\u00e9n a Lenovo \u00e1llt az els\u0151 negyed\u00e9vben. \u00c9ves szinten a c\u00e9g kisz\u00e1ll\u00edt\u00e1sai 4,3 sz\u00e1zal\u00e9kkal, 12 milli\u00f3 830 ezerre cs\u00f6kkentek, ugyanakkor a piaci r\u00e9szesed\u00e9se 22,7 sz\u00e1zal\u00e9kr\u00f3l 24,1 sz\u00e1zal\u00e9kra emelkedett.<br \/>\n<div class=\"ads-in-post2\"><script async src=\"https:\/\/pagead2.googlesyndication.com\/pagead\/js\/adsbygoogle.js\"><\/script>\r\n<ins class=\"adsbygoogle\"\r\n     style=\"display:block\"\r\n     data-ad-format=\"fluid\"\r\n     data-ad-layout-key=\"-6t+ed+2i-1n-4w\"\r\n     data-ad-client=\"ca-pub-1959107119989764\"\r\n     data-ad-slot=\"4008251320\"><\/ins>\r\n<script>\r\n     (adsbygoogle = window.adsbygoogle || []).push({});\r\n<\/script><\/div>\n    A m\u00e1sodik helyen a HP \u00e1llt, kisz\u00e1ll\u00edt\u00e1sai 13,8 sz\u00e1zal\u00e9kkal estek, piaci r\u00e9szesd\u00e9se 23 sz\u00e1zal\u00e9kr\u00f3l 22 sz\u00e1zal\u00e9kra cs\u00f6kkent.<br \/>\n    A harmadik helyezett Dell 1,1 sz\u00e1zal\u00e9kkal n\u00f6velte kisz\u00e1ll\u00edt\u00e1sait, piaci r\u00e9szesed\u00e9se pedig 17,6 sz\u00e1zal\u00e9kr\u00f3l 19,7 sz\u00e1zal\u00e9kra emelkedett.<br \/>\n    Megtartotta 6,3 sz\u00e1zal\u00e9kos piaci r\u00e9szesed\u00e9s\u00e9t a ranglista negyedik hely\u00e9n \u00e1ll\u00f3 Acer Group, amelynek kisz\u00e1ll\u00edt\u00e1sai 9,9 sz\u00e1zal\u00e9kkal estek.<br \/>\n    Az \u00f6t\u00f6dik helyen \u00e1ll\u00f3 Apple szerepelt a leggyeng\u00e9bben a negyed\u00e9vben. Kisz\u00e1ll\u00edt\u00e1sai \u00e9ves \u00f6sszevet\u00e9sben 20,7 sz\u00e1zal\u00e9kkal zuhantak, piaci r\u00e9szesed\u00e9se 6,6 sz\u00e1zal\u00e9kr\u00f3l 5,8 sz\u00e1zal\u00e9kra ment \u00f6ssze.(MTI)<\/p>\n","protected":false},"excerpt":{"rendered":"<p>Csaknem t\u00edz sz\u00e1zal\u00e9kkal zuhant a hagyom\u00e1nyos kivitel\u0171 szem\u00e9lyi sz\u00e1m\u00edt\u00f3g\u00e9pek (PC) kisz\u00e1ll\u00edt\u00e1sa a vil\u00e1gon az idei els\u0151 negyed\u00e9vben \u00e9ves \u00f6sszevet\u00e9sen.<\/p>\n","protected":false},"author":1001006,"featured_media":0,"comment_status":"closed","ping_status":"open","sticky":false,"template":"","format":"standard","meta":[],"categories":[246],"tags":[],"_links":{"self":[{"href":"https:\/\/gazdasagportal.hu\/index.php\/wp-json\/wp\/v2\/posts\/125679"}],"collection":[{"href":"https:\/\/gazdasagportal.hu\/index.php\/wp-json\/wp\/v2\/posts"}],"about":[{"href":"https:\/\/gazdasagportal.hu\/index.php\/wp-json\/wp\/v2\/types\/post"}],"author":[{"embeddable":true,"href":"https:\/\/gazdasagportal.hu\/index.php\/wp-json\/wp\/v2\/users\/1001006"}],"replies":[{"embeddable":true,"href":"https:\/\/gazdasagportal.hu\/index.php\/wp-json\/wp\/v2\/comments?post=125679"}],"version-history":[{"count":1,"href":"https:\/\/gazdasagportal.hu\/index.php\/wp-json\/wp\/v2\/posts\/125679\/revisions"}],"predecessor-version":[{"id":125680,"href":"https:\/\/gazdasagportal.hu\/index.php\/wp-json\/wp\/v2\/posts\/125679\/revisions\/125680"}],"wp:attachment":[{"href":"https:\/\/gazdasagportal.hu\/index.php\/wp-json\/wp\/v2\/media?parent=125679"}],"wp:term":[{"taxonomy":"category","embeddable":true,"href":"https:\/\/gazdasagportal.hu\/index.php\/wp-json\/wp\/v2\/categories?post=125679"},{"taxonomy":"post_tag","embeddable":true,"href":"https:\/\/gazdasagportal.hu\/index.php\/wp-json\/wp\/v2\/tags?post=125679"}],"curies":[{"name":"wp","href":"https:\/\/api.w.org\/{rel}","templated":true}]}}