{"id":125664,"date":"2020-04-18T12:55:44","date_gmt":"2020-04-18T10:55:44","guid":{"rendered":"http:\/\/gazdasagportal.hu\/?p=125664"},"modified":"2020-04-18T12:55:44","modified_gmt":"2020-04-18T10:55:44","slug":"hogyan-kaphat-egy-ceg-3-havi-bertamogatast-a-kutatas-fejlesztes-kf-tevekenyseget-vegzo-munkavallalok-szamara","status":"publish","type":"post","link":"https:\/\/gazdasagportal.hu\/index.php\/hogyan-kaphat-egy-ceg-3-havi-bertamogatast-a-kutatas-fejlesztes-kf-tevekenyseget-vegzo-munkavallalok-szamara\/","title":{"rendered":"Hogyan kaphat egy c\u00e9g 3 havi b\u00e9rt\u00e1mogat\u00e1st a kutat\u00e1s-fejleszt\u00e9s (K+F) tev\u00e9kenys\u00e9get v\u00e9gz\u0151 munkav\u00e1llal\u00f3k sz\u00e1m\u00e1ra?"},"content":{"rendered":"<p><strong>Mi min\u0151s\u00fcl kutat\u00e1s-fejleszt\u00e9snek? Milyen k\u00f6vetelm\u00e9nyeknek kell megfelelni? Mekkora \u00f6sszegr\u0151l sz\u00f3l a t\u00e1mogat\u00e1s? A korm\u00e1nyrendeletet a DANUBIA IP Innov\u00e1ci\u00f3s Tan\u00e1csad\u00f3 Kft. szak\u00e9rt\u0151je seg\u00edt elemezni. <\/strong><!--more--><\/p>\n<div class=\"ads-in-post1\"><div id=\"gazdasagportal.hu_fullbanner_wideboard\"><\/div>\r\n<\/div>\n<p><strong>A t\u00e1mogat\u00e1s h\u00e1ttere<\/strong><\/p>\n<p>A magyar korm\u00e1ny \u00f6ssze\u00e1ll\u00edtotta a koronav\u00edrus elleni v\u00e9dekez\u00e9sr\u0151l sz\u00f3l\u00f3 2020. \u00e9vi XII. t\u00f6rv\u00e9ny rendelkez\u00e9seire tekintettel gazdas\u00e1gv\u00e9delmi akci\u00f3terv\u00e9t, mely terv 5 pill\u00e9r ment\u00e9n k\u00edv\u00e1nja a gazdas\u00e1got \u00e1tseg\u00edteni a v\u00e1ls\u00e1gon, \u00e9s lend\u00fcletben tartani.<\/p><div id=\"gazda-2409798197\" class=\"gazda-tartalomban gazda-entity-placement\"><script async src=\"https:\/\/pagead2.googlesyndication.com\/pagead\/js\/adsbygoogle.js\"><\/script>\r\n<ins class=\"adsbygoogle\"\r\n     style=\"display:block\"\r\n     data-ad-format=\"fluid\"\r\n     data-ad-layout-key=\"-6t+ed+2i-1n-4w\"\r\n     data-ad-client=\"ca-pub-1959107119989764\"\r\n     data-ad-slot=\"4008251320\"><\/ins>\r\n<script>\r\n     (adsbygoogle = window.adsbygoogle || []).push({});\r\n<\/script><\/div>\n<p>Az akci\u00f3terv csomag els\u0151, munkahelyv\u00e9delmi akci\u00f3tervi pill\u00e9r\u00e9nek keret\u00e9ben seg\u00edts\u00e9get ad a v\u00e1llalatok sz\u00e1m\u00e1ra b\u00e9rk\u00f6lts\u00e9g \u00e1tv\u00e1llal\u00e1s\u00e1hoz. A korm\u00e1ny \u00fagy d\u00f6nt\u00f6tt, hogy a m\u00e9rn\u00f6ki, kutat\u00e1s-fejleszt\u00e9si munkak\u00f6rben dolgoz\u00f3k eset\u00e9ben legfeljebb 3 h\u00f3nap erej\u00e9ig b\u00e9rt\u00e1mogat\u00e1s ig\u00e9nyelhet\u0151 a telephely szempontj\u00e1b\u00f3l illet\u00e9kes korm\u00e1nyhivataln\u00e1l.<\/p>\n<p>Az \u00e1llami foglalkoztat\u00e1si szervk\u00e9nt elj\u00e1r\u00f3 f\u0151v\u00e1rosi \u00e9s megyei <em>korm\u00e1nyhivatal<\/em> a munk\u00e1ltat\u00f3 k\u00e9relm\u00e9re a vesz\u00e9lyhelyzettel \u00f6sszef\u00fcgg\u0151 gazdas\u00e1gi okb\u00f3l b\u00e9rt\u00e1mogat\u00e1s ny\u00fajthat az innov\u00e1ci\u00f3s tv.(Itv.) szerinti kutat\u00f3-fejleszt\u0151 munkav\u00e1llal\u00f3t foglalkoztat\u00f3 munk\u00e1ltat\u00f3 r\u00e9sz\u00e9re.<\/p>\n<p>A b\u00e9rt\u00e1mogat\u00e1s a 2020. m\u00e1rcius 11. el\u0151tt, munkaviszony keret\u00e9ben alkalmaz\u00e1sra ker\u00fclt kutat\u00f3-fejleszt\u0151 munkat\u00e1rsak tekintet\u00e9ben ig\u00e9nyelhet\u0151.<\/p>\n<p><strong>A t\u00e1mogat\u00e1s legfeljebb h\u00e1rom h\u00f3napon kereszt\u00fcl, a munk\u00e1ltat\u00f3 r\u00e9sz\u00e9re havonta ut\u00f3lag ker\u00fcl kifizet\u00e9sre, legfeljebb havi 318 920 forint \u00f6sszegben, amennyiben a munkav\u00e1llal\u00f3 havi brutt\u00f3 munkab\u00e9re 670 000 forint, vagy azt meghalad\u00f3 \u00e9rt\u00e9k\u0171. Alacsonyabb munkab\u00e9r eset\u00e9n ar\u00e1nyosan cs\u00f6kkentett \u00f6sszeg\u0171 b\u00e9rt\u00e1mogat\u00e1s ker\u00fcl meg\u00edt\u00e9l\u00e9sre. <\/strong><\/p>\n<p><strong>Fontos, hogy k\u00f6zfinansz\u00edroz\u00e1s\u00fa kutat\u00f3helyek a t\u00e1mogat\u00e1s ig\u00e9nybev\u00e9tel\u00e9re nem jogosultak.<\/strong><\/p>\n<p>A munk\u00e1ltat\u00f3nak a t\u00e1mogat\u00e1s ig\u00e9nybev\u00e9tel\u00e9hez v\u00e1llalnia kell, hogy a t\u00e1mogat\u00e1s ideje alatt nem bocs\u00e1t el munkav\u00e1llal\u00f3kat, a b\u00e9rt\u00e1mogat\u00e1sban r\u00e9szes\u00fcl\u0151 munkav\u00e1llal\u00f3t pedig legal\u00e1bb a t\u00e1mogat\u00e1s id\u0151tartam\u00e1val megegyez\u0151 id\u0151tartamig tov\u00e1bb foglalkoztatja, mely id\u0151szakban nem cs\u00f6kkenthet\u0151 a munkav\u00e1llal\u00f3 b\u00e9re sem.<\/p>\n<div class=\"ads-in-post2\"><script async src=\"https:\/\/pagead2.googlesyndication.com\/pagead\/js\/adsbygoogle.js\"><\/script>\r\n<ins class=\"adsbygoogle\"\r\n     style=\"display:block\"\r\n     data-ad-format=\"fluid\"\r\n     data-ad-layout-key=\"-6t+ed+2i-1n-4w\"\r\n     data-ad-client=\"ca-pub-1959107119989764\"\r\n     data-ad-slot=\"4008251320\"><\/ins>\r\n<script>\r\n     (adsbygoogle = window.adsbygoogle || []).push({});\r\n<\/script><\/div>\nA rendelet biztos\u00edtotta lehet\u0151s\u00e9g 2020. \u00e1prilis 15-t\u0151l \u00e1ll a kutat\u00f3-fejleszt\u0151 munkav\u00e1llal\u00f3(ka)t alkalmaz\u00f3 v\u00e1llalkoz\u00e1sok rendelkez\u00e9s\u00e9re.<\/p>\n<p>B\u0151vebb inform\u00e1ci\u00f3 a <a href=\"https:\/\/magyarkozlony.hu\/dokumentumok\/c5c5bf027c6a87b58563fb499dcbaf14cf3dab90\/megtekintes\" target=\"_blank\" rel=\"noopener\">13\/2020 korm\u00e1nyrendeletben<\/a> tal\u00e1lhat\u00f3.<\/p>\n<p><strong>Az ig\u00e9nyl\u00e9s m\u00f3dja<\/strong><\/p>\n<p>A munk\u00e1ltat\u00f3k telephelyenk\u00e9nt egyetlen ig\u00e9nyl\u00e9st adhatnak be, azaz amennyiben t\u00f6bb K+F tev\u00e9kenys\u00e9get ell\u00e1t\u00f3 munkav\u00e1llal\u00f3ra vonatkoz\u00f3an k\u00edv\u00e1n a munkaad\u00f3 t\u00e1mogat\u00e1si ig\u00e9nyt beadni, \u00fagy azt telephelyenk\u00e9nt t\u00f6mb\u00f6s\u00edtve kell megtennie. A k\u00e9relmet a korm\u00e1nyhivatal 8 napon bel\u00fcl elb\u00edr\u00e1lja.<\/p>\n<p><strong>Amennyiben a k\u00e9relmet elutas\u00edtj\u00e1k, azt csak egyetlen alkalommal lehet \u00fajra beny\u00fajtani.<\/strong><\/p>\n<p>Jelenleg m\u00e9g nem el\u00e9rhet\u0151ek a r\u00e9szletszab\u00e1lyok, \u00edgy nem tudhat\u00f3, hogy pontosan mit kell tartalmaznia a k\u00e9relemnek, \u00e9s hogyan t\u00f6rt\u00e9nik az elb\u00edr\u00e1l\u00e1s.<strong> \u201eUgyanakkor a kor\u00e1bbi K+F-re ir\u00e1nyul\u00f3 kedvezm\u00e9nyek tapasztalatai alapj\u00e1n sejthet\u0151, hogy a t\u00e1mogat\u00e1ssal \u00f6sszef\u00fcgg\u00e9sben kritikus k\u00e9rd\u00e9s lesz, hogy mi min\u0151s\u00fcl K+F tev\u00e9kenys\u00e9gnek, illetve ki min\u0151s\u00fcl kutat\u00f3-fejleszt\u0151 munkav\u00e1llal\u00f3nak.\u201d \u2013 <\/strong>ismerteti dr. Moln\u00e1r Istv\u00e1n, a <a href=\"https:\/\/www.danubia.com\/hu\/danubia-ip\/\" target=\"_blank\" rel=\"noopener\">DANUBIA IP Kft.<\/a> \u00fcgyvezet\u0151je.<\/p>\n<p>A korm\u00e1nyrendelet ez \u00fcgyben az Itv. 3. \u00a7 15. pontj\u00e1t hivatkozza. Ez azonban mind\u00f6ssze annyit mond, hogy kutat\u00f3-fejleszt\u0151 az a term\u00e9szetes szem\u00e9ly (munkav\u00e1llal\u00f3), aki \u00faj ismeret, szellemi alkot\u00e1s, term\u00e9k, szolg\u00e1ltat\u00e1s, elj\u00e1r\u00e1s, m\u00f3dszer, rendszer l\u00e9trehoz\u00e1s\u00e1val, fejleszt\u00e9s\u00e9vel vagy ezt c\u00e9lz\u00f3 projektek megval\u00f3s\u00edt\u00e1s\u00e1nak ir\u00e1ny\u00edt\u00e1s\u00e1val foglalkozik, amib\u0151l tov\u00e1bbra sem vil\u00e1gos, hogy mindezt hogyan lehet majd a gyakorlatban elb\u00edr\u00e1lni.<\/p>\n<p>Ennek biztons\u00e1gos meg\u00edt\u00e9l\u00e9s\u00e9t szolg\u00e1lja a Szellemi Tulajdon Nemzeti Hivatala \u00e1ltal v\u00e9gzett K+F min\u0151s\u00edt\u00e9s. A min\u0151s\u00edt\u00e9s eredm\u00e9nye egy hat\u00e1rozat, amely kimondja, hogy az adott tev\u00e9kenys\u00e9g kutat\u00e1s-fejleszt\u00e9snek min\u0151s\u00fcl-e, \u00e9s amennyiben a K+F jelleg meg\u00e1llap\u00edt\u00e1st nyer, azt a k\u00e9s\u0151bbiekben minden m\u00e1s hat\u00f3s\u00e1gnak is el kell fogadnia. B\u00e1r az SZTNH min\u0151s\u00edt\u00e9se tev\u00e9kenys\u00e9gre vonatkozik, az elj\u00e1r\u00e1sban neves\u00edt\u00e9sre ker\u00fclnek a tev\u00e9kenys\u00e9get v\u00e9gz\u0151 munkav\u00e1llal\u00f3k, \u00edgy egy pozit\u00edv min\u0151s\u00edt\u00e9s tartalmazza, hogy adott munkav\u00e1llal\u00f3k K+F tev\u00e9kenys\u00e9get v\u00e9geznek, teh\u00e1t egy\u00e9rtelm\u0171en eld\u00f6ntheti a t\u00e1mogat\u00e1ssal kapcsolatos f\u0151 k\u00e9rd\u00e9st.<\/p>\n<p><strong>A K+F min\u0151s\u00edt\u00e9s plusz k\u00f6lts\u00e9g\u00e9nek \u00e9s idej\u00e9nek v\u00e1llal\u00e1s\u00e1t k\u00e9t t\u00e9nyez\u0151 indokolhatja<\/strong>.<\/p>\n<p>Egyfel\u0151l az, hogy biztos\u00edthatja a t\u00e1mogat\u00e1s meg\u00edt\u00e9l\u00e9s\u00e9t (a K+F jelleg bizony\u00edt\u00e1s\u00e1val a t\u00e1mogat\u00e1s oda\u00edt\u00e9l\u00e9se m\u00e1r csak adminisztrat\u00edv t\u00e9nyez\u0151k\u00f6n m\u00falik). Mivel csak k\u00e9tszer lehet k\u00e9relmet beny\u00fajtani, ez a szempont k\u00fcl\u00f6n\u00f6sen fontos lehet, f\u0151leg egy m\u00e1sodik k\u00e9relem beny\u00fajt\u00e1sakor.<\/p>\n<p>A m\u00e1sik, hogy a K+F jelleg meg\u00e1llap\u00edt\u00e1sa egy gyors\u00edtott korm\u00e1nyhivatali elb\u00edr\u00e1l\u00e1sban nem felt\u00e9tlen\u00fcl jelent biztos\u00edt\u00e9kot arra, hogy egy k\u00e9s\u0151bbi NAV vizsg\u00e1lat nem \u00e1llap\u00edthatja meg az ellenkez\u0151j\u00e9t. Az SZTNH K+F min\u0151s\u00edt\u00e9se erre is megold\u00e1st jelenthet.<\/p>\n<p>\u201eA fentiek miatt javasoljuk a c\u00e9geknek, hogy v\u00e9gezz\u00e9k el a K+F min\u0151s\u00edt\u00e9st, amennyiben a legcsek\u00e9lyebb k\u00e9ts\u00e9g\u00fck mer\u00fcl fel, hogy a munkav\u00e1llal\u00f3 \u00e1ltal v\u00e9gzett tev\u00e9kenys\u00e9g a kutat\u00e1s-fejleszt\u00e9si munkak\u00f6r kateg\u00f3ri\u00e1j\u00e1ba tartozik-e.\u201d \u2013 mondja a szak\u00e9rt\u0151.<\/p>\n<p>&nbsp;<\/p>\n","protected":false},"excerpt":{"rendered":"<p>Mi min\u0151s\u00fcl kutat\u00e1s-fejleszt\u00e9snek? Milyen k\u00f6vetelm\u00e9nyeknek kell megfelelni? Mekkora \u00f6sszegr\u0151l sz\u00f3l a t\u00e1mogat\u00e1s? A korm\u00e1nyrendeletet a DANUBIA IP Innov\u00e1ci\u00f3s Tan\u00e1csad\u00f3 Kft. szak\u00e9rt\u0151je seg\u00edt elemezni.<\/p>\n","protected":false},"author":1001006,"featured_media":0,"comment_status":"closed","ping_status":"open","sticky":false,"template":"","format":"standard","meta":[],"categories":[19],"tags":[],"_links":{"self":[{"href":"https:\/\/gazdasagportal.hu\/index.php\/wp-json\/wp\/v2\/posts\/125664"}],"collection":[{"href":"https:\/\/gazdasagportal.hu\/index.php\/wp-json\/wp\/v2\/posts"}],"about":[{"href":"https:\/\/gazdasagportal.hu\/index.php\/wp-json\/wp\/v2\/types\/post"}],"author":[{"embeddable":true,"href":"https:\/\/gazdasagportal.hu\/index.php\/wp-json\/wp\/v2\/users\/1001006"}],"replies":[{"embeddable":true,"href":"https:\/\/gazdasagportal.hu\/index.php\/wp-json\/wp\/v2\/comments?post=125664"}],"version-history":[{"count":1,"href":"https:\/\/gazdasagportal.hu\/index.php\/wp-json\/wp\/v2\/posts\/125664\/revisions"}],"predecessor-version":[{"id":125665,"href":"https:\/\/gazdasagportal.hu\/index.php\/wp-json\/wp\/v2\/posts\/125664\/revisions\/125665"}],"wp:attachment":[{"href":"https:\/\/gazdasagportal.hu\/index.php\/wp-json\/wp\/v2\/media?parent=125664"}],"wp:term":[{"taxonomy":"category","embeddable":true,"href":"https:\/\/gazdasagportal.hu\/index.php\/wp-json\/wp\/v2\/categories?post=125664"},{"taxonomy":"post_tag","embeddable":true,"href":"https:\/\/gazdasagportal.hu\/index.php\/wp-json\/wp\/v2\/tags?post=125664"}],"curies":[{"name":"wp","href":"https:\/\/api.w.org\/{rel}","templated":true}]}}