{"id":125659,"date":"2020-04-18T11:09:42","date_gmt":"2020-04-18T09:09:42","guid":{"rendered":"http:\/\/gazdasagportal.hu\/?p=125659"},"modified":"2020-04-18T11:09:42","modified_gmt":"2020-04-18T09:09:42","slug":"trump-a-farmereknek-nyujtando-19-milliard-dollaros-tamogatast-jelentett-be","status":"publish","type":"post","link":"https:\/\/gazdasagportal.hu\/index.php\/trump-a-farmereknek-nyujtando-19-milliard-dollaros-tamogatast-jelentett-be\/","title":{"rendered":"Trump a farmereknek ny\u00fajtand\u00f3 19 milli\u00e1rd doll\u00e1ros t\u00e1mogat\u00e1st jelentett be"},"content":{"rendered":"<p><strong>Donald Trump amerikai eln\u00f6k a farmereknek \u00e9s \u00e1llatteny\u00e9szt\u0151knek ny\u00fajtand\u00f3 19 milli\u00e1rd doll\u00e1ros t\u00e1mogat\u00e1st jelentett be p\u00e9nteken este a koronav\u00edrus-j\u00e1rv\u00e1ny int\u00e9zked\u00e9seit \u00f6sszehangol\u00f3 korm\u00e1nyzati munkacsoport szok\u00e1sos napi sajt\u00f3konferenci\u00e1j\u00e1n.<\/strong><!--more--><\/p>\n<div class=\"ads-in-post1\"><div id=\"gazdasagportal.hu_fullbanner_wideboard\"><\/div>\r\n<\/div>\n<p>    A Koronav\u00edrus \u00c9lelmiszerseg\u00e9ly-programnak nevezett keretb\u0151l biztos\u00edtott 19 milli\u00e1rd doll\u00e1rb\u00f3l 16 milli\u00e1rdot k\u00f6zvetlen t\u00e1mogat\u00e1ssal adnak, a t\u00f6bbi k\u00f6lcs\u00f6n form\u00e1j\u00e1ban vehet\u0151 ig\u00e9nybe.<br \/>\n    Az amerikai eln\u00f6k azt is bejelentette, hogy ezen k\u00edv\u00fcl a korm\u00e1nyzat 3 milli\u00e1rd doll\u00e1r \u00e9rt\u00e9kben v\u00e1s\u00e1rol fel a gazd\u00e1kt\u00f3l, \u00e9s az \u00e1rut a r\u00e1szorul\u00f3kat seg\u00edt\u0151 \u00e9lelmiszerbankokba sz\u00e1ll\u00edtj\u00e1k. A seg\u00edts\u00e9g r\u00e9szleteit a sajt\u00f3konferenci\u00e1n jelenl\u00e9v\u0151 Sonny Perdue sz\u00f6vets\u00e9gi agr\u00e1rminiszter ismertette.<br \/>\n    A korm\u00e1nyzat kor\u00e1bban m\u00e1r 28 milli\u00e1rd doll\u00e1ros t\u00e1mogat\u00e1ssal seg\u00edtette ki a farmereket \u00e9s az \u00e1llatteny\u00e9szt\u0151ket.<br \/>\n    Trump bejelentette, hogy telefonon egyeztetett a mexik\u00f3i eln\u00f6kkel, \u00e9s az Egyes\u00fclt \u00c1llamok k\u00e9sz l\u00e9legeztet\u0151g\u00e9pekkel seg\u00edteni a d\u00e9li szomsz\u00e9dos \u00e1llamot.<br \/>\n    Az eln\u00f6k viszonylag r\u00e9szletesen foglalkozott a m\u00e9di\u00e1ban \u00e9s a politikai \u00e9letben megjelent, a gazdas\u00e1g \u00e9s a mindennapi \u00e9let \u00fajraind\u00edt\u00e1s\u00e1ra vonatkoz\u00f3 egyes inform\u00e1ci\u00f3kkal, amelyeket &#8222;nagyon p\u00e1rtosnak&#8221; \u00e9s &#8222;f\u00e9lrevezet\u0151knek&#8221; min\u0151s\u00edtett. Nem nevezett meg ugyan egyetlen politikust vagy m\u00e9diumot sem, de a sajt\u00f3konferencia ut\u00e1ni els\u0151 komment\u00e1rok eml\u00e9keztettek a k\u00f6zte \u00e9s Andrew Cuomo New York-i korm\u00e1nyz\u00f3 k\u00f6z\u00f6tti p\u00e9nteki r\u00f6vid vit\u00e1ra a tag\u00e1llamoknak ny\u00fajtott seg\u00edts\u00e9get \u00e9s a v\u00edrusteszteket illet\u0151en. Trump a sajt\u00f3konferenci\u00e1n \u00fagy fogalmazott: &#8222;n\u00e9h\u00e1nyan abszol\u00fat kudarcot vallottak a tesztel\u00e9sre vonatkoz\u00f3 hat\u00e1sk\u00f6r \u00e9rtelmez\u00e9s\u00e9ben&#8221;.<br \/>\n<div class=\"ads-in-post2\"><script async src=\"https:\/\/pagead2.googlesyndication.com\/pagead\/js\/adsbygoogle.js\"><\/script>\r\n<ins class=\"adsbygoogle\"\r\n     style=\"display:block\"\r\n     data-ad-format=\"fluid\"\r\n     data-ad-layout-key=\"-6t+ed+2i-1n-4w\"\r\n     data-ad-client=\"ca-pub-1959107119989764\"\r\n     data-ad-slot=\"4008251320\"><\/ins>\r\n<script>\r\n     (adsbygoogle = window.adsbygoogle || []).push({});\r\n<\/script><\/div>\n    &#8222;Nagyon is felk\u00e9sz\u00fcltek vagyunk a j\u00e1rv\u00e1nyra&#8221; &#8211; sz\u00f6gezte le Donald Trump. Megeml\u00edtette, hogy a sz\u00f6vets\u00e9gi korm\u00e1nyzat 2900 plusz k\u00f3rh\u00e1zi \u00e1gyat bocs\u00e1tott New York v\u00e1ros\u00e1nak rendelkez\u00e9s\u00e9re, \u00e9s a haditenger\u00e9szet k\u00f3rh\u00e1zhaj\u00f3ja is Manhattann\u00e9l horgonyoz. De nem is volt mindre sz\u00fcks\u00e9g, mondta, hozz\u00e1t\u00e9ve, hogy a korm\u00e1nyz\u00f3 k\u00e9r\u00e9s\u00e9re ink\u00e1bb \u00f3vatoss\u00e1gb\u00f3l t\u00falbecs\u00fclt\u00e9k az ig\u00e9nyt. &#8222;Fantasztikus munk\u00e1t v\u00e9gezt\u00fcnk&#8221; &#8211; fogalmazott.<br \/>\n    \u00dajs\u00e1g\u00edr\u00f3i k\u00e9rd\u00e9sekre v\u00e1laszolva kifejtette, hogy egyes \u00e1llamok korm\u00e1nyz\u00f3i &#8222;t\u00fals\u00e1gosan is szigor\u00faak&#8221; voltak a kij\u00e1r\u00e1si korl\u00e1toz\u00e1sok elrendel\u00e9sekor. Egyben v\u00e9delm\u00e9be vette az e szigor ellen t\u00fcntet\u0151ket, akiket egy\u00e9bk\u00e9nt p\u00e9ntek d\u00e9lut\u00e1ni Twitter-bejegyz\u00e9seiben b\u00e1tor\u00edtott is.<br \/>\n    Mike Pence aleln\u00f6k k\u00f6z\u00f6lte, hogy naponta 120 ezer v\u00edrustesztet v\u00e9geznek az orsz\u00e1g k\u00f3rh\u00e1zaiban, \u00e9s van el\u00e9g k\u00e9szlet ahhoz, hogy az egyes \u00e1llamok megkezdhess\u00e9k a gazdas\u00e1g \u00fajraind\u00edt\u00e1s\u00e1nak els\u0151 szakasz\u00e1t. Hangs\u00falyozta, hogy nem a sz\u00f6vets\u00e9gi korm\u00e1nynak, hanem az \u00e1llamok korm\u00e1nyz\u00f3inak kell bonyol\u00edtaniuk a tesztel\u00e9st.<br \/>\n    A tesztel\u00e9s egy nagyon fontos r\u00e9sze a j\u00e1rv\u00e1ny elleni k\u00fczdelemnek, de ellent\u00e9tben azzal, amit sokan hangoztatnak, a tesztel\u00e9s nem minden &#8211; hangs\u00falyozta Anthony Fauci, az allergol\u00f3giai \u00e9s fert\u0151z\u0151 betegs\u00e9gekkel foglalkoz\u00f3 orsz\u00e1gos int\u00e9zet igazgat\u00f3ja, kiemelve a t\u00e1rsadalmi t\u00e1vols\u00e1gtart\u00e1s \u00e9s a kij\u00e1r\u00e1si korl\u00e1toz\u00e1sok betart\u00e1s\u00e1nak fontoss\u00e1g\u00e1t. Hozz\u00e1tette, hogy &#8222;technikai probl\u00e9m\u00e1k miatt&#8221; a j\u00e1rv\u00e1ny kit\u00f6r\u00e9sekor m\u00e9g nem volt elegend\u0151 v\u00edrusteszt. A professzor elmondta azt is, hogy rajta p\u00e9nteken v\u00e9geztek \u00fajabb tesztet, amely negat\u00edv lett.(MTI)<\/p>\n","protected":false},"excerpt":{"rendered":"<p>Donald Trump amerikai eln\u00f6k a farmereknek \u00e9s \u00e1llatteny\u00e9szt\u0151knek ny\u00fajtand\u00f3 19 milli\u00e1rd doll\u00e1ros t\u00e1mogat\u00e1st jelentett be p\u00e9nteken este a koronav\u00edrus-j\u00e1rv\u00e1ny int\u00e9zked\u00e9seit \u00f6sszehangol\u00f3 korm\u00e1nyzati munkacsoport szok\u00e1sos napi sajt\u00f3konferenci\u00e1j\u00e1n.<\/p>\n","protected":false},"author":1001006,"featured_media":0,"comment_status":"closed","ping_status":"open","sticky":false,"template":"","format":"standard","meta":[],"categories":[13,246],"tags":[],"_links":{"self":[{"href":"https:\/\/gazdasagportal.hu\/index.php\/wp-json\/wp\/v2\/posts\/125659"}],"collection":[{"href":"https:\/\/gazdasagportal.hu\/index.php\/wp-json\/wp\/v2\/posts"}],"about":[{"href":"https:\/\/gazdasagportal.hu\/index.php\/wp-json\/wp\/v2\/types\/post"}],"author":[{"embeddable":true,"href":"https:\/\/gazdasagportal.hu\/index.php\/wp-json\/wp\/v2\/users\/1001006"}],"replies":[{"embeddable":true,"href":"https:\/\/gazdasagportal.hu\/index.php\/wp-json\/wp\/v2\/comments?post=125659"}],"version-history":[{"count":1,"href":"https:\/\/gazdasagportal.hu\/index.php\/wp-json\/wp\/v2\/posts\/125659\/revisions"}],"predecessor-version":[{"id":125661,"href":"https:\/\/gazdasagportal.hu\/index.php\/wp-json\/wp\/v2\/posts\/125659\/revisions\/125661"}],"wp:attachment":[{"href":"https:\/\/gazdasagportal.hu\/index.php\/wp-json\/wp\/v2\/media?parent=125659"}],"wp:term":[{"taxonomy":"category","embeddable":true,"href":"https:\/\/gazdasagportal.hu\/index.php\/wp-json\/wp\/v2\/categories?post=125659"},{"taxonomy":"post_tag","embeddable":true,"href":"https:\/\/gazdasagportal.hu\/index.php\/wp-json\/wp\/v2\/tags?post=125659"}],"curies":[{"name":"wp","href":"https:\/\/api.w.org\/{rel}","templated":true}]}}