{"id":125655,"date":"2020-04-17T17:24:28","date_gmt":"2020-04-17T15:24:28","guid":{"rendered":"http:\/\/gazdasagportal.hu\/?p=125655"},"modified":"2020-04-17T17:24:28","modified_gmt":"2020-04-17T15:24:28","slug":"mnb-tovabb-merseklodott-a-magyar-gazdasag-kulso-serulekenysege","status":"publish","type":"post","link":"https:\/\/gazdasagportal.hu\/index.php\/mnb-tovabb-merseklodott-a-magyar-gazdasag-kulso-serulekenysege\/","title":{"rendered":"MNB: tov\u00e1bb m\u00e9rs\u00e9kl\u0151d\u00f6tt a magyar gazdas\u00e1g k\u00fcls\u0151 s\u00e9r\u00fcl\u00e9kenys\u00e9ge"},"content":{"rendered":"<p><strong>Tov\u00e1bb m\u00e9rs\u00e9kl\u0151d\u00f6tt a magyar gazdas\u00e1g k\u00fcls\u0151 s\u00e9r\u00fcl\u00e9kenys\u00e9ge, az orsz\u00e1g k\u00fcls\u0151 finansz\u00edroz\u00e1si k\u00e9pess\u00e9ge 2019-ben is pozit\u00edv tartom\u00e1nyban maradt &#8211; k\u00f6z\u00f6lte a Magyar Nemzeti Bank (MNB) p\u00e9nteken.<\/strong><!--more--><\/p>\n<div class=\"ads-in-post1\"><div id=\"gazdasagportal.hu_fullbanner_wideboard\"><\/div>\r\n<\/div>\n<p>    A jegybank honlapj\u00e1n olvashat\u00f3 \u00f6sszefoglal\u00e1s szerint k\u00fcls\u0151 finansz\u00edroz\u00e1si k\u00e9pess\u00e9g 2019 v\u00e9g\u00e9n a GDP 1 sz\u00e1zal\u00e9k\u00e1n stabiliz\u00e1l\u00f3dott, mik\u00f6zben a foly\u00f3 fizet\u00e9si m\u00e9rleg egyenlege a negyedik negyed\u00e9vben, az el\u0151z\u0151 negyed\u00e9vben tapasztalt szint k\u00f6r\u00fcl alakult.<br \/>\n    A k\u00fcls\u0151 egyens\u00falyi mutat\u00f3k alakul\u00e1s\u00e1t els\u0151sorban a k\u00fclkereskedelmi t\u00f6bblet v\u00e1ltoz\u00e1sa hat\u00e1rozta meg. A dinamikusan n\u00f6vekv\u0151 beruh\u00e1z\u00e1s \u00e9s fogyaszt\u00e1sb\u0151v\u00fcl\u00e9s m\u00e9rs\u00e9kl\u0151 hat\u00e1s\u00e1t j\u00f3r\u00e9szt ellens\u00falyozta a k\u00e9szletek felhaszn\u00e1l\u00e1sa \u00e9s a cserear\u00e1nyok javul\u00e1sa &#8211; \u00e1ll a k\u00f6zlem\u00e9nyben.<br \/>\n    Jav\u00edtotta az egyens\u00falyt a j\u00f6vedelemegyenleg enyh\u00e9n m\u00e9rs\u00e9kl\u0151d\u0151 hi\u00e1nya, illetve az EU-transzferek felhaszn\u00e1l\u00e1s\u00e1nak b\u0151v\u00fcl\u00e9se is, amely k\u00f6zel 4 milli\u00e1rd eur\u00f3t tett ki tavaly &#8211; tett\u00e9k hozz\u00e1.<br \/>\n    A foly\u00f3 fizet\u00e9si m\u00e9rleg egyenlege a k\u00fclkereskedelmi t\u00f6bblet alakul\u00e1s\u00e1val p\u00e1rhuzamosan stabiliz\u00e1l\u00f3dott, ami a kivitel el\u0151z\u0151 \u00e9vit meghalad\u00f3 \u00e9ves n\u00f6veked\u00e9se mellett alakult ki.<br \/>\n<div class=\"ads-in-post2\"><script async src=\"https:\/\/pagead2.googlesyndication.com\/pagead\/js\/adsbygoogle.js\"><\/script>\r\n<ins class=\"adsbygoogle\"\r\n     style=\"display:block\"\r\n     data-ad-format=\"fluid\"\r\n     data-ad-layout-key=\"-6t+ed+2i-1n-4w\"\r\n     data-ad-client=\"ca-pub-1959107119989764\"\r\n     data-ad-slot=\"4008251320\"><\/ins>\r\n<script>\r\n     (adsbygoogle = window.adsbygoogle || []).push({});\r\n<\/script><\/div>\n    A nett\u00f3 k\u00fcls\u0151 ad\u00f3ss\u00e1g 8 sz\u00e1zal\u00e9k al\u00e1, a brutt\u00f3 mutat\u00f3 53 sz\u00e1zal\u00e9k k\u00f6zel\u00e9be esett vissza. Az orsz\u00e1g k\u00fcls\u0151 s\u00e9r\u00fcl\u00e9kenys\u00e9ge szempontj\u00e1b\u00f3l k\u00fcl\u00f6n\u00f6sen fontos r\u00f6vid lej\u00e1rat\u00fa k\u00fcls\u0151 ad\u00f3ss\u00e1g 2019 v\u00e9g\u00e9n cs\u00f6kkent, m\u00edg a devizatartal\u00e9k 28 milli\u00e1rd eur\u00f3 f\u00f6l\u00e9 emelkedett. A tartal\u00e9k tov\u00e1bbra is jelent\u0151sen, t\u00f6bb mint 10 milli\u00e1rd eur\u00f3val meghaladta a befektet\u0151k \u00e1ltal elv\u00e1rt, biztons\u00e1gosnak tartott szintet.<br \/>\n    A lakoss\u00e1g nett\u00f3 p\u00e9nz\u00fcgyi megtakar\u00edt\u00e1sa 2019-ben is jelent\u0151s volt, csaknem 5 sz\u00e1zal\u00e9k a GDP-hez m\u00e9rten. Az \u00e1llamh\u00e1ztart\u00e1s visszafogott hi\u00e1nya mellett a v\u00e1llalatok finansz\u00edroz\u00e1si ig\u00e9nye viszonylag magas maradt. A lakoss\u00e1g \u00e1llampap\u00edr-v\u00e1s\u00e1rl\u00e1sa 2019 m\u00e1sodik fel\u00e9ben a M\u00c1P+ bevezet\u00e9s\u00e9vel vett \u00faj lend\u00fcletet.<br \/>\n    Ez a folyamat nagyban hozz\u00e1j\u00e1rult ahhoz, hogy 2019 sor\u00e1n is cs\u00f6kkenjen az \u00e1llamad\u00f3ss\u00e1gon bel\u00fcli a devizafinansz\u00edroz\u00e1s, illetve a k\u00fclf\u00f6ldi finansz\u00edroz\u00e1s r\u00e9szar\u00e1nya &#8211; olvashat\u00f3 a k\u00f6zlem\u00e9nyben.(MTI)<\/p>\n","protected":false},"excerpt":{"rendered":"<p>Tov\u00e1bb m\u00e9rs\u00e9kl\u0151d\u00f6tt a magyar gazdas\u00e1g k\u00fcls\u0151 s\u00e9r\u00fcl\u00e9kenys\u00e9ge, az orsz\u00e1g k\u00fcls\u0151 finansz\u00edroz\u00e1si k\u00e9pess\u00e9ge 2019-ben is pozit\u00edv tartom\u00e1nyban maradt &#8211; k\u00f6z\u00f6lte a Magyar Nemzeti Bank (MNB) p\u00e9nteken.<\/p>\n","protected":false},"author":1001006,"featured_media":0,"comment_status":"closed","ping_status":"open","sticky":false,"template":"","format":"standard","meta":[],"categories":[19],"tags":[],"_links":{"self":[{"href":"https:\/\/gazdasagportal.hu\/index.php\/wp-json\/wp\/v2\/posts\/125655"}],"collection":[{"href":"https:\/\/gazdasagportal.hu\/index.php\/wp-json\/wp\/v2\/posts"}],"about":[{"href":"https:\/\/gazdasagportal.hu\/index.php\/wp-json\/wp\/v2\/types\/post"}],"author":[{"embeddable":true,"href":"https:\/\/gazdasagportal.hu\/index.php\/wp-json\/wp\/v2\/users\/1001006"}],"replies":[{"embeddable":true,"href":"https:\/\/gazdasagportal.hu\/index.php\/wp-json\/wp\/v2\/comments?post=125655"}],"version-history":[{"count":1,"href":"https:\/\/gazdasagportal.hu\/index.php\/wp-json\/wp\/v2\/posts\/125655\/revisions"}],"predecessor-version":[{"id":125656,"href":"https:\/\/gazdasagportal.hu\/index.php\/wp-json\/wp\/v2\/posts\/125655\/revisions\/125656"}],"wp:attachment":[{"href":"https:\/\/gazdasagportal.hu\/index.php\/wp-json\/wp\/v2\/media?parent=125655"}],"wp:term":[{"taxonomy":"category","embeddable":true,"href":"https:\/\/gazdasagportal.hu\/index.php\/wp-json\/wp\/v2\/categories?post=125655"},{"taxonomy":"post_tag","embeddable":true,"href":"https:\/\/gazdasagportal.hu\/index.php\/wp-json\/wp\/v2\/tags?post=125655"}],"curies":[{"name":"wp","href":"https:\/\/api.w.org\/{rel}","templated":true}]}}