{"id":125653,"date":"2020-04-17T16:52:41","date_gmt":"2020-04-17T14:52:41","guid":{"rendered":"http:\/\/gazdasagportal.hu\/?p=125653"},"modified":"2020-04-17T16:52:41","modified_gmt":"2020-04-17T14:52:41","slug":"a-goldman-szerint-csokkenni-fog-az-iphone-ok-eladasa","status":"publish","type":"post","link":"https:\/\/gazdasagportal.hu\/index.php\/a-goldman-szerint-csokkenni-fog-az-iphone-ok-eladasa\/","title":{"rendered":"A Goldman szerint cs\u00f6kkenni fog az iPhone-ok elad\u00e1sa"},"content":{"rendered":"<p><strong>A Goldman Sachs azzal sz\u00e1mol, hogy a koronav\u00edrus-j\u00e1rv\u00e1ny hat\u00e1s\u00e1ra cs\u00f6kken az iPhone k\u00e9sz\u00fcl\u00e9kek \u00e9rt\u00e9kes\u00edt\u00e9se, ez\u00e9rt az Apple c\u00e9g r\u00e9szv\u00e9nyeit elad\u00e1sra javasolja a befektet\u0151knek.<\/strong><!--more--><\/p>\n<div class=\"ads-in-post1\"><div id=\"gazdasagportal.hu_fullbanner_wideboard\"><\/div>\r\n<\/div>\n<p>    A Goldman sz\u00e1m\u00edt\u00e1sai szerint az iPhone-elad\u00e1sok 36 sz\u00e1zal\u00e9kkal cs\u00f6kkennek a m\u00e1sodik negyed\u00e9vben, \u00edgy az els\u0151 f\u00e9l \u00e9vre sz\u00e1m\u00edtott visszaes\u00e9s 24 sz\u00e1zal\u00e9kos lesz.<br \/>\n    A Goldman egyel\u0151re azzal sz\u00e1mol, hogy a negyedik negyed\u00e9vben az elad\u00e1sok 2 sz\u00e1zal\u00e9kkal maradnak el az egy \u00e9vvel kor\u00e1bbihoz k\u00e9pest.<br \/>\n<div class=\"ads-in-post2\"><script async src=\"https:\/\/pagead2.googlesyndication.com\/pagead\/js\/adsbygoogle.js\"><\/script>\r\n<ins class=\"adsbygoogle\"\r\n     style=\"display:block\"\r\n     data-ad-format=\"fluid\"\r\n     data-ad-layout-key=\"-6t+ed+2i-1n-4w\"\r\n     data-ad-client=\"ca-pub-1959107119989764\"\r\n     data-ad-slot=\"4008251320\"><\/ins>\r\n<script>\r\n     (adsbygoogle = window.adsbygoogle || []).push({});\r\n<\/script><\/div>\n    A c\u00e9g el\u0151rejelz\u00e9se szerint az Apple r\u00e9szv\u00e9ny\u00e1ra cs\u00f6kken a k\u00f6vetkez\u0151 id\u0151szakban, \u00e9s emiatt a c\u00e9l\u00e1r\u00e1t 250 doll\u00e1rr\u00f3l 233 doll\u00e1rra rontotta \u00e9s egyben elad\u00e1sra javasolta a befektet\u0151ken. Cs\u00fct\u00f6rt\u00f6k\u00f6n az Apple \u00e1rfolyama 286,70 doll\u00e1ron z\u00e1rt.(MTI)<\/p>\n","protected":false},"excerpt":{"rendered":"<p>A Goldman Sachs azzal sz\u00e1mol, hogy a koronav\u00edrus-j\u00e1rv\u00e1ny hat\u00e1s\u00e1ra cs\u00f6kken az iPhone k\u00e9sz\u00fcl\u00e9kek \u00e9rt\u00e9kes\u00edt\u00e9se, ez\u00e9rt az Apple c\u00e9g r\u00e9szv\u00e9nyeit elad\u00e1sra javasolja a befektet\u0151knek.<\/p>\n","protected":false},"author":1001006,"featured_media":0,"comment_status":"closed","ping_status":"open","sticky":false,"template":"","format":"standard","meta":[],"categories":[246],"tags":[],"_links":{"self":[{"href":"https:\/\/gazdasagportal.hu\/index.php\/wp-json\/wp\/v2\/posts\/125653"}],"collection":[{"href":"https:\/\/gazdasagportal.hu\/index.php\/wp-json\/wp\/v2\/posts"}],"about":[{"href":"https:\/\/gazdasagportal.hu\/index.php\/wp-json\/wp\/v2\/types\/post"}],"author":[{"embeddable":true,"href":"https:\/\/gazdasagportal.hu\/index.php\/wp-json\/wp\/v2\/users\/1001006"}],"replies":[{"embeddable":true,"href":"https:\/\/gazdasagportal.hu\/index.php\/wp-json\/wp\/v2\/comments?post=125653"}],"version-history":[{"count":1,"href":"https:\/\/gazdasagportal.hu\/index.php\/wp-json\/wp\/v2\/posts\/125653\/revisions"}],"predecessor-version":[{"id":125654,"href":"https:\/\/gazdasagportal.hu\/index.php\/wp-json\/wp\/v2\/posts\/125653\/revisions\/125654"}],"wp:attachment":[{"href":"https:\/\/gazdasagportal.hu\/index.php\/wp-json\/wp\/v2\/media?parent=125653"}],"wp:term":[{"taxonomy":"category","embeddable":true,"href":"https:\/\/gazdasagportal.hu\/index.php\/wp-json\/wp\/v2\/categories?post=125653"},{"taxonomy":"post_tag","embeddable":true,"href":"https:\/\/gazdasagportal.hu\/index.php\/wp-json\/wp\/v2\/tags?post=125653"}],"curies":[{"name":"wp","href":"https:\/\/api.w.org\/{rel}","templated":true}]}}