{"id":12563,"date":"2013-07-28T07:13:39","date_gmt":"2013-07-28T05:13:39","guid":{"rendered":"http:\/\/stockportal.hu\/?p=12563"},"modified":"2013-07-28T10:11:03","modified_gmt":"2013-07-28T08:11:03","slug":"nfm-augusztus-vegeig-velemenyezheto-a-nemzeti-infokommunikacios-strategia","status":"publish","type":"post","link":"https:\/\/gazdasagportal.hu\/index.php\/nfm-augusztus-vegeig-velemenyezheto-a-nemzeti-infokommunikacios-strategia\/","title":{"rendered":"NFM: augusztus v\u00e9g\u00e9ig v\u00e9lem\u00e9nyezhet\u0151 a Nemzeti Infokommunik\u00e1ci\u00f3s Strat\u00e9gia"},"content":{"rendered":"<p><strong>Elk\u00e9sz\u00edtette \u00e9s a korm\u00e1nyzati honlapon k\u00f6zz\u00e9tette az infokommunik\u00e1ci\u00f3s szektor 2014-2020-as id\u0151szakra vonatkoz\u00f3 fejleszt\u00e9si strat\u00e9gi\u00e1j\u00e1t a Nemzeti Fejleszt\u00e9si Miniszt\u00e9rium (NFM), a t\u00e1rca augusztus 31-\u00e9ig v\u00e1rja a dokumentum t\u00e1rsadalmi egyeztet\u00e9se keret\u00e9ben be\u00e9rkez\u0151 javaslatokat, \u00e9szrev\u00e9teleket.<!--more--><\/strong><\/p>\n<p>Az NFM az MTI-hez p\u00e9nteken eljuttatott k\u00f6zlem\u00e9ny\u00e9ben ismerteti: a strat\u00e9gia c\u00e9lja, hogy teljes k\u00e9pet adjon a magyar inform\u00e1ci\u00f3s t\u00e1rsadalom jelenlegi viszonyair\u00f3l, \u00e9s ennek alapj\u00e1n meghat\u00e1rozza a szakter\u00fclet fejleszt\u00e9si ir\u00e1nyait, a k\u00f6zpolitikai, szab\u00e1lyoz\u00e1si \u00e9s t\u00e1mogat\u00e1si teend\u0151ket a 2014-2020-as uni\u00f3s tervez\u00e9si ciklussal egybees\u0151 id\u0151t\u00e1vra, illetve sz\u00e1mba vegye az ezek megval\u00f3s\u00edt\u00e1s\u00e1hoz sz\u00fcks\u00e9ges eszk\u00f6z\u00f6ket, er\u0151forr\u00e1sokat.<br \/>\nAz infokommunik\u00e1ci\u00f3s h\u00e1l\u00f3zatok, eszk\u00f6z\u00f6k, szolg\u00e1ltat\u00e1sok egyre jelent\u0151sebben j\u00e1rulnak hozz\u00e1 az \u00e1llampolg\u00e1rok \u00e9letmin\u0151s\u00e9g\u00e9nek, a v\u00e1llalkoz\u00e1sok versenyk\u00e9pess\u00e9g\u00e9nek \u00e9s az \u00e1llami m\u0171k\u00f6d\u00e9s hat\u00e9konys\u00e1g\u00e1nak javul\u00e1s\u00e1hoz. Az infokommunik\u00e1ci\u00f3s \u00e9s az IT-ipar alkotta szektor a magyar GDP mintegy 12 sz\u00e1zal\u00e9k\u00e1t adja, az \u00e1gazatban foglalkoztatottak sz\u00e1ma az OECD-orsz\u00e1gok t\u00f6bbs\u00e9g\u00e9vel \u00f6sszevetve kiemelked\u0151en magas Magyarorsz\u00e1gon &#8211; k\u00f6z\u00f6lte a t\u00e1rca.<br \/>\nNemzetk\u00f6zi \u00f6sszehasonl\u00edt\u00e1sban ugyanakkor alacsony az infokommunik\u00e1ci\u00f3s eszk\u00f6z\u00f6k tudatos haszn\u00e1lata a hazai lakoss\u00e1g, illetve a kis- \u00e9s k\u00f6z\u00e9pv\u00e1llalkoz\u00e1sok k\u00f6r\u00e9ben. A k\u00f6zlem\u00e9ny szerint Magyarorsz\u00e1g akkor lehet eredm\u00e9nyes az Eur\u00f3pai Uni\u00f3n bel\u00fcli \u00e9s a vil\u00e1gm\u00e9ret\u0171 versenyben, ha az \u00e1gazat tov\u00e1bbi fejl\u0151d\u00e9s\u00e9t akad\u00e1lyoz\u00f3 t\u00e9nyez\u0151ket \u00e1tgondoltan, k\u00f6vetkezetesen lebontja. A t\u00f6rekv\u00e9s hasznos eszk\u00f6ze, ir\u00e1nymutat\u00f3ja lehet a k\u00e9sz\u00fcl\u0151 infokommunik\u00e1ci\u00f3s strat\u00e9gia.<br \/>\nA dokumentum v\u00e9gleges v\u00e1ltozata a tervek szerint a t\u00e1rsadalmi egyeztet\u00e9st k\u00f6vet\u0151en, az id\u00e9n \u0151sszel sz\u00fclethet meg.(MTI)<\/p>\n","protected":false},"excerpt":{"rendered":"<p>Elk\u00e9sz\u00edtette \u00e9s a korm\u00e1nyzati honlapon k\u00f6zz\u00e9tette az infokommunik\u00e1ci\u00f3s szektor 2014-2020-as id\u0151szakra vonatkoz\u00f3 fejleszt\u00e9si strat\u00e9gi\u00e1j\u00e1t a Nemzeti Fejleszt\u00e9si Miniszt\u00e9rium (NFM), a t\u00e1rca augusztus 31-\u00e9ig v\u00e1rja a dokumentum t\u00e1rsadalmi egyeztet\u00e9se keret\u00e9ben be\u00e9rkez\u0151 javaslatokat, \u00e9szrev\u00e9teleket.<\/p>\n","protected":false},"author":1,"featured_media":0,"comment_status":"open","ping_status":"closed","sticky":false,"template":"","format":"standard","meta":[],"categories":[19],"tags":[],"_links":{"self":[{"href":"https:\/\/gazdasagportal.hu\/index.php\/wp-json\/wp\/v2\/posts\/12563"}],"collection":[{"href":"https:\/\/gazdasagportal.hu\/index.php\/wp-json\/wp\/v2\/posts"}],"about":[{"href":"https:\/\/gazdasagportal.hu\/index.php\/wp-json\/wp\/v2\/types\/post"}],"author":[{"embeddable":true,"href":"https:\/\/gazdasagportal.hu\/index.php\/wp-json\/wp\/v2\/users\/1"}],"replies":[{"embeddable":true,"href":"https:\/\/gazdasagportal.hu\/index.php\/wp-json\/wp\/v2\/comments?post=12563"}],"version-history":[{"count":6,"href":"https:\/\/gazdasagportal.hu\/index.php\/wp-json\/wp\/v2\/posts\/12563\/revisions"}],"predecessor-version":[{"id":12598,"href":"https:\/\/gazdasagportal.hu\/index.php\/wp-json\/wp\/v2\/posts\/12563\/revisions\/12598"}],"wp:attachment":[{"href":"https:\/\/gazdasagportal.hu\/index.php\/wp-json\/wp\/v2\/media?parent=12563"}],"wp:term":[{"taxonomy":"category","embeddable":true,"href":"https:\/\/gazdasagportal.hu\/index.php\/wp-json\/wp\/v2\/categories?post=12563"},{"taxonomy":"post_tag","embeddable":true,"href":"https:\/\/gazdasagportal.hu\/index.php\/wp-json\/wp\/v2\/tags?post=12563"}],"curies":[{"name":"wp","href":"https:\/\/api.w.org\/{rel}","templated":true}]}}