{"id":125586,"date":"2020-04-15T13:39:30","date_gmt":"2020-04-15T11:39:30","guid":{"rendered":"http:\/\/gazdasagportal.hu\/?p=125586"},"modified":"2020-04-15T13:39:30","modified_gmt":"2020-04-15T11:39:30","slug":"elmarad-az-appeninn-kozgyulese","status":"publish","type":"post","link":"https:\/\/gazdasagportal.hu\/index.php\/elmarad-az-appeninn-kozgyulese\/","title":{"rendered":"Elmarad az Appeninn k\u00f6zgy\u0171l\u00e9se"},"content":{"rendered":"<p><strong>Nem tartja meg \u00e1prilis 17-re \u00f6sszeh\u00edvott rendes k\u00f6zgy\u0171l\u00e9s\u00e9t az Appeninn Vagyonkezel\u0151 Holding Nyrt. a koronav\u00edrus-j\u00e1rv\u00e1ny miatt &#8211; tette k\u00f6zz\u00e9 a t\u00e1rsas\u00e1g a Budapesti \u00c9rt\u00e9kt\u0151zsde (B\u00c9T) honlapj\u00e1n szerd\u00e1n.<\/strong><!--more--><\/p>\n<div class=\"ads-in-post1\"><div id=\"gazdasagportal.hu_fullbanner_wideboard\"><\/div>\r\n<\/div>\n<p>    A B\u00c9T pr\u00e9mium kateg\u00f3ri\u00e1j\u00e1ban jegyzett ingatlanpiaci t\u00e1rsas\u00e1g jelezte: m\u00e1rcius 27-\u00e9n tette k\u00f6zz\u00e9 k\u00f6zgy\u0171l\u00e9si el\u0151terjeszt\u00e9seit, a k\u00f6zgy\u0171l\u00e9s el\u00e9 terjesztett napirendi pontokban a vonatkoz\u00f3 korm\u00e1nyrendelet szerint a t\u00e1rsas\u00e1g igazgat\u00f3tan\u00e1csa jogosult d\u00f6nt\u00e9st hozni.<br \/>\n    A korm\u00e1nyrendelet alapj\u00e1n a vesz\u00e9lyhelyzet megsz\u0171n\u00e9s\u00e9t k\u00f6vet\u0151 30 napos jogveszt\u0151 hat\u00e1rid\u0151n bel\u00fcl a szavazatok legal\u00e1bb 1 sz\u00e1zal\u00e9k\u00e1val rendelkez\u0151 r\u00e9szv\u00e9nyesek k\u00e9rhetik a k\u00f6zgy\u0171l\u00e9s \u00f6sszeh\u00edv\u00e1s\u00e1t, az \u00fcgyvezet\u00e9s \u00e1ltal a vesz\u00e9lyhelyzet ideje alatt meghozott k\u00f6zgy\u0171l\u00e9si hat\u00e1rozatok ut\u00f3lagos j\u00f3v\u00e1hagy\u00e1sa miatt.<br \/>\n<div class=\"ads-in-post2\"><script async src=\"https:\/\/pagead2.googlesyndication.com\/pagead\/js\/adsbygoogle.js\"><\/script>\r\n<ins class=\"adsbygoogle\"\r\n     style=\"display:block\"\r\n     data-ad-format=\"fluid\"\r\n     data-ad-layout-key=\"-6t+ed+2i-1n-4w\"\r\n     data-ad-client=\"ca-pub-1959107119989764\"\r\n     data-ad-slot=\"4008251320\"><\/ins>\r\n<script>\r\n     (adsbygoogle = window.adsbygoogle || []).push({});\r\n<\/script><\/div>\n A r\u00e9szv\u00e9nyeseket a k\u00f6zgy\u0171l\u00e9s \u00f6sszeh\u00edv\u00e1s\u00e1nak kezdem\u00e9nyez\u00e9si joga m\u00e1jus 31-ig, vagy ha az \u00fczleti \u00e9v a napt\u00e1ri \u00e9vt\u0151l elt\u00e9r, az \u00fcgyvezet\u00e9snek a besz\u00e1mol\u00f3r\u00f3l \u00e9s az ad\u00f3zott eredm\u00e9ny felhaszn\u00e1l\u00e1s\u00e1r\u00f3l d\u00f6nt\u0151 hat\u00e1rozat\u00e1nak nyilv\u00e1noss\u00e1gra hozatal\u00e1t\u00f3l sz\u00e1m\u00edtott 30 napon bel\u00fcl illeti meg &#8211; k\u00f6z\u00f6lt\u00e9k.<br \/>\n    Az Appeninn Nyrt. r\u00e9szv\u00e9nyei kedden 279,5 forinton z\u00e1rtak, az elm\u00falt egy \u00e9vben 196 \u00e9s 547 forint k\u00f6z\u00f6tt forgott a pap\u00edr.(MTI)<\/p>\n","protected":false},"excerpt":{"rendered":"<p>Nem tartja meg \u00e1prilis 17-re \u00f6sszeh\u00edvott rendes k\u00f6zgy\u0171l\u00e9s\u00e9t az Appeninn Vagyonkezel\u0151 Holding Nyrt. a koronav\u00edrus-j\u00e1rv\u00e1ny miatt &#8211; tette k\u00f6zz\u00e9 a t\u00e1rsas\u00e1g a Budapesti \u00c9rt\u00e9kt\u0151zsde (B\u00c9T) honlapj\u00e1n szerd\u00e1n.<\/p>\n","protected":false},"author":1001006,"featured_media":0,"comment_status":"closed","ping_status":"open","sticky":false,"template":"","format":"standard","meta":[],"categories":[7],"tags":[],"_links":{"self":[{"href":"https:\/\/gazdasagportal.hu\/index.php\/wp-json\/wp\/v2\/posts\/125586"}],"collection":[{"href":"https:\/\/gazdasagportal.hu\/index.php\/wp-json\/wp\/v2\/posts"}],"about":[{"href":"https:\/\/gazdasagportal.hu\/index.php\/wp-json\/wp\/v2\/types\/post"}],"author":[{"embeddable":true,"href":"https:\/\/gazdasagportal.hu\/index.php\/wp-json\/wp\/v2\/users\/1001006"}],"replies":[{"embeddable":true,"href":"https:\/\/gazdasagportal.hu\/index.php\/wp-json\/wp\/v2\/comments?post=125586"}],"version-history":[{"count":1,"href":"https:\/\/gazdasagportal.hu\/index.php\/wp-json\/wp\/v2\/posts\/125586\/revisions"}],"predecessor-version":[{"id":125587,"href":"https:\/\/gazdasagportal.hu\/index.php\/wp-json\/wp\/v2\/posts\/125586\/revisions\/125587"}],"wp:attachment":[{"href":"https:\/\/gazdasagportal.hu\/index.php\/wp-json\/wp\/v2\/media?parent=125586"}],"wp:term":[{"taxonomy":"category","embeddable":true,"href":"https:\/\/gazdasagportal.hu\/index.php\/wp-json\/wp\/v2\/categories?post=125586"},{"taxonomy":"post_tag","embeddable":true,"href":"https:\/\/gazdasagportal.hu\/index.php\/wp-json\/wp\/v2\/tags?post=125586"}],"curies":[{"name":"wp","href":"https:\/\/api.w.org\/{rel}","templated":true}]}}