{"id":125584,"date":"2020-04-15T12:56:27","date_gmt":"2020-04-15T10:56:27","guid":{"rendered":"http:\/\/gazdasagportal.hu\/?p=125584"},"modified":"2020-04-15T12:56:27","modified_gmt":"2020-04-15T10:56:27","slug":"igy-mukodhetnek-a-magyar-tozsdei-cegek-a-veszelyhelyzet-alatt","status":"publish","type":"post","link":"https:\/\/gazdasagportal.hu\/index.php\/igy-mukodhetnek-a-magyar-tozsdei-cegek-a-veszelyhelyzet-alatt\/","title":{"rendered":"\u00cdgy m\u0171k\u00f6dhetnek a magyar t\u0151zsdei c\u00e9gek a vesz\u00e9lyhelyzet alatt"},"content":{"rendered":"<p><strong>A koronav\u00edrus-j\u00e1rv\u00e1ny miatt elrendelt korm\u00e1nyzati int\u00e9zked\u00e9sek a magyar t\u0151zsdei t\u00e1rsas\u00e1gok d\u00f6nt\u00e9shozatali elj\u00e1r\u00e1sait is megnehez\u00edtett\u00e9k. A v\u00e1llalatok \u00e9s r\u00e9szv\u00e9nyeseik szempontj\u00e1b\u00f3l k\u00fcl\u00f6n\u00f6sen rossz id\u0151szakban t\u00f6rt\u00e9nt mindez, hiszen norm\u00e1lis esetben \u00e1prilisban zajlanak a tavalyi p\u00e9nz\u00fcgyi besz\u00e1mol\u00f3k \u00e9s az osztal\u00e9k fizet\u00e9s\u00e9r\u0151l sz\u00f3l\u00f3 k\u00f6zgy\u0171l\u00e9sek. A Kapolyi \u00dcgyv\u00e9di Iroda \u00e1ttekintette, hogy a h\u00fasv\u00e9ti \u00fcnnepek alatt megjelent friss szab\u00e1lyok alapj\u00e1n t\u00f6bbek k\u00f6z\u00f6tt mik\u00e9nt lehet k\u00f6zgy\u0171l\u00e9st tartani, osztal\u00e9kot fizetni, tov\u00e1bbra is saj\u00e1t r\u00e9szv\u00e9nyeket v\u00e1s\u00e1rolni a r\u00e9szv\u00e9nyesi kontroll megtart\u00e1sa mellett is.<\/strong><!--more--><\/p>\n<div class=\"ads-in-post1\"><div id=\"gazdasagportal.hu_fullbanner_wideboard\"><\/div>\r\n<\/div>\n<p><strong>\u00a0<\/strong><\/p>\n<p>A jelenlegi jogszab\u00e1lyok alapj\u00e1n tilos 100 f\u0151 feletti rendezv\u00e9nyeket z\u00e1rt helyen tartani, ami sz\u00e1mos, a Budapesti \u00c9rt\u00e9kt\u0151zsd\u00e9n (B\u00c9T) jegyzett nyilv\u00e1nosan m\u0171k\u00f6d\u0151 r\u00e9szv\u00e9nyt\u00e1rsas\u00e1got \u00e9rint. Egy m\u00e1sik rendelet \u00e1ltal\u00e1nosan tiltja a rendezv\u00e9nyek, gy\u0171l\u00e9sek tart\u00e1s\u00e1t, \u00e9s kiv\u00e9telk\u00e9nt sem neves\u00edti a gazdas\u00e1gi t\u00e1rsas\u00e1gok d\u00f6nt\u00e9shozatali szerveinek \u00f6sszeh\u00edv\u00e1s\u00e1t, illetve az azokon val\u00f3 szem\u00e9lyes jelenl\u00e9tet. Annak \u00e9rdek\u00e9ben, hogy a gazdas\u00e1gi t\u00e1rsas\u00e1gok, \u00edgy a B\u00c9T-en jegyzett nyilv\u00e1nos t\u00e1rsas\u00e1gok m\u0171k\u00f6d\u00e9se is zavartalan legyen a k\u00f6r\u00fclm\u00e9nyekhez k\u00e9pest, a korm\u00e1ny a h\u00fasv\u00e9ti id\u0151szakban megjelent korm\u00e1nyrendelettel<a href=\"#_ftn1\" name=\"_ftnref1\">[1]<\/a> szab\u00e1lyozta a vesz\u00e9lyhelyzet sor\u00e1n a szem\u00e9ly- \u00e9s vagyonegyes\u00edt\u0151 szervezetek m\u0171k\u00f6d\u00e9s\u00e9re vonatkoz\u00f3 rendelkez\u00e9seket. Ez a rendelet speci\u00e1lis szab\u00e1lyokat alkalmaz a nyilv\u00e1nosan m\u0171k\u00f6d\u0151 r\u00e9szv\u00e9nyt\u00e1rsas\u00e1gok (nyrt.) test\u00fcleti szervei (k\u00f6zgy\u0171l\u00e9s, igazgat\u00f3s\u00e1g, fel\u00fcgyel\u0151 bizotts\u00e1g, audit bizotts\u00e1g) vonatkoz\u00e1s\u00e1ban, amelyek k\u00f6z\u00fcl a legfontosabbakat Dr. Horv\u00e1th G\u00e1bor, a Kapolyi \u00dcgyv\u00e9di Iroda szenior \u00fcgyv\u00e9dje ismertette.<\/p>\n<p><strong>Mikor lehet k\u00f6zgy\u0171l\u00e9st tartani? <\/strong><\/p><div id=\"gazda-1568154575\" class=\"gazda-tartalomban gazda-entity-placement\"><script async src=\"https:\/\/pagead2.googlesyndication.com\/pagead\/js\/adsbygoogle.js\"><\/script>\r\n<ins class=\"adsbygoogle\"\r\n     style=\"display:block\"\r\n     data-ad-format=\"fluid\"\r\n     data-ad-layout-key=\"-6t+ed+2i-1n-4w\"\r\n     data-ad-client=\"ca-pub-1959107119989764\"\r\n     data-ad-slot=\"4008251320\"><\/ins>\r\n<script>\r\n     (adsbygoogle = window.adsbygoogle || []).push({});\r\n<\/script><\/div>\n<p>A friss rendelet ugyan nem mondja ki kifejezetten, de a vesz\u00e9lyhelyzetre tekintettel elrendelt, a rendezv\u00e9nyek tart\u00e1s\u00e1ra \u00e9s l\u00e1togat\u00e1s\u00e1ra vonatkoz\u00f3 tilalomb\u00f3l k\u00f6vetkezik, hogy az nyrt. test\u00fcleti szerveinek \u00fcl\u00e9seit szem\u00e9lyes jelenl\u00e9ttel nem tarthatja meg. A legf\u0151bb szervk\u00e9nt elj\u00e1r\u00f3 k\u00f6zgy\u0171l\u00e9s helyett pedig az \u00fcgyvezet\u00e9s (igazgat\u00f3s\u00e1g vagy igazgat\u00f3tan\u00e1cs) jogosult mindazon k\u00e9rd\u00e9sekben d\u00f6nteni, amelyek egy\u00e9bk\u00e9nt a k\u00f6zgy\u0171l\u00e9s hat\u00e1sk\u00f6r\u00e9be tartoznak.<\/p>\n<p><strong>\u00cdgy tan\u00e1cskozhatnak a nyilv\u00e1nos t\u00e1rsas\u00e1gok vezet\u0151 test\u00fcletei<\/strong><\/p>\n<p>Az nyrt. test\u00fcleti szervei (igazgat\u00f3s\u00e1g, igazgat\u00f3tan\u00e1cs, fel\u00fcgyel\u0151bizotts\u00e1g, auditbizotts\u00e1g), valamint jogszab\u00e1ly vagy a l\u00e9tes\u00edt\u0151 okirat rendelkez\u00e9se alapj\u00e1n l\u00e9trehozott m\u00e1s test\u00fcleti szervei az <strong>\u00fcl\u00e9seit elektronikus h\u00edrk\u00f6zl\u0151 eszk\u00f6z \u00fatj\u00e1n, vagy m\u00e1s szem\u00e9lyazonos\u00edt\u00e1st lehet\u0151v\u00e9 tev\u0151 elektronikus eszk\u00f6z ig\u00e9nybev\u00e9tel\u00e9vel is megtarthatja, vagy \u00edr\u00e1sbeli egyeztet\u00e9st folytathat, \u00e9s a d\u00f6nt\u00e9seket \u00edr\u00e1sban is meghozhatja.<\/strong> Ha erre vonatkoz\u00f3 elfogadott elj\u00e1r\u00e1srend nincs, az \u00fcl\u00e9sez\u00e9s \u00e9s a d\u00f6nt\u00e9shozatal szab\u00e1lyait a test\u00fclet eln\u00f6ke hat\u00e1rozza meg \u00e9s k\u00f6zli az \u00e9rintettekkel. Az \u00edr\u00e1sbeli egyeztet\u00e9s \u00e9s d\u00f6nt\u00e9shozatal elektronikus \u00fczenetv\u00e1lt\u00e1ssal (e-mail \u00fatj\u00e1n) is t\u00f6rt\u00e9nhet.<\/p>\n<div class=\"ads-in-post2\"><script async src=\"https:\/\/pagead2.googlesyndication.com\/pagead\/js\/adsbygoogle.js\"><\/script>\r\n<ins class=\"adsbygoogle\"\r\n     style=\"display:block\"\r\n     data-ad-format=\"fluid\"\r\n     data-ad-layout-key=\"-6t+ed+2i-1n-4w\"\r\n     data-ad-client=\"ca-pub-1959107119989764\"\r\n     data-ad-slot=\"4008251320\"><\/ins>\r\n<script>\r\n     (adsbygoogle = window.adsbygoogle || []).push({});\r\n<\/script><\/div>\n<strong>Hogyan lehet az \u00e9ves besz\u00e1mol\u00f3t elfogadni?<\/strong><\/p>\n<p>Dr. Horv\u00e1th G\u00e1bor kiemelte, hogy az nyrt. az \u00e9ves k\u00f6zgy\u0171l\u00e9s megh\u00edv\u00f3j\u00e1t \u00e9s a kapcsol\u00f3d\u00f3 el\u0151terjeszt\u00e9seket, hat\u00e1rozati javaslatokat, valamint egy\u00e9b dokumentumokat tov\u00e1bbra is k\u00f6teles honlapj\u00e1n k\u00f6zz\u00e9tenni, akkor is, ha a rendelet hat\u00e1lyba l\u00e9p\u00e9se napj\u00e1n ezek m\u00e9g nem ker\u00fcltek k\u00f6zz\u00e9t\u00e9telre. Hozz\u00e1tette, hogy az ilyen k\u00f6zz\u00e9t\u00e9telekre vonatkoz\u00f3 hat\u00e1rid\u0151k ugyanakkor ler\u00f6vid\u00fcltek: <strong>a megh\u00edv\u00f3t a k\u00f6zgy\u0171l\u00e9st megel\u0151z\u0151en legal\u00e1bb 21 nappal, m\u00edg az el\u0151terjeszt\u00e9seket, hat\u00e1rozati javaslatokat \u00e9s egy\u00e9b dokumentumokat a k\u00f6zgy\u0171l\u00e9st megel\u0151z\u0151en legal\u00e1bb 8 nappal kell k\u00f6zz\u00e9tenni<\/strong>. Az nyrt. a rendelet hat\u00e1lybal\u00e9p\u00e9se napj\u00e1n m\u00e1r k\u00f6zz\u00e9tett megh\u00edv\u00f3j\u00e1ban foglaltakt\u00f3l a honlapj\u00e1n k\u00f6zz\u00e9tett felh\u00edv\u00e1sban elt\u00e9rhet. Erre hat\u00e1rid\u0151 a rendeletben nem szerepel, de a Kapolyi \u00dcgyv\u00e9di Iroda szerint ezt a tudom\u00e1sra jut\u00e1st\u00f3l sz\u00e1m\u00edtottan halad\u00e9ktalanul k\u00f6teles az nyrt. megtenni. <strong>Az nyrt. \u00fcgyvezet\u00e9se a k\u00f6zz\u00e9tett napirenden szerepl\u0151 valamennyi k\u00e9rd\u00e9sben \u2013 ide\u00e9rtve az alapszab\u00e1ly m\u00f3dos\u00edt\u00e1s\u00e1t is \u2013, tov\u00e1bb\u00e1 az \u00e9ves besz\u00e1mol\u00f3 elfogad\u00e1s\u00e1r\u00f3l, az ad\u00f3zott eredm\u00e9ny felhaszn\u00e1l\u00e1s\u00e1r\u00f3l \u00e9s a k\u00f6zgy\u0171l\u00e9s hat\u00e1sk\u00f6r\u00e9be tartoz\u00f3, az nyrt. t\u00f6rv\u00e9nyes m\u0171k\u00f6d\u00e9s\u00e9nek fenntart\u00e1s\u00e1hoz, a vesz\u00e9lyhelyzet miatt kialakult helyzet kezel\u00e9s\u00e9hez sz\u00fcks\u00e9ges, valamint az \u00e9szszer\u0171 \u00e9s felel\u0151s gazd\u00e1lkod\u00e1s k\u00f6r\u00e9ben felmer\u00fcl\u0151 halaszthatatlan \u00fcgyekben is jogosult d\u00f6nteni<\/strong>, azzal, hogy a k\u00f6zz\u00e9tett napirenden szerepl\u0151 k\u00e9rd\u00e9sekben a k\u00f6zz\u00e9tett hat\u00e1rozati javaslatokt\u00f3l elt\u00e9r\u0151en is d\u00f6nthet. (Az \u00e9ves besz\u00e1mol\u00f3r\u00f3l azonban csak abban az esetben d\u00f6nthet, ha a fel\u00fcgyel\u0151bizotts\u00e1g jelent\u00e9s\u00e9ben az \u00e9ves besz\u00e1mol\u00f3t elfogadta.) V\u00e1ltozatlan az is, hogy <strong>az \u00fcgyvezet\u00e9s \u00e1ltal k\u00f6zgy\u0171l\u00e9si hat\u00e1sk\u00f6rben meghozott hat\u00e1rozatokat k\u00f6zz\u00e9 kell tenni<\/strong>. Az nyrt. \u00fcgyvezet\u00e9se 2020. \u00e1prilis 30-ig, vagy ha \u00fczleti \u00e9ve a napt\u00e1ri \u00e9vt\u0151l elt\u00e9r, az \u00fczleti \u00e9v m\u00e9rlegfordul\u00f3napj\u00e1t k\u00f6vet\u0151 negyedik h\u00f3nap v\u00e9g\u00e9ig k\u00f6teles az nyrt. sz\u00e1mviteli t\u00f6rv\u00e9ny szerinti besz\u00e1mol\u00f3j\u00e1r\u00f3l hat\u00e1rozni. Ezzel egyidej\u0171leg az ad\u00f3zott eredm\u00e9ny felhaszn\u00e1l\u00e1s\u00e1r\u00f3l, ezen bel\u00fcl osztal\u00e9kr\u00f3l is d\u00f6nthet. Amennyiben azonban a szavazatok legal\u00e1bb 1 sz\u00e1zal\u00e9k\u00e1val rendelkez\u0151 r\u00e9szv\u00e9nyesek kezdem\u00e9nyezt\u00e9k (l\u00e1sd k\u00f6vetkez\u0151 pontban r\u00e9szletesebben) a k\u00f6zgy\u0171l\u00e9s \u00f6sszeh\u00edv\u00e1s\u00e1t, az osztal\u00e9k kifizet\u00e9s\u00e9re csak azt k\u00f6vet\u0151en ker\u00fclhet sor, ha a besz\u00e1mol\u00f3t \u00e9s az osztal\u00e9k kifizet\u00e9s\u00e9t a k\u00f6zgy\u0171l\u00e9s ut\u00f3lagosan j\u00f3v\u00e1hagyta. Fontos, hogy az \u00e9ves besz\u00e1mol\u00f3 k\u00f6nyvvizsg\u00e1lata akkor is elv\u00e9gezhet\u0151, ha az \u00e9ves besz\u00e1mol\u00f3r\u00f3l az nyrt. \u00fcgyvezet\u00e9se hat\u00e1roz, azonban az \u00fcgyvezet\u00e9s az \u00e9ves besz\u00e1mol\u00f3r\u00f3l csak akkor d\u00f6nthet, ha a fel\u00fcgyel\u0151bizotts\u00e1g jelent\u00e9se az \u00e9ves besz\u00e1mol\u00f3t elfogadta.<\/p>\n<p><strong>A r\u00e9szv\u00e9nyesi kontroll megmarad, de bizonyos esetekben csak a v\u00e9szhelyzet ut\u00e1n lehet d\u00f6nteni<\/strong><\/p>\n<p>Az \u00fcgyvezet\u00e9s k\u00f6zgy\u0171l\u00e9si hat\u00e1sk\u00f6rben v\u00e9gzett m\u0171k\u00f6d\u00e9s\u00e9nek r\u00e9szv\u00e9nyesi kontrollj\u00e1t jelenti, hogy <strong>a szavazatok legal\u00e1bb 1 sz\u00e1zal\u00e9k\u00e1val rendelkez\u0151 r\u00e9szv\u00e9nyesek k\u00e9rhetik k\u00f6zgy\u0171l\u00e9s \u00f6sszeh\u00edv\u00e1s\u00e1t az \u00fcgyvezet\u00e9s \u00e1ltal meghozott hat\u00e1rozatok ut\u00f3lagos j\u00f3v\u00e1hagy\u00e1sa c\u00e9lj\u00e1b\u00f3l<\/strong>. A Kapolyi \u00dcgyv\u00e9di Iroda szak\u00e9rt\u0151je elmondta, hogy erre k\u00fcl\u00f6nb\u00f6z\u0151 (jogveszt\u0151) hat\u00e1rid\u0151k \u00e1llnak rendelkez\u00e9sre att\u00f3l f\u00fcgg\u0151en, hogy a fel\u00fclvizsg\u00e1lat az alapszab\u00e1ly m\u00f3dos\u00edt\u00e1s\u00e1t, a besz\u00e1mol\u00f3 \u00e9s az ad\u00f3zott eredm\u00e9ny felhaszn\u00e1l\u00e1s\u00e1t vagy egy\u00e9b k\u00f6zgy\u0171l\u00e9si hat\u00e1rozatokat \u00e9rinti-e. A k\u00f6zgy\u0171l\u00e9s \u00f6sszeh\u00edv\u00e1s\u00e1nak kezdem\u00e9nyez\u00e9se eset\u00e9n a k\u00f6zgy\u0171l\u00e9si megh\u00edv\u00f3t a vesz\u00e9lyhelyzet megsz\u0171n\u00e9s\u00e9t k\u00f6vet\u0151 45 napon bel\u00fcl, ha a r\u00e9szv\u00e9nyesi k\u00e9relem k\u00e9zhezv\u00e9tel\u00e9telekor a vesz\u00e9lyhelyzet m\u00e1r megsz\u0171nt, a r\u00e9szv\u00e9nyesi k\u00e9relem k\u00e9zhezv\u00e9tel\u00e9t\u0151l sz\u00e1m\u00edtott 45 napon bel\u00fcl kell k\u00f6zz\u00e9tenni. <strong>Ha a k\u00f6zgy\u0171l\u00e9s ut\u00f3lagosan nem hagyja j\u00f3v\u00e1, az alapszab\u00e1ly m\u00f3dos\u00edt\u00e1sa a k\u00f6zgy\u0171l\u00e9s napj\u00e1t k\u00f6vet\u0151 napon hat\u00e1ly\u00e1t veszti.<\/strong> Ugyanakkor, amennyiben az ut\u00f3lagos k\u00f6zgy\u0171l\u00e9si hat\u00e1rozat a kor\u00e1bbi d\u00f6nt\u00e9st megv\u00e1ltoztatja vagy hat\u00e1lyon k\u00edv\u00fcl helyezi, az nem \u00e9rinti az azt megel\u0151z\u0151en keletkezett jogokat \u00e9s k\u00f6telezetts\u00e9geket.<\/p>\n<p><strong>Saj\u00e1tr\u00e9szv\u00e9ny-v\u00e1s\u00e1rl\u00e1sok<\/strong><\/p>\n<p>Ha a k\u00f6zgy\u0171l\u00e9s felhatalmazta az nyrt. \u00fcgyvezet\u00e9s\u00e9t saj\u00e1t r\u00e9szv\u00e9ny megszerz\u00e9s\u00e9re vonatkoz\u00f3 d\u00f6nt\u00e9sek meghozatal\u00e1ra \u00e9s a felhatalmaz\u00e1s id\u0151tartama a vesz\u00e9lyhelyzet id\u0151tartama alatt j\u00e1r le, <strong>a felhatalmaz\u00e1s id\u0151tartama a vesz\u00e9lyhelyzet megsz\u0171n\u00e9s\u00e9t k\u00f6vet\u0151 soron k\u00f6vetkez\u0151 k\u00f6zgy\u0171l\u00e9s id\u0151pontj\u00e1ig meghosszabbodik,<\/strong> kiv\u00e9ve, ha az \u00fcgyvezet\u00e9s a felhatalmaz\u00e1s t\u00e1rgy\u00e1ban saj\u00e1t hat\u00e1sk\u00f6r\u00e9ben m\u00e1r d\u00f6nt\u00e9st hozott.<\/p>\n<p><strong>Szem\u00e9lyi v\u00e1ltoz\u00e1sok kezel\u00e9se a nyilv\u00e1nos t\u00e1rsas\u00e1gok vezet\u0151 test\u00fcleteiben<\/strong><\/p>\n<p>Dr. Horv\u00e1th G\u00e1bor, a Kapolyi \u00dcgyv\u00e9di Iroda szenior \u00fcgyv\u00e9dje elmondta, hogy tov\u00e1bbi \u00e1tmenti szab\u00e1ly, ha az nyrt. fenti test\u00fcleti tagj\u00e1nak, valamint \u00e1lland\u00f3 k\u00f6nyvvizsg\u00e1l\u00f3j\u00e1nak megb\u00edzat\u00e1sa a vesz\u00e9lyhelyzet id\u0151tartama alatt sz\u0171nik meg (\u00e9s akkor is, ha vesz\u00e9lyhelyzet kihirdet\u00e9se ut\u00e1n, de a rendelet kihirdet\u00e9se el\u0151tt sz\u0171nt meg a megb\u00edzat\u00e1suk \u00e9s nem neveztek ki helyett\u00fck m\u00e1s szem\u00e9lyt), \u00fagy a megb\u00edzat\u00e1s a vesz\u00e9lyhelyzet lej\u00e1rt\u00e1t k\u00f6vet\u0151 k\u00f6zgy\u0171l\u00e9s napj\u00e1ig fennmarad, \u00e9s e szem\u00e9lyek k\u00f6telesek feladataikat ell\u00e1tni. Kiv\u00e9tel ez al\u00f3l, ha a tiszts\u00e9g az ilyen szem\u00e9ly hal\u00e1la, visszah\u00edv\u00e1sa, illetve a prudenci\u00e1lis hat\u00e1sk\u00f6rben elj\u00e1r\u00f3 hat\u00f3s\u00e1g hat\u00e1rozata alapj\u00e1n t\u00f6rt\u00e9n\u0151 elmozd\u00edt\u00e1sa miatt sz\u0171nik meg, valamint, ha az nyrt. \u00fcgyvezet\u00e9se a saj\u00e1t hat\u00e1sk\u00f6r\u00e9ben hozza meg a sz\u00fcks\u00e9ges d\u00f6nt\u00e9seket. Ha pedig a vesz\u00e9lyhelyzet id\u0151tartama alatt a fenti test\u00fcletek tagjainak l\u00e9tsz\u00e1ma a t\u00f6rv\u00e9nyben, illetve a l\u00e9tes\u00edt\u0151 okiratban el\u0151\u00edrt sz\u00e1m al\u00e1 cs\u00f6kken, vagy az adott test\u00fcleti tag a koronav\u00edrus-j\u00e1rv\u00e1ny miatt egy\u00e9bk\u00e9nt nem tud elj\u00e1rni, a t\u00f6bbi test\u00fcleti tag jogosult a hat\u00e1rozathozatalra. Ilyenkor a hat\u00e1rozatk\u00e9pess\u00e9gre vonatkoz\u00f3 szab\u00e1lyokat a d\u00f6nt\u00e9sk\u00e9pes test\u00fcleti tagok sz\u00e1ma alapj\u00e1n kell meghat\u00e1rozni, \u00e9s hat\u00e1rozatot ebben az esetben is sz\u00f3t\u00f6bbs\u00e9ggel kell meghozni azzal, hogy a t\u00f6bbi test\u00fcleti tag kies\u00e9se eset\u00e9n a hat\u00e1rozathozatalra egy szem\u00e9ly is jogosult.<\/p>\n<p>&nbsp;<\/p>\n<p><strong>\u00a0<\/strong><\/p>\n<p><strong>Kapolyi \u00dcgyv\u00e9di Iroda<\/strong><\/p>\n<p>A Kapolyi \u00dcgyv\u00e9di Iroda az \u00fczleti gondolkod\u00e1st mindig el\u0151t\u00e9rbe helyezve, t\u00f6bb mint k\u00e9t \u00e9vtizede \u00e1ll jogi szaktud\u00e1s\u00e1val \u00e9s tapasztalat\u00e1val a gazdas\u00e1gi szerepl\u0151k rendelkez\u00e9s\u00e9re. Az Iroda 20 tag\u00fa, folyamatosan fejl\u0151d\u0151 \u00e9s n\u00f6vekv\u0151, innovat\u00edv \u00e9s sikeres jogi csapattal m\u0171k\u00f6dik. A Kapolyi \u00dcgyv\u00e9di Iroda munkat\u00e1rsai elk\u00f6telezettek a min\u0151s\u00e9gi \u00e9s szem\u00e9lyre szabott jogi szolg\u00e1ltat\u00e1sok ny\u00fajt\u00e1s\u00e1ban \u00e9s hisznek abban is, hogy hazai \u00e9s nemzetk\u00f6zi \u00fcgyfeleiknek egyar\u00e1nt rugalmas hozz\u00e1\u00e1ll\u00e1sra, hat\u00e9kony \u00e9s gyakorlatias megold\u00e1sokra van mindenekel\u0151tt sz\u00fcks\u00e9ge. Az Iroda piacvezet\u0151 banki, finansz\u00edroz\u00e1si \u00e9s t\u0151kepiaci csoportja mellett a gazdas\u00e1gi jogi szolg\u00e1ltat\u00e1sok teljes k\u00f6r\u00e9t ny\u00fajtja \u00e9s a European Law Firm tagjak\u00e9nt mindig k\u00e9szen \u00e1ll a nemzetk\u00f6zi, illetve hat\u00e1rokon \u00e1tny\u00fal\u00f3 \u00fcgyletek t\u00e1mogat\u00e1s\u00e1ra is. <a href=\"http:\/\/www.kapolyi.com\" target=\"_blank\" rel=\"noopener\">www.kapolyi.com<\/a><\/p>\n<p><a href=\"#_ftnref1\" name=\"_ftn1\">[1]<\/a> 102\/2020. (IV. 10.)<\/p>\n","protected":false},"excerpt":{"rendered":"<p>A koronav\u00edrus-j\u00e1rv\u00e1ny miatt elrendelt korm\u00e1nyzati int\u00e9zked\u00e9sek a magyar t\u0151zsdei t\u00e1rsas\u00e1gok d\u00f6nt\u00e9shozatali elj\u00e1r\u00e1sait is megnehez\u00edtett\u00e9k. A v\u00e1llalatok \u00e9s r\u00e9szv\u00e9nyeseik szempontj\u00e1b\u00f3l k\u00fcl\u00f6n\u00f6sen rossz id\u0151szakban t\u00f6rt\u00e9nt mindez, hiszen norm\u00e1lis esetben \u00e1prilisban zajlanak a tavalyi p\u00e9nz\u00fcgyi besz\u00e1mol\u00f3k \u00e9s az osztal\u00e9k fizet\u00e9s\u00e9r\u0151l sz\u00f3l\u00f3 k\u00f6zgy\u0171l\u00e9sek. A Kapolyi \u00dcgyv\u00e9di Iroda \u00e1ttekintette, hogy a h\u00fasv\u00e9ti \u00fcnnepek alatt megjelent friss szab\u00e1lyok alapj\u00e1n t\u00f6bbek k\u00f6z\u00f6tt &#8230;<\/p>\n","protected":false},"author":1001006,"featured_media":71996,"comment_status":"closed","ping_status":"open","sticky":false,"template":"","format":"standard","meta":[],"categories":[146,19,7],"tags":[],"_links":{"self":[{"href":"https:\/\/gazdasagportal.hu\/index.php\/wp-json\/wp\/v2\/posts\/125584"}],"collection":[{"href":"https:\/\/gazdasagportal.hu\/index.php\/wp-json\/wp\/v2\/posts"}],"about":[{"href":"https:\/\/gazdasagportal.hu\/index.php\/wp-json\/wp\/v2\/types\/post"}],"author":[{"embeddable":true,"href":"https:\/\/gazdasagportal.hu\/index.php\/wp-json\/wp\/v2\/users\/1001006"}],"replies":[{"embeddable":true,"href":"https:\/\/gazdasagportal.hu\/index.php\/wp-json\/wp\/v2\/comments?post=125584"}],"version-history":[{"count":1,"href":"https:\/\/gazdasagportal.hu\/index.php\/wp-json\/wp\/v2\/posts\/125584\/revisions"}],"predecessor-version":[{"id":125585,"href":"https:\/\/gazdasagportal.hu\/index.php\/wp-json\/wp\/v2\/posts\/125584\/revisions\/125585"}],"wp:featuredmedia":[{"embeddable":true,"href":"https:\/\/gazdasagportal.hu\/index.php\/wp-json\/wp\/v2\/media\/71996"}],"wp:attachment":[{"href":"https:\/\/gazdasagportal.hu\/index.php\/wp-json\/wp\/v2\/media?parent=125584"}],"wp:term":[{"taxonomy":"category","embeddable":true,"href":"https:\/\/gazdasagportal.hu\/index.php\/wp-json\/wp\/v2\/categories?post=125584"},{"taxonomy":"post_tag","embeddable":true,"href":"https:\/\/gazdasagportal.hu\/index.php\/wp-json\/wp\/v2\/tags?post=125584"}],"curies":[{"name":"wp","href":"https:\/\/api.w.org\/{rel}","templated":true}]}}