{"id":125561,"date":"2020-04-14T12:41:05","date_gmt":"2020-04-14T10:41:05","guid":{"rendered":"http:\/\/gazdasagportal.hu\/?p=125561"},"modified":"2020-04-14T12:41:05","modified_gmt":"2020-04-14T10:41:05","slug":"az-opel-szentgotthard-keszen-all-a-termeles-ujrainditasara","status":"publish","type":"post","link":"https:\/\/gazdasagportal.hu\/index.php\/az-opel-szentgotthard-keszen-all-a-termeles-ujrainditasara\/","title":{"rendered":"Az Opel Szentgotth\u00e1rd k\u00e9szen \u00e1ll a termel\u00e9s \u00fajraind\u00edt\u00e1s\u00e1ra"},"content":{"rendered":"<p><strong>Szigor\u00edtott eg\u00e9szs\u00e9gv\u00e9delmi int\u00e9zked\u00e9sek bevezet\u00e9s\u00e9t k\u00f6vet\u0151en az Opel Szentgotth\u00e1rd k\u00e9szen \u00e1ll a termel\u00e9s \u00fajraind\u00edt\u00e1s\u00e1ra &#8211; k\u00f6z\u00f6lte az MTI-vel Kasz\u00e1s Zolt\u00e1n a motorgy\u00e1r sajt\u00f3sz\u00f3viv\u0151je.<\/strong><!--more--><\/p>\n<div class=\"ads-in-post1\"><div id=\"gazdasagportal.hu_fullbanner_wideboard\"><\/div>\r\n<\/div>\n<p>    Az \u00fajraindul\u00e1s id\u0151pontja szavai szerint f\u00fcgg az aut\u00f3piaci helyzet alakul\u00e1s\u00e1t\u00f3l \u00e9s az esetleges tov\u00e1bbi korl\u00e1toz\u00f3 int\u00e9zked\u00e9sekt\u0151l, de a magas szint\u0171 v\u00e9delmet ny\u00fajt\u00f3 \u00e9s a hivatalos el\u0151\u00edr\u00e1soknak megfelel\u0151 eg\u00e9szs\u00e9gv\u00e9delmi int\u00e9zked\u00e9sek bevezet\u00e9se ut\u00e1n az \u00fajraindul\u00e1st az Opel Szentgotth\u00e1rdn\u00e1l m\u0171k\u00f6d\u0151 \u00fczemi tan\u00e1cs, a szakszervezetek \u00e9s a munkav\u00e9delmi k\u00e9pvisel\u0151k is t\u00e1mogatj\u00e1k.<br \/>\n    A k\u00f6zlem\u00e9nyben kiemelt\u00e9k, hogy a PSA csoport sz\u00e1m\u00e1ra a Covid-19 k\u00f6zeg\u00e9szs\u00e9g\u00fcgyi rendk\u00edv\u00fcli helyzet fenn\u00e1ll\u00e1sa \u00f3ta a legfontosabb a munkav\u00e1llal\u00f3k eg\u00e9szs\u00e9g\u00e9nek v\u00e9delme \u00e9s a v\u00e1llalat j\u00f6v\u0151j\u00e9nek hossz\u00fa t\u00e1v\u00fa biztos\u00edt\u00e1sa.<br \/>\n<div class=\"ads-in-post2\"><script async src=\"https:\/\/pagead2.googlesyndication.com\/pagead\/js\/adsbygoogle.js\"><\/script>\r\n<ins class=\"adsbygoogle\"\r\n     style=\"display:block\"\r\n     data-ad-format=\"fluid\"\r\n     data-ad-layout-key=\"-6t+ed+2i-1n-4w\"\r\n     data-ad-client=\"ca-pub-1959107119989764\"\r\n     data-ad-slot=\"4008251320\"><\/ins>\r\n<script>\r\n     (adsbygoogle = window.adsbygoogle || []).push({});\r\n<\/script><\/div>\n    A t\u00e1j\u00e9koztat\u00e1s szerint ideiglenes le\u00e1ll\u00e1s alatt a PSA v\u00e1llalatcsoportn\u00e1l, \u00edgy az Opel Szentgotth\u00e1rdn\u00e1l is folyamatosan dolgoztak egy az eg\u00e9szs\u00e9g\u00fcgyi szakszolg\u00e1lattal \u00e9s a dolgoz\u00f3i \u00e9rdekk\u00e9pviseletekkel egyeztetett, t\u00f6bb mint sz\u00e1z int\u00e9zked\u00e9st tartalmaz\u00f3, a termel\u00e9st \u00e9s irodai tev\u00e9kenys\u00e9get is \u00e9rint\u0151 szigor\u00edtott eg\u00e9szs\u00e9gv\u00e9delmi protokoll bevezet\u00e9s\u00e9n.<br \/>\n    Az int\u00e9zked\u00e9sek k\u00f6z\u00e9 tartozik t\u00f6bbek k\u00f6z\u00f6tt a testh\u0151m\u00e9rs\u00e9klet \u00f6nellen\u0151rz\u00e9se, a v\u00e9d\u0151szem\u00fcveg \u00e9s a napi szinten kiosztott higi\u00e9niai maszkok visel\u00e9se, a biztons\u00e1gos t\u00e1vols\u00e1g betart\u00e1sa \u00e9s ennek jel\u00f6l\u00e9se, a munka\u00e1llom\u00e1sokon \u00e9s a pihen\u0151helyeken az ajt\u00f3k nyitva tart\u00e1sa, (kiv\u00e9ve a t\u0171zv\u00e9delmi ajt\u00f3kat) a kilincsek \u00e9rint\u00e9s\u00e9nek kik\u00fcsz\u00f6b\u00f6l\u00e9se, a szersz\u00e1mok \u00e9s munkafel\u00fcletek fokozott tiszt\u00edt\u00e1sa, a be\u00e9rkez\u0151 alkatr\u00e9szek &#8222;pihentet\u00e9se&#8221;, m\u0171szakv\u00e1lt\u00e1sok megfelel\u0151 \u00fctemez\u00e9se a m\u0171szakokban dolgoz\u00f3k tal\u00e1lkoz\u00e1s\u00e1nak elker\u00fcl\u00e9se miatt.(MTI)<\/p>\n","protected":false},"excerpt":{"rendered":"<p>Szigor\u00edtott eg\u00e9szs\u00e9gv\u00e9delmi int\u00e9zked\u00e9sek bevezet\u00e9s\u00e9t k\u00f6vet\u0151en az Opel Szentgotth\u00e1rd k\u00e9szen \u00e1ll a termel\u00e9s \u00fajraind\u00edt\u00e1s\u00e1ra &#8211; k\u00f6z\u00f6lte az MTI-vel Kasz\u00e1s Zolt\u00e1n a motorgy\u00e1r sajt\u00f3sz\u00f3viv\u0151je.<\/p>\n","protected":false},"author":1001006,"featured_media":0,"comment_status":"closed","ping_status":"open","sticky":false,"template":"","format":"standard","meta":[],"categories":[19],"tags":[],"_links":{"self":[{"href":"https:\/\/gazdasagportal.hu\/index.php\/wp-json\/wp\/v2\/posts\/125561"}],"collection":[{"href":"https:\/\/gazdasagportal.hu\/index.php\/wp-json\/wp\/v2\/posts"}],"about":[{"href":"https:\/\/gazdasagportal.hu\/index.php\/wp-json\/wp\/v2\/types\/post"}],"author":[{"embeddable":true,"href":"https:\/\/gazdasagportal.hu\/index.php\/wp-json\/wp\/v2\/users\/1001006"}],"replies":[{"embeddable":true,"href":"https:\/\/gazdasagportal.hu\/index.php\/wp-json\/wp\/v2\/comments?post=125561"}],"version-history":[{"count":1,"href":"https:\/\/gazdasagportal.hu\/index.php\/wp-json\/wp\/v2\/posts\/125561\/revisions"}],"predecessor-version":[{"id":125562,"href":"https:\/\/gazdasagportal.hu\/index.php\/wp-json\/wp\/v2\/posts\/125561\/revisions\/125562"}],"wp:attachment":[{"href":"https:\/\/gazdasagportal.hu\/index.php\/wp-json\/wp\/v2\/media?parent=125561"}],"wp:term":[{"taxonomy":"category","embeddable":true,"href":"https:\/\/gazdasagportal.hu\/index.php\/wp-json\/wp\/v2\/categories?post=125561"},{"taxonomy":"post_tag","embeddable":true,"href":"https:\/\/gazdasagportal.hu\/index.php\/wp-json\/wp\/v2\/tags?post=125561"}],"curies":[{"name":"wp","href":"https:\/\/api.w.org\/{rel}","templated":true}]}}