{"id":125543,"date":"2020-04-12T16:08:36","date_gmt":"2020-04-12T14:08:36","guid":{"rendered":"http:\/\/gazdasagportal.hu\/?p=125543"},"modified":"2020-04-12T16:08:36","modified_gmt":"2020-04-12T14:08:36","slug":"bdo-magyarorszag-az-iden-mar-a-teljes-cafeteria-juttatas-tobb-mint-ketharmadat-a-szep-kartya-teszi-ki","status":"publish","type":"post","link":"https:\/\/gazdasagportal.hu\/index.php\/bdo-magyarorszag-az-iden-mar-a-teljes-cafeteria-juttatas-tobb-mint-ketharmadat-a-szep-kartya-teszi-ki\/","title":{"rendered":"BDO Magyarorsz\u00e1g: az id\u00e9n m\u00e1r a teljes cafeteria-juttat\u00e1s t\u00f6bb mint k\u00e9tharmad\u00e1t a SZ\u00c9P-k\u00e1rtya teszi ki"},"content":{"rendered":"<p><strong>Noha a munk\u00e1ltat\u00f3k t\u00f6bbs\u00e9ge az id\u00e9n is megtartotta a tavaly k\u00edn\u00e1lt cafeteria-elemek z\u00f6m\u00e9t, ad\u00f3el\u0151nye miatt a SZ\u00c9P-k\u00e1rtya, illetve a p\u00e9nzkifizet\u00e9s teszi ki a teljes cafeteria-juttat\u00e1sok 96 sz\u00e1zal\u00e9k\u00e1t &#8211; der\u00fcl ki a BDO Magyarorsz\u00e1g adataib\u00f3l.<\/strong><!--more--><\/p>\n<div class=\"ads-in-post1\"><div id=\"gazdasagportal.hu_fullbanner_wideboard\"><\/div>\r\n<\/div>\n<p>    A k\u00f6nyvvizsg\u00e1l\u00f3 \u00e9s tan\u00e1csad\u00f3 c\u00e9g k\u00f6zlem\u00e9nye szerint a felm\u00e9r\u00e9s k\u00f6zel ezer munkav\u00e1llal\u00f3 idei v\u00e1laszt\u00e1sait \u00f6sszegzi, \u0151k valamennyien a BDO cafeteria-tan\u00e1csad\u00e1si szolg\u00e1ltat\u00e1s\u00e1t ig\u00e9nybe vev\u0151 v\u00e1llalatok alkalmazottai. B\u00e1r az adatok orsz\u00e1gos szinten nem tekinthet\u0151k reprezentat\u00edvnak, a BDO szerint a felm\u00e9r\u00e9sb\u0151l sz\u00e1mos fontos k\u00f6vetkeztet\u00e9s lesz\u0171rhet\u0151.<br \/>\n    A mint\u00e1ban szerepl\u0151 c\u00e9gekn\u00e9l az \u00e1tlagos havi cafeteria-juttat\u00e1s id\u00e9n 30 310 forint, ami \u00e9ves szinten k\u00f6zel 364 ezer forintot tesz ki.<br \/>\n    A SZ\u00c9P-k\u00e1rtya r\u00e9szesed\u00e9se a cafeteria-juttat\u00e1sok \u00f6ssz\u00e9rt\u00e9k\u00e9n bel\u00fcl el\u00e9rte a 68 sz\u00e1zal\u00e9kot, m\u00edg 2018-ban csup\u00e1n 38, tavaly pedig 54 sz\u00e1zal\u00e9k volt. Az id\u00e9n is a vend\u00e9gl\u00e1t\u00e1s alsz\u00e1mla a legn\u00e9pszer\u0171bb 38 sz\u00e1zal\u00e9kkal, m\u00edg a sz\u00e1ll\u00e1shely 23, a szabadid\u0151 alsz\u00e1mla 7 sz\u00e1zal\u00e9kos r\u00e9szar\u00e1nyt k\u00e9pvisel.<br \/>\n    A SZ\u00c9P-k\u00e1rtya t\u00e9rh\u00f3d\u00edt\u00e1sa a tan\u00e1csad\u00f3 c\u00e9g szerint nem meglep\u0151 annak ismeret\u00e9ben, hogy egyed\u00fcl ez a juttat\u00e1si forma tarthatta meg kedvezm\u00e9nyes ad\u00f3z\u00e1s\u00e1t a legn\u00e9pszer\u0171bb cafeteria-elemek k\u00f6z\u00fcl 2019 \u00f3ta (jelenleg 15 sz\u00e1zal\u00e9k szja \u00e9s 17,5 sz\u00e1zal\u00e9k szoci\u00e1lis hozz\u00e1j\u00e1rul\u00e1s terheli). Emiatt tudott id\u00e9n a munkab\u00e9rrel azonos m\u00e9rt\u00e9kben ad\u00f3ztatott p\u00e9nzkifizet\u00e9s rov\u00e1s\u00e1ra is n\u00f6vekedni &#8211; \u00edrj\u00e1k.<br \/>\n<div class=\"ads-in-post2\"><script async src=\"https:\/\/pagead2.googlesyndication.com\/pagead\/js\/adsbygoogle.js\"><\/script>\r\n<ins class=\"adsbygoogle\"\r\n     style=\"display:block\"\r\n     data-ad-format=\"fluid\"\r\n     data-ad-layout-key=\"-6t+ed+2i-1n-4w\"\r\n     data-ad-client=\"ca-pub-1959107119989764\"\r\n     data-ad-slot=\"4008251320\"><\/ins>\r\n<script>\r\n     (adsbygoogle = window.adsbygoogle || []).push({});\r\n<\/script><\/div>\n    A p\u00e9nzkifizet\u00e9s a visszaes\u00e9s ellen\u00e9re tov\u00e1bbra is a teljes cafeteria-\u00e9rt\u00e9k 28 sz\u00e1zal\u00e9k\u00e1t k\u00e9pviseli (2019-ben 40 sz\u00e1zal\u00e9k volt a r\u00e9szesed\u00e9se). Ennek a n\u00e9pszer\u0171s\u00e9gnek az az oka, hogy az alacsonyabb kereset\u0171 munkav\u00e1llal\u00f3k az \u00fcd\u00fcl\u00e9si juttat\u00e1ssal szemben a h\u00e9tk\u00f6znapi kiad\u00e1sokat t\u00e1mogat\u00f3, azonnal elk\u00f6lthet\u0151 elemeket prefer\u00e1lj\u00e1k, ak\u00e1r alacsonyabb \u00f6sszeg\u0171 juttat\u00e1s form\u00e1j\u00e1ban is.<br \/>\n    Noha a p\u00e9nzkifizet\u00e9s ad\u00f3z\u00e1sa imm\u00e1r nem t\u00e9r el a munkab\u00e9r\u00e9t\u0151l, a c\u00e9gek mindegyike fenntartotta ezt a lehet\u0151s\u00e9get, s\u0151t, egy r\u00e9sz\u00fck a t\u00f6bblet ad\u00f3teher egy r\u00e9sz\u00e9t vagy eg\u00e9sz\u00e9t is \u00e1tv\u00e1llalta. Ennek t\u00f6bb oka is van: a b\u00e9ren k\u00edv\u00fcli juttat\u00e1sok motiv\u00e1ci\u00f3s hat\u00e1sa j\u00f3val hosszabb ideig \u00e9rv\u00e9nyes\u00fcl, mint egy hasonl\u00f3 m\u00e9rt\u00e9k\u0171 b\u00e9remel\u00e9s\u00e9, m\u00e1sr\u00e9szt az alapb\u00e9rbe \u00e9p\u00edtett juttat\u00e1s megemelte volna egy sor b\u00e9rhez k\u00f6t\u0151d\u0151 juttat\u00e1snak, p\u00e9ld\u00e1ul a t\u00fal\u00f3rad\u00edjnak az \u00f6sszeg\u00e9t is &#8211; mutat r\u00e1 a BDO.<br \/>\n    Az idei \u00e9vre sz\u00f3l\u00f3 cafeteria-juttat\u00e1sok fennmarad\u00f3 4 sz\u00e1zal\u00e9k\u00e1t \u00f6nk\u00e9ntes eg\u00e9szs\u00e9g- \u00e9s nyugd\u00edjp\u00e9nzt\u00e1ri befizet\u00e9sekre (egy\u00fcttesen 2,8 sz\u00e1zal\u00e9k), helyi k\u00f6zleked\u00e9si b\u00e9rletek t\u00e9r\u00edt\u00e9s\u00e9re (1,1 sz\u00e1zal\u00e9k), b\u00f6lcs\u0151dei-\u00f3vodai k\u00f6lts\u00e9gt\u00e9r\u00edt\u00e9sre (0,6 sz\u00e1zal\u00e9k), aj\u00e1nd\u00e9kk\u00e1rty\u00e1ra (0,2 sz\u00e1zal\u00e9k), illetve kultur\u00e1lis szolg\u00e1ltat\u00e1sra \u00e9s sportrendezv\u00e9ny-bel\u00e9p\u0151re (egy\u00fcttesen 0,3 sz\u00e1zal\u00e9k) ford\u00edtott\u00e1k.<br \/>\n    A kor\u00e1bbi soksz\u00edn\u0171 cafeteria-paletta m\u00e1ra egy\u00e9rtelm\u0171en a SZ\u00c9P-k\u00e1rty\u00e1ra \u00e9s a p\u00e9nzkifizet\u00e9sre reduk\u00e1l\u00f3dott &#8211; magyar\u00e1zza Nagy Petra, a BDO Magyarorsz\u00e1g cafeteria \u00e9s relok\u00e1ci\u00f3s munkat\u00e1rsa. Ennek ellen\u00e9re a v\u00e1llalatok t\u00f6bbs\u00e9ge tov\u00e1bbra sem tervezi cafeteria-rendszer\u00e9nek \u00e1talak\u00edt\u00e1s\u00e1t, racionaliz\u00e1l\u00e1s\u00e1t, amivel azt k\u00edv\u00e1nj\u00e1k \u00fczenni munkav\u00e1llal\u00f3ik fel\u00e9, hogy ezent\u00fal sem korl\u00e1tozz\u00e1k v\u00e1laszt\u00e1si lehet\u0151s\u00e9geiket.(MTI)<\/p>\n","protected":false},"excerpt":{"rendered":"<p>Noha a munk\u00e1ltat\u00f3k t\u00f6bbs\u00e9ge az id\u00e9n is megtartotta a tavaly k\u00edn\u00e1lt cafeteria-elemek z\u00f6m\u00e9t, ad\u00f3el\u0151nye miatt a SZ\u00c9P-k\u00e1rtya, illetve a p\u00e9nzkifizet\u00e9s teszi ki a teljes cafeteria-juttat\u00e1sok 96 sz\u00e1zal\u00e9k\u00e1t &#8211; der\u00fcl ki a BDO Magyarorsz\u00e1g adataib\u00f3l.<\/p>\n","protected":false},"author":1001006,"featured_media":0,"comment_status":"closed","ping_status":"open","sticky":false,"template":"","format":"standard","meta":[],"categories":[19],"tags":[],"_links":{"self":[{"href":"https:\/\/gazdasagportal.hu\/index.php\/wp-json\/wp\/v2\/posts\/125543"}],"collection":[{"href":"https:\/\/gazdasagportal.hu\/index.php\/wp-json\/wp\/v2\/posts"}],"about":[{"href":"https:\/\/gazdasagportal.hu\/index.php\/wp-json\/wp\/v2\/types\/post"}],"author":[{"embeddable":true,"href":"https:\/\/gazdasagportal.hu\/index.php\/wp-json\/wp\/v2\/users\/1001006"}],"replies":[{"embeddable":true,"href":"https:\/\/gazdasagportal.hu\/index.php\/wp-json\/wp\/v2\/comments?post=125543"}],"version-history":[{"count":1,"href":"https:\/\/gazdasagportal.hu\/index.php\/wp-json\/wp\/v2\/posts\/125543\/revisions"}],"predecessor-version":[{"id":125544,"href":"https:\/\/gazdasagportal.hu\/index.php\/wp-json\/wp\/v2\/posts\/125543\/revisions\/125544"}],"wp:attachment":[{"href":"https:\/\/gazdasagportal.hu\/index.php\/wp-json\/wp\/v2\/media?parent=125543"}],"wp:term":[{"taxonomy":"category","embeddable":true,"href":"https:\/\/gazdasagportal.hu\/index.php\/wp-json\/wp\/v2\/categories?post=125543"},{"taxonomy":"post_tag","embeddable":true,"href":"https:\/\/gazdasagportal.hu\/index.php\/wp-json\/wp\/v2\/tags?post=125543"}],"curies":[{"name":"wp","href":"https:\/\/api.w.org\/{rel}","templated":true}]}}