{"id":125533,"date":"2020-04-11T17:08:36","date_gmt":"2020-04-11T15:08:36","guid":{"rendered":"http:\/\/gazdasagportal.hu\/?p=125533"},"modified":"2020-04-11T17:08:36","modified_gmt":"2020-04-11T15:08:36","slug":"opten-egyelore-toretlen-a-hazai-cegalapitasi-trend","status":"publish","type":"post","link":"https:\/\/gazdasagportal.hu\/index.php\/opten-egyelore-toretlen-a-hazai-cegalapitasi-trend\/","title":{"rendered":"Opten: egyel\u0151re t\u00f6retlen a hazai c\u00e9galap\u00edt\u00e1si trend"},"content":{"rendered":"<p><strong>M\u00e1rciusban 2488 c\u00e9galap\u00edt\u00e1st tettek k\u00f6zz\u00e9 Magyarorsz\u00e1gon, ami m\u00e9g a 2019-es havi \u00e1tlagot is meghaladja &#8211; der\u00fcl ki az Opten cs\u00fct\u00f6rt\u00f6ki k\u00f6zlem\u00e9ny\u00e9b\u0151l.<\/strong><!--more--><\/p>\n<div class=\"ads-in-post1\"><div id=\"gazdasagportal.hu_fullbanner_wideboard\"><\/div>\r\n<\/div>\n<p>    A c\u00e9ginform\u00e1ci\u00f3s szolg\u00e1ltat\u00f3 elemz\u00e9se szerint a j\u00e1rv\u00e1ny egyel\u0151re nem t\u00f6rte meg a hazai c\u00e9galap\u00edt\u00e1si trendet, 2020 m\u00e1rcius\u00e1ban 2488 v\u00e1llalkoz\u00e1st alap\u00edtottak Magyarorsz\u00e1gon, ami 2,8 sz\u00e1zal\u00e9kos n\u00f6veked\u00e9s a 2019-es havi \u00e1tlaghoz viszony\u00edtva. \u00dagy v\u00e9lik, a j\u00e1rv\u00e1ny hat\u00e1sa folyamatosan fog begy\u0171r\u0171zni a c\u00e9ginform\u00e1ci\u00f3s statisztik\u00e1kba, mivel a c\u00e9galap\u00edt\u00e1s mind \u00fczleti tervez\u00e9s, mind adminisztrat\u00edv szempontb\u00f3l hosszabb folyamat, m\u00e1sr\u00e9szt sok mag\u00e1nszem\u00e9ly \u00e9ppen a v\u00e1ls\u00e1g hat\u00e1s\u00e1ra kezd majd v\u00e9lhet\u0151en \u00faj v\u00e1llalkoz\u00e1sba.<br \/>\n    Hozz\u00e1teszik: a 2008-2009-es gazdas\u00e1gi vil\u00e1gv\u00e1ls\u00e1g idej\u00e9n is t\u00f6retlen maradt a c\u00e9galap\u00edt\u00e1si trend Magyarorsz\u00e1gon, 2008-ban p\u00e9ld\u00e1ul t\u00f6bb mint 26 ezer v\u00e1llalkoz\u00e1ssal n\u0151tt a hazai c\u00e9gb\u00e1zis, ami a 2000-2010-es id\u0151szak legnagyobb n\u00f6veked\u00e9se. A k\u00e9nyszerv\u00e1llalkoz\u00e1sok ar\u00e1nya ugyanakkor j\u00f3val magasabb volt az \u00e1tlagn\u00e1l. Sok v\u00e1llalkoz\u00e1s hullott el az alap\u00edt\u00e1st k\u00f6vet\u0151 \u00e9vekben, a 2008-ban alap\u00edtott c\u00e9geknek csup\u00e1n 48 sz\u00e1zal\u00e9ka \u00e9rte el a 10 \u00e9ves kort, ami a rendszerv\u00e1lt\u00e1s \u00f3ta m\u00e9rt leggyeng\u00e9bb 10 \u00e9ves t\u00fal\u00e9l\u00e9si r\u00e1ta.<br \/>\n    Az Opten szerint a gazdas\u00e1gi visszaes\u00e9s els\u0151 jele a v\u00e9grehajt\u00e1sok sz\u00e1m\u00e1nak n\u00f6veked\u00e9se lehet, azonban a jelenlegi v\u00e1ls\u00e1g az \u00e1llami adminisztr\u00e1ci\u00f3ra is kihat, a m\u00e1rcius 24-i korm\u00e1nyrendelet &#8211; az \u00e1ltal\u00e1nos lassul\u00e1s mellett &#8211; el\u0151\u00edrja a folyamatban l\u00e9v\u0151 v\u00e9grehajt\u00e1sok sz\u00fcneteltet\u00e9s\u00e9t is.<br \/>\n    A v\u00e9gelsz\u00e1mol\u00e1sokra er\u0151s szezonalit\u00e1s jellemz\u0151. 2020 els\u0151 k\u00e9t h\u00f3napj\u00e1ban \u00f6sszesen 3700 v\u00e9gelsz\u00e1mol\u00e1s indult, m\u00e1rciusban 943 hazai v\u00e1llalkoz\u00e1s d\u00f6nt\u00f6tt a v\u00e9gelsz\u00e1mol\u00e1s mellett, ami 13 sz\u00e1zal\u00e9kkal magasabb ugyan a 2019 m\u00e1rciusi \u00e9rt\u00e9kn\u00e9l, de mivel minden \u00e9v magas v\u00e9gelsz\u00e1mol\u00e1si \u00e9rt\u00e9kkel indul, a m\u00e1rciusi v\u00e9gelsz\u00e1mol\u00e1sok sz\u00e1ma sem tekinthet\u0151 m\u00e9g rendhagy\u00f3nak &#8211; \u00edrj\u00e1k.<br \/>\n<div class=\"ads-in-post2\"><script async src=\"https:\/\/pagead2.googlesyndication.com\/pagead\/js\/adsbygoogle.js\"><\/script>\r\n<ins class=\"adsbygoogle\"\r\n     style=\"display:block\"\r\n     data-ad-format=\"fluid\"\r\n     data-ad-layout-key=\"-6t+ed+2i-1n-4w\"\r\n     data-ad-client=\"ca-pub-1959107119989764\"\r\n     data-ad-slot=\"4008251320\"><\/ins>\r\n<script>\r\n     (adsbygoogle = window.adsbygoogle || []).push({});\r\n<\/script><\/div>\n    Az Optenn\u00e9l \u00fagy l\u00e1tj\u00e1k, hogy a m\u00e1rciusi 2824 c\u00e9gt\u00f6rl\u00e9s szint\u00e9n illeszkedik a kor\u00e1bbi \u00e9vek trendj\u00e9be. Az \u00fajonnan indul\u00f3 felsz\u00e1mol\u00e1si elj\u00e1r\u00e1sok sz\u00e1ma 430 volt m\u00e1rciusban, ami magas \u00e9rt\u00e9k, de a kor\u00e1bbi h\u00f3napokra is ez volt jellemz\u0151. Ha azonban a v\u00e1ls\u00e1g n\u00e9h\u00e1ny h\u00f3napn\u00e1l hosszabb id\u0151szakra elh\u00faz\u00f3dik, a felsz\u00e1mol\u00e1sok sz\u00e1m\u00e1nak felfut\u00e1sa v\u00e1rhat\u00f3 &#8211; teszik hozz\u00e1.<br \/>\n    A c\u00e9ginform\u00e1ci\u00f3s szolg\u00e1ltat\u00f3 a k\u00f6vetkez\u0151 h\u00f3napokban a fluktu\u00e1ci\u00f3s indexek n\u00f6veked\u00e9s\u00e9re sz\u00e1m\u00edt. Az Opten szerint m\u00e9g nem tudni, hogy a k\u00e9nyszerv\u00e1llalkoz\u00e1sok ar\u00e1nya mennyire ugrik meg, de \u00fagy v\u00e9li, a c\u00e9gmegsz\u0171n\u00e9sek n\u00e9h\u00e1ny h\u00f3napon bel\u00fcl eg\u00e9szen biztosan n\u00f6veked\u00e9snek indulnak majd.<br \/>\n    Az Opten &#8211; C\u00e9gfluktu\u00e1ci\u00f3s Index (ez az adott id\u0151szak alatt t\u00f6r\u00f6lt \u00e9s alap\u00edtott c\u00e9gek sz\u00e1m\u00e1t viszony\u00edtja az id\u0151szak elej\u00e9n rendben m\u0171k\u00f6d\u0151k\u00e9hez) m\u00e1rciusi \u00e9rt\u00e9ke \u00e1tlagosan 10-11 sz\u00e1zal\u00e9k k\u00f6r\u00fcl mozgott. A megy\u00e9k k\u00f6z\u00fcl a vizsg\u00e1lt id\u0151szakban az Opten &#8211; CFI Csongr\u00e1d (9,20), Vas (9,86) \u00e9s Zala (10,10) megy\u00e9ben \u00e9rte el a legjobb \u00e9rt\u00e9keket, m\u00edg a legmagasabb fluktu\u00e1ci\u00f3t Budapest (15,73), J\u00e1sz-Nagykun-Szolnok (15,72) \u00e9s Szabolcs-Szatm\u00e1r-Bereg (15,53) megye produk\u00e1lta.(MTI)<\/p>\n","protected":false},"excerpt":{"rendered":"<p>M\u00e1rciusban 2488 c\u00e9galap\u00edt\u00e1st tettek k\u00f6zz\u00e9 Magyarorsz\u00e1gon, ami m\u00e9g a 2019-es havi \u00e1tlagot is meghaladja &#8211; der\u00fcl ki az Opten cs\u00fct\u00f6rt\u00f6ki k\u00f6zlem\u00e9ny\u00e9b\u0151l.<\/p>\n","protected":false},"author":1001006,"featured_media":0,"comment_status":"closed","ping_status":"open","sticky":false,"template":"","format":"standard","meta":[],"categories":[19],"tags":[],"_links":{"self":[{"href":"https:\/\/gazdasagportal.hu\/index.php\/wp-json\/wp\/v2\/posts\/125533"}],"collection":[{"href":"https:\/\/gazdasagportal.hu\/index.php\/wp-json\/wp\/v2\/posts"}],"about":[{"href":"https:\/\/gazdasagportal.hu\/index.php\/wp-json\/wp\/v2\/types\/post"}],"author":[{"embeddable":true,"href":"https:\/\/gazdasagportal.hu\/index.php\/wp-json\/wp\/v2\/users\/1001006"}],"replies":[{"embeddable":true,"href":"https:\/\/gazdasagportal.hu\/index.php\/wp-json\/wp\/v2\/comments?post=125533"}],"version-history":[{"count":1,"href":"https:\/\/gazdasagportal.hu\/index.php\/wp-json\/wp\/v2\/posts\/125533\/revisions"}],"predecessor-version":[{"id":125534,"href":"https:\/\/gazdasagportal.hu\/index.php\/wp-json\/wp\/v2\/posts\/125533\/revisions\/125534"}],"wp:attachment":[{"href":"https:\/\/gazdasagportal.hu\/index.php\/wp-json\/wp\/v2\/media?parent=125533"}],"wp:term":[{"taxonomy":"category","embeddable":true,"href":"https:\/\/gazdasagportal.hu\/index.php\/wp-json\/wp\/v2\/categories?post=125533"},{"taxonomy":"post_tag","embeddable":true,"href":"https:\/\/gazdasagportal.hu\/index.php\/wp-json\/wp\/v2\/tags?post=125533"}],"curies":[{"name":"wp","href":"https:\/\/api.w.org\/{rel}","templated":true}]}}