{"id":125520,"date":"2020-04-10T14:16:25","date_gmt":"2020-04-10T12:16:25","guid":{"rendered":"http:\/\/gazdasagportal.hu\/?p=125520"},"modified":"2020-04-10T14:16:25","modified_gmt":"2020-04-10T12:16:25","slug":"500-milliard-euros-mentocsomagrol-allapodtak-meg-az-eurocsoport-penzugyminiszterei","status":"publish","type":"post","link":"https:\/\/gazdasagportal.hu\/index.php\/500-milliard-euros-mentocsomagrol-allapodtak-meg-az-eurocsoport-penzugyminiszterei\/","title":{"rendered":"500 milli\u00e1rd eur\u00f3s ment\u0151csomagr\u00f3l \u00e1llapodtak meg az eur\u00f3csoport p\u00e9nz\u00fcgyminiszterei"},"content":{"rendered":"<p><strong>Jelent\u0151s, 500 milli\u00e1rd eur\u00f3 \u00f6sszeg\u0171 gazdas\u00e1gi ment\u0151csomagr\u00f3l \u00e1llapodtak meg az eur\u00f3\u00f6vezethez tartoz\u00f3 uni\u00f3s tag\u00e1llamok p\u00e9nz\u00fcgyminiszterei a koronav\u00edrus-j\u00e1rv\u00e1ny okozta gazdas\u00e1gi v\u00e1ls\u00e1g enyh\u00edt\u00e9s\u00e9re cs\u00fct\u00f6rt\u00f6k k\u00e9s\u0151 este.<\/strong><!--more--><\/p>\n<div class=\"ads-in-post1\"><div id=\"gazdasagportal.hu_fullbanner_wideboard\"><\/div>\r\n<\/div>\n<p>    Charles Michel, az EU-tag\u00e1llamok vezet\u0151it t\u00f6m\u00f6r\u00edt\u0151 Eur\u00f3pai Tan\u00e1cs eln\u00f6ke Twitter-\u00fczenetben azt \u00edrta, hogy a meg\u00e1llapod\u00e1s, amely a szolidarit\u00e1s szellem\u00e9ben j\u00f6tt l\u00e9tre, talaja lesz Eur\u00f3pa fel\u00e9p\u00fcl\u00e9s\u00e9nek.<br \/>\n    &#8222;Az 500 milli\u00e1rd eur\u00f3s ment\u0151csomag a munkav\u00e1llal\u00f3kat \u00e9s v\u00e1llalatokat fogja t\u00e1mogatni, bele\u00e9rtve a kis- \u00e9s k\u00f6z\u00e9pv\u00e1llalkoz\u00e1sokat is&#8221; &#8211; hangs\u00falyozta.<br \/>\n    Az eur\u00f3\u00f6vezeti p\u00e9nz\u00fcgyminiszterek tan\u00e1cskoz\u00e1s\u00e1r\u00f3l kiadott hivatalos nyilatkozat szerint a gazdas\u00e1g\u00f6szt\u00f6nz\u0151 ment\u0151terv h\u00e1rom pill\u00e9rre \u00e9p\u00fcl majd: az Eur\u00f3pai Stabilit\u00e1si Mechanizmus 240 milli\u00e1rd eur\u00f3ig terjed\u0151 megel\u0151z\u0151 hitelkeret\u00e9re, az Eur\u00f3pai Bizotts\u00e1g 100 milli\u00e1rd eur\u00f3s munkahelymeg\u0151rz\u0151 programj\u00e1ra, valamint az Eur\u00f3pai Beruh\u00e1z\u00e1si Bank 200 milli\u00e1rd eur\u00f3ig ig\u00e9nybe vehet\u0151 garanciaalapj\u00e1ra, amely a v\u00e1llalatok likvidit\u00e1s\u00e1nak t\u00e1mogat\u00e1s\u00e1t szolg\u00e1lja.<br \/>\n<div class=\"ads-in-post2\"><script async src=\"https:\/\/pagead2.googlesyndication.com\/pagead\/js\/adsbygoogle.js\"><\/script>\r\n<ins class=\"adsbygoogle\"\r\n     style=\"display:block\"\r\n     data-ad-format=\"fluid\"\r\n     data-ad-layout-key=\"-6t+ed+2i-1n-4w\"\r\n     data-ad-client=\"ca-pub-1959107119989764\"\r\n     data-ad-slot=\"4008251320\"><\/ins>\r\n<script>\r\n     (adsbygoogle = window.adsbygoogle || []).push({});\r\n<\/script><\/div>\n    Az eur\u00f3csoport egy tov\u00e1bbi egyfajta &#8222;helyre\u00e1ll\u00edt\u00e1si alap&#8221; elfogad\u00e1s\u00e1t is javasolni fogja, a recesszi\u00f3 ut\u00e1ni fellend\u00fcl\u00e9s el\u0151seg\u00edt\u00e9s\u00e9re, de ennek finansz\u00edroz\u00e1sa egyel\u0151re vit\u00e1k t\u00e1rgy\u00e1t k\u00e9pezi. Hollandia \u00e9s N\u00e9metorsz\u00e1g tov\u00e1bbra sem t\u00e1mogatja azt az elk\u00e9pzel\u00e9st, hogy a v\u00e1ls\u00e1gkezel\u00e9s k\u00f6lts\u00e9geinek fedez\u00e9s\u00e9re az uni\u00f3s tag\u00e1llamok k\u00f6z\u00f6sen bocs\u00e1ssanak ki \u00e1llampap\u00edrt, \u00fagynevezett koronak\u00f6tv\u00e9nyeket, mivel v\u00e9lem\u00e9ny\u00fck szerint Olaszorsz\u00e1g, Spanyolorsz\u00e1g \u00e9s Franciaorsz\u00e1g &#8222;nem megb\u00edzhat\u00f3&#8221; a k\u00f6lts\u00e9gvet\u00e9si fegyelem ter\u00e9n.<br \/>\n    &#8222;Ellene vagyunk \u00e9s lesz\u00fcnk mindig is az eur\u00f3k\u00f6tv\u00e9nyeknek. \u00dagy hissz\u00fck, ez nem seg\u00edt sem az EU-n, sem Hollandi\u00e1n&#8221; &#8211; hangs\u00falyozta Wopke Hoekstra holland p\u00e9nz\u00fcgyminiszter Twitter-\u00fczenetben.<br \/>\n    Mario Centeno, az eur\u00f3csoport eln\u00f6ke ugyanakkor t\u00fcrelemre intett a koronak\u00f6tv\u00e9nyekkel kapcsolatban.<br \/>\n    &#8222;Nem sz\u0171k\u00edthetj\u00fck le a vit\u00e1t csak erre, de m\u00e9g ne vonjunk le ezzel kapcsolatban v\u00e9gs\u0151 k\u00f6vetkeztet\u00e9seket&#8221; &#8211; nyilatkozta.(MTI)<\/p>\n","protected":false},"excerpt":{"rendered":"<p>Jelent\u0151s, 500 milli\u00e1rd eur\u00f3 \u00f6sszeg\u0171 gazdas\u00e1gi ment\u0151csomagr\u00f3l \u00e1llapodtak meg az eur\u00f3\u00f6vezethez tartoz\u00f3 uni\u00f3s tag\u00e1llamok p\u00e9nz\u00fcgyminiszterei a koronav\u00edrus-j\u00e1rv\u00e1ny okozta gazdas\u00e1gi v\u00e1ls\u00e1g enyh\u00edt\u00e9s\u00e9re cs\u00fct\u00f6rt\u00f6k k\u00e9s\u0151 este.<\/p>\n","protected":false},"author":1001006,"featured_media":19643,"comment_status":"closed","ping_status":"open","sticky":false,"template":"","format":"standard","meta":[],"categories":[146,246],"tags":[],"_links":{"self":[{"href":"https:\/\/gazdasagportal.hu\/index.php\/wp-json\/wp\/v2\/posts\/125520"}],"collection":[{"href":"https:\/\/gazdasagportal.hu\/index.php\/wp-json\/wp\/v2\/posts"}],"about":[{"href":"https:\/\/gazdasagportal.hu\/index.php\/wp-json\/wp\/v2\/types\/post"}],"author":[{"embeddable":true,"href":"https:\/\/gazdasagportal.hu\/index.php\/wp-json\/wp\/v2\/users\/1001006"}],"replies":[{"embeddable":true,"href":"https:\/\/gazdasagportal.hu\/index.php\/wp-json\/wp\/v2\/comments?post=125520"}],"version-history":[{"count":1,"href":"https:\/\/gazdasagportal.hu\/index.php\/wp-json\/wp\/v2\/posts\/125520\/revisions"}],"predecessor-version":[{"id":125521,"href":"https:\/\/gazdasagportal.hu\/index.php\/wp-json\/wp\/v2\/posts\/125520\/revisions\/125521"}],"wp:featuredmedia":[{"embeddable":true,"href":"https:\/\/gazdasagportal.hu\/index.php\/wp-json\/wp\/v2\/media\/19643"}],"wp:attachment":[{"href":"https:\/\/gazdasagportal.hu\/index.php\/wp-json\/wp\/v2\/media?parent=125520"}],"wp:term":[{"taxonomy":"category","embeddable":true,"href":"https:\/\/gazdasagportal.hu\/index.php\/wp-json\/wp\/v2\/categories?post=125520"},{"taxonomy":"post_tag","embeddable":true,"href":"https:\/\/gazdasagportal.hu\/index.php\/wp-json\/wp\/v2\/tags?post=125520"}],"curies":[{"name":"wp","href":"https:\/\/api.w.org\/{rel}","templated":true}]}}