{"id":125508,"date":"2020-04-09T17:11:04","date_gmt":"2020-04-09T15:11:04","guid":{"rendered":"http:\/\/gazdasagportal.hu\/?p=125508"},"modified":"2020-04-09T17:11:04","modified_gmt":"2020-04-09T15:11:04","slug":"euler-hermes-recesszio-es-inflacio-var-magyarorszagra-a-jarvany-miatt-de-a-valsag-nem-lesz-olyan-mely-mint-2008-2009-ben","status":"publish","type":"post","link":"https:\/\/gazdasagportal.hu\/index.php\/euler-hermes-recesszio-es-inflacio-var-magyarorszagra-a-jarvany-miatt-de-a-valsag-nem-lesz-olyan-mely-mint-2008-2009-ben\/","title":{"rendered":"Euler Hermes: recesszi\u00f3 \u00e9s infl\u00e1ci\u00f3 v\u00e1r Magyarorsz\u00e1gra a j\u00e1rv\u00e1ny miatt, de a v\u00e1ls\u00e1g nem lesz olyan m\u00e9ly, mint 2008-2009-ben"},"content":{"rendered":"<p><strong>A koronav\u00edrus j\u00e1rv\u00e1ny gazdas\u00e1gi hat\u00e1sait elemezve az Euler Hermes 47 orsz\u00e1g 126 \u00e1gazat\u00e1t min\u0151s\u00edtette le eggyel rosszabb kateg\u00f3ri\u00e1ba. A hitelbiztos\u00edt\u00f3 egy rossz \u00e9s egy m\u00e9g rosszabb forgat\u00f3k\u00f6nyvvel sz\u00e1mol a j\u00e1rv\u00e1ny elh\u00faz\u00f3d\u00e1s\u00e1nak f\u00fcggv\u00e9ny\u00e9ben, mert mindk\u00e9t esetben a vil\u00e1gkereskedelem drasztikus visszaes\u00e9se, \u00e9s a v\u00e1llalati fizet\u00e9sk\u00e9ptelens\u00e9gek sz\u00e1m\u00e1nak n\u00f6veked\u00e9se v\u00e1rhat\u00f3. Magyarorsz\u00e1gon id\u00e9n -2,7 sz\u00e1zal\u00e9kos gazdas\u00e1gi recesszi\u00f3t \u00e9s az \u00e9v m\u00e1sodik fel\u00e9t\u0151l fokoz\u00f3d\u00f3 infl\u00e1ci\u00f3s nyom\u00e1st prognosztiz\u00e1l az Euler Hermes, \u00e9s ezzel p\u00e1rhuzamosan lemin\u0151s\u00edtette a magyar aut\u00f3gy\u00e1rt\u00f3 \u00e9s besz\u00e1ll\u00edt\u00f3i szektorok kock\u00e1zati kil\u00e1t\u00e1s\u00e1t. J\u00f3 h\u00edr viszont, hogy Magyarorsz\u00e1got gazdas\u00e1gilag sokkal jobb \u00e1llapotban \u00e9rte a sokk, mint 2008-2009-ben, \u00edgy j\u00f3val nagyobb a mozg\u00e1st\u00e9r a korm\u00e1nyzati enyh\u00edt\u0151 beavatkoz\u00e1sok sz\u00e1m\u00e1ra.<\/strong><!--more--><\/p>\n<div class=\"ads-in-post1\"><div id=\"gazdasagportal.hu_fullbanner_wideboard\"><\/div>\r\n<\/div>\n<p>&nbsp;<\/p>\n<p>Az Euler Hermes hitelbiztos\u00edt\u00f3 t\u00f6rt\u00e9net\u00e9nek legnagyobb, \u00f6sszesen 47 orsz\u00e1g 126 \u00e1gazat\u00e1t \u00e9rint\u0151 \u00a0lemin\u0151s\u00edt\u00e9s\u00e9t jelentette be. \u201eEz azt jelzi, hogy nagyon kev\u00e9s gazdas\u00e1gi \u00e1gazat ker\u00fcli el a koronav\u00edrus hat\u00e1s\u00e1t, \u00edgy a vil\u00e1gj\u00e1rv\u00e1ny ut\u00e1n m\u00e1r gazdas\u00e1gi vil\u00e1gv\u00e1ls\u00e1gr\u00f3l is besz\u00e9lhet\u00fcnk.\u201d \u2013 figyelmeztet <strong>Bujdos\u00f3 T\u00fcnde<\/strong>, az Euler Hermes kock\u00e1zatkezel\u00e9si igazgat\u00f3ja, aki szerint a koronav\u00edrus triplasokkot okozott a nemzetk\u00f6zi gazdas\u00e1g sz\u00e1m\u00e1ra: az eg\u00e9szs\u00e9g\u00fcgyi rendszerekre nehezed\u0151 nyom\u00e1s mellett kereskedelmi, p\u00e9nz\u00fcgyi \u00e9s fogyaszt\u00e1si v\u00e1ls\u00e1ggal egyszerre k\u00fczdenek az orsz\u00e1gok. A j\u00e1rv\u00e1ny miatt hozott drasztikus korm\u00e1nyzati int\u00e9zked\u00e9sek a bels\u0151 kereslet \u00f6sszeoml\u00e1s\u00e1t \u00e9s a nemzetk\u00f6zi kereskedelem drasztikus visszaes\u00e9s\u00e9t eredm\u00e9nyezt\u00e9k. Az Euler Hermes k\u00e9tf\u00e9le forgat\u00f3k\u00f6nyv alapj\u00e1n egy rossz \u00e9s egy m\u00e9g rosszabb szcen\u00e1ri\u00f3t v\u00e1zolt fel a vil\u00e1ggazdas\u00e1g sz\u00e1m\u00e1ra:<\/p><div id=\"gazda-1613589682\" class=\"gazda-tartalomban gazda-entity-placement\"><script async src=\"https:\/\/pagead2.googlesyndication.com\/pagead\/js\/adsbygoogle.js\"><\/script>\r\n<ins class=\"adsbygoogle\"\r\n     style=\"display:block\"\r\n     data-ad-format=\"fluid\"\r\n     data-ad-layout-key=\"-6t+ed+2i-1n-4w\"\r\n     data-ad-client=\"ca-pub-1959107119989764\"\r\n     data-ad-slot=\"4008251320\"><\/ins>\r\n<script>\r\n     (adsbygoogle = window.adsbygoogle || []).push({});\r\n<\/script><\/div>\n<p><strong>U-alak\u00fa v\u00e1ls\u00e1gg\u00f6rbe:<\/strong> a j\u00e1rv\u00e1ny m\u00e1jusban tet\u0151zik \u00e9s szeptemberre enyh\u00fcl; a hat\u00e1rok j\u00faniusban megny\u00edlnak. Ebben az esetben a globalis GDP-n\u00f6veked\u00e9s id\u00e9n 0,9 sz\u00e1zal\u00e9k, a glob\u00e1lis kereskedelem-visszaes\u00e9s -3,7 sz\u00e1zal\u00e9k, a glob\u00e1lis fizet\u00e9sk\u00e9ptelens\u00e9gek sz\u00e1ma pedig 14 sz\u00e1zal\u00e9kkal emelkedik.<\/p>\n<p><strong>L-alak\u00fa, vagy kiterjesztett U alak\u00fa v\u00e1ls\u00e1gg\u00f6rbe<\/strong>: 12-18 h\u00f3napos eg\u00e9szs\u00e9g\u00fcgyi v\u00e1ls\u00e1g, \u00e9s lehets\u00e9ges \u00fajrafert\u0151z\u0151d\u00e9s \u0151sszel. A hat\u00e1rok z\u00e1rva maradnak, az id\u0151szakos korl\u00e1toz\u00f3 int\u00e9zked\u00e9seket kiterjesztik a korm\u00e1nyok. Ebben az esetben a glob\u00e1lis GDP-v\u00e1ltoz\u00e1s id\u00e9n -1,5 sz\u00e1zal\u00e9k, a glob\u00e1lis kereskedelem visszaes\u00e9se -100 sz\u00e1zal\u00e9k, a glob\u00e1lis v\u00e1llalati fizet\u00e9sk\u00e9ptelens\u00e9gek sz\u00e1ma pedig 25 sz\u00e1zal\u00e9kkal emelkedik.<\/p>\n<div class=\"ads-in-post1\"><div id=\"gazdasagportal.hu_fullbanner_wideboard\"><\/div>\r\n<\/div>\nA v\u00e1ls\u00e1g \u00e1ltal legink\u00e1bb s\u00fajtott szektorok a sz\u00e1ll\u00edt\u00e1s, az aut\u00f3ipar, az elektronikai gy\u00e1rt\u00e1s \u00e9s a kiskereskedelem. A sz\u00e1ll\u00edt\u00e1son bel\u00fcl a l\u00e9git\u00e1rsas\u00e1gok, k\u00fcl\u00f6n\u00f6sk\u00e9ppen az elad\u00f3sodott fapados c\u00e9gek szenvedik meg a j\u00e1rv\u00e1nyt. Az aut\u00f3iparban f\u0151leg az \u00e9rt\u00e9kes\u00edt\u0151k \u00e9s a besz\u00e1ll\u00edt\u00f3k \u00e9rintettek, de a gy\u00e1rt\u00f3k sem ker\u00fclik el a drasztikus bev\u00e9telcs\u00f6kken\u00e9st, mivel az aut\u00f3elad\u00e1sok vil\u00e1gszinten v\u00e1rhat\u00f3an 10 sz\u00e1zal\u00e9kkal esnek vissza id\u00e9n. Emiatt az Euler Hermes a magyar aut\u00f3gy\u00e1rt\u00f3 \u00e9s besz\u00e1ll\u00edt\u00f3i szektorok kock\u00e1zati kil\u00e1t\u00e1s\u00e1t lemin\u0151s\u00edtette. Az elektronikai gy\u00e1rt\u00f3k szint\u00e9n cs\u00f6kken\u0151 keresletet tapasztalnak vil\u00e1gszerte, m\u00edg a kiskereskedelmi szektorban \u2013 legink\u00e1bb \u00c1zsi\u00e1ban &#8211; a nyitvatart\u00e1si korl\u00e1toz\u00e1sok okoznak gondot.<\/p>\n<p>Tov\u00e1bb s\u00falyosb\u00edtja a helyzetet, hogy a j\u00e1rv\u00e1ny miatt legal\u00e1bb 13 ezer kis- \u00e9s k\u00f6z\u00e9pv\u00e1llalat mehet cs\u0151dbe csak Nyugat-Eur\u00f3p\u00e1ban \u2013 f\u0151k\u00e9nt olyan a c\u00e9gek, amelyek az \u00e9p\u00edt\u0151iparban, az \u00e9lelmiszeriparban vagy a szolg\u00e1ltat\u00f3 szektorban m\u0171k\u00f6dnek, \u00e9s m\u00e1r a j\u00e1rv\u00e1ny el\u0151tt is cash-flow probl\u00e9m\u00e1val k\u00fczd\u00f6ttek.\u00a0 \u00c9s ha mindez m\u00e9g nem lenne el\u00e9g: a tereb\u00e9lyesed\u0151 p\u00e9nz\u00fcgyi v\u00e1ls\u00e1got jelzi, hogy a felt\u00f6rekv\u0151 piacokon az elm\u00falt hetekben rekordm\u00e9ret\u0171, a 2008-as p\u00e9nz\u00fcgyi \u00f6sszeoml\u00e1skor tapasztaltat is meghalad\u00f3 forr\u00e1skivon\u00e1s t\u00f6rt\u00e9nt, amely gyors \u00e1rfolyamgyeng\u00fcl\u00e9shez vezetett.<\/p>\n<p><strong><em>Re\u00e1l GDP-n\u00f6veked\u00e9s 2 h\u00f3napig tart\u00f3 j\u00e1rv\u00e1ny\u00fcgyi lez\u00e1r\u00e1s \u00e9s tov\u00e1bbi 2 h\u00f3napig tart\u00f3 fokozatos felold\u00e1s eset\u00e9n<\/em><\/strong><\/p>\n<table>\n<tbody>\n<tr>\n<td width=\"201\">&nbsp;<\/td>\n<td width=\"201\">2019<\/td>\n<td width=\"201\">2020 el\u0151rejelz\u00e9s<\/td>\n<\/tr>\n<tr>\n<td width=\"201\">Lengyelorsz\u00e1g<\/td>\n<td width=\"201\">4,1%<\/td>\n<td width=\"201\">-2,1%<\/td>\n<\/tr>\n<tr>\n<td width=\"201\">Csehorsz\u00e1g<\/td>\n<td width=\"201\">2,4%<\/td>\n<td width=\"201\">-2,5%<\/td>\n<\/tr>\n<tr>\n<td width=\"201\">Magyarorsz\u00e1g<\/td>\n<td width=\"201\">4,9%<\/td>\n<td width=\"201\">-2,7%<\/td>\n<\/tr>\n<tr>\n<td width=\"201\">Szlov\u00e1kia<\/td>\n<td width=\"201\">2,3%<\/td>\n<td width=\"201\">-2,6%<\/td>\n<\/tr>\n<\/tbody>\n<\/table>\n<p>Forr\u00e1s: Euler Hermes<\/p>\n<p>A k\u00f6z\u00e9p-kelet-eur\u00f3pai r\u00e9gi\u00f3 \u2013 k\u00e9t h\u00f3napig tart\u00f3 j\u00e1rv\u00e1ny\u00fcgyi z\u00e1rlattal, \u00e9s tov\u00e1bbi k\u00e9t h\u00f3napig tart\u00f3 fokozatos felold\u00e1ssal kalkul\u00e1lva \u2013 nagy val\u00f3sz\u00edn\u0171s\u00e9ggel gazdas\u00e1gi recesszi\u00f3ba fordul, amely Magyarorsz\u00e1gon lehet a legm\u00e9lyebb (-2,7 sz\u00e1zal\u00e9k) az Euler Hermes sz\u00e1m\u00edt\u00e1sai szerint. L\u00e9nyeges k\u00fcl\u00f6nbs\u00e9g viszont 2008-hoz k\u00e9pest \u2013 emeli ki Bujdos\u00f3 T\u00fcnde -, hogy a t\u00e9rs\u00e9g orsz\u00e1gai sokkal jobb \u00e1llapotban vannak gazdas\u00e1gilag, mint voltak 12 \u00e9vvel ezel\u0151tt, ami n\u00e9mileg k\u00f6nnyebb\u00e9 teszi a mostani korm\u00e1nyok dolg\u00e1t v\u00e1ls\u00e1gmenedzsel\u00e9s tekintet\u00e9ben. Hab\u00e1r a monet\u00e1ris mozg\u00e1st\u00e9r korl\u00e1tozott, j\u00f3val t\u00f6bb fisk\u00e1lis lehet\u0151s\u00e9g \u00e1ll rendelkez\u00e9sre a korm\u00e1nyzati beavatkoz\u00e1s sz\u00e1m\u00e1ra. Ez\u00e9rt nem meglep\u0151ek az eddigi, hatalmas m\u00e9ret\u0171 korm\u00e1nyzati int\u00e9zked\u00e9sek: Csehorsz\u00e1gban az \u00e9ves brutt\u00f3 haza term\u00e9k 18 sz\u00e1zal\u00e9k\u00e1nak, Lengyelorsz\u00e1gban 9 sz\u00e1zal\u00e9k\u00e1nak, Rom\u00e1ni\u00e1ban 1,2 sz\u00e1zal\u00e9k\u00e1nak, Magyarorsz\u00e1gon pedig 18-20 sz\u00e1zal\u00e9k\u00e1nak megfelel\u0151 m\u00e9ret\u0171 ment\u0151csomagot hirdettek, vagy \u00edg\u00e9rtek a korm\u00e1nyok. Ezek a ment\u0151csomagok jelent\u0151sen enyh\u00edthetik a j\u00e1rv\u00e1ny gazdas\u00e1gi sokkhat\u00e1s\u00e1t, \u00e1m \u00fajabb kih\u00edv\u00e1st a d\u00f6nt\u00e9sek finansz\u00edroz\u00e1sa okozhat. Ennek k\u00f6vetkezm\u00e9nyek\u00e9nt 2021-ben, a v\u00e1ls\u00e1g elm\u00falt\u00e1val a r\u00e9gi\u00f3 orsz\u00e1gaiban feler\u0151s\u00f6dik az infl\u00e1ci\u00f3s nyom\u00e1s &#8211; j\u00f3solja az Euler Hermes.<\/p>\n<p><strong>Magyarorsz\u00e1g a j\u00e1rv\u00e1ny ut\u00e1n<\/strong><\/p>\n<p>A j\u00e1rv\u00e1ny hat\u00e1saival kapcsolatosan sajnos a t\u00e1volabbi kil\u00e1t\u00e1sok sem b\u00edztat\u00f3ak Magyarorsz\u00e1gon. Az ipari termel\u00e9s \u00e9s kiskereskedelmi forgalom visszaes\u00e9s\u00e9nek egyik legnagyobb vesztese a teljes magyar GDP 26 sz\u00e1zal\u00e9k\u00e1t ad\u00f3 feldolgoz\u00f3ipar. Ennek 30 sz\u00e1zal\u00e9k\u00e1t a j\u00e1rm\u0171gy\u00e1rt\u00e1s adja, de ezen k\u00edv\u00fcl a gumi- \u00e9s m\u0171anyaggy\u00e1rt\u00e1s, valamint f\u00e9mfeldolgoz\u00e1si term\u00e9kek gy\u00e1rt\u00e1sa, \u00e9s egy\u00e9b villamos berendez\u00e9sek gy\u00e1rt\u00e1sa is k\u00f6t\u0151dik olyan aut\u00f3ipari gy\u00e1rt\u00e1si kapacit\u00e1sokhoz, melyekben a j\u00e1rv\u00e1ny hat\u00e1s\u00e1ra rendszeresek az id\u0151szakos le\u00e1ll\u00e1sok.<\/p>\n<p>Ami a magyar v\u00e1llalatok idei kil\u00e1t\u00e1sait illeti, Bujdos\u00f3 T\u00fcnde kiemelte: a piaci szerepl\u0151k k\u00f6z\u00f6tt eredm\u00e9nyess\u00e9g \u00e9s gazd\u00e1lkod\u00e1s tekintet\u00e9ben l\u00e9nyeges k\u00fcl\u00f6nbs\u00e9gek vannak, hiszen ha csak az aut\u00f3ipart vessz\u00fck, m\u00e9g a legnagyobb hazai v\u00e1llalatok k\u00f6z\u00f6tt is tal\u00e1lunk rendk\u00edv\u00fcl eredm\u00e9nyesen &#8211; ak\u00e1r 10-20 sz\u00e1zal\u00e9kos EBITDA-val &#8211; gazd\u00e1lkod\u00f3 p\u00e9ld\u00e1t, de 0,5-1 sz\u00e1zal\u00e9kos EBITDA sem ritka. M\u00e1sr\u00e9szr\u0151l viszont a nemzetk\u00f6zi v\u00e1llalatok magyar le\u00e1nyv\u00e1llalatai k\u00f6z\u00f6tt, ahol a k\u00fclf\u00f6ldi finansz\u00edroz\u00e1s \u00e9s ir\u00e1ny\u00edt\u00e1s a domin\u00e1ns, akad sz\u00e1mos olyan, amely ak\u00e1r m\u00e1r \u00e9vek \u00f3ta negat\u00edv EBITDA szinttel m\u0171k\u00f6dik. Az \u00e9p\u00edt\u0151iparban hasonl\u00f3 trendet fedezhet\u00fcnk fel, a fuvaroz\u00f3 v\u00e1llalatokn\u00e1l ellenben m\u00e1r \u00e1rnyaltabb a k\u00e9p, hiszen itt EBITDA tekintet\u00e9ben a 2-5 sz\u00e1zal\u00e9k egy\u00e1ltal\u00e1n nem ritka jelens\u00e9g, \u00e9s k\u00fcl\u00f6n\u00f6sen a nemzetk\u00f6zi fuvaroz\u00e1sban \u00e9rintett c\u00e9gek m\u0171k\u00f6d\u00e9se lehet vesz\u00e9lyben. A kiskereskedelem bizonyos \u00e1gaiban most m\u00e9g ugyan fellend\u00fcl\u00e9s l\u00e1that\u00f3 &#8211; a j\u00e1rv\u00e1ny el\u0151tti felhalmoz\u00e1s miatt az \u00e9lelmiszeriparban k\u00fcl\u00f6n\u00f6sen, \u00e9s egyes elektronikai cikkek (laptop-ok) tekintet\u00e9ben -, azonban egy elh\u00faz\u00f3d\u00f3 v\u00e1ls\u00e1g eset\u00e9n a gyeng\u00fcl\u0151 lakoss\u00e1gi v\u00e1s\u00e1rl\u00f3er\u0151, a k\u00f6telez\u0151 boltbez\u00e1r\u00e1sok \u00e9s az \u00fczemanyag-felhaszn\u00e1l\u00e1s cs\u00f6kken\u00e9se m\u00e1r ebben a szektorban is probl\u00e9m\u00e1t okozhat.<\/p>\n<p>\u00d6sszess\u00e9g\u00e9ben elmondhat\u00f3, hogy a kiemelt kock\u00e1zattal b\u00edr\u00f3 piaci szegmensekben az alacsonyabb eredm\u00e9nytartalommal m\u0171k\u00f6d\u0151, kev\u00e9sb\u00e9 hat\u00e9kony v\u00e1llalkoz\u00e1sok fennmarad\u00e1sa k\u00e9ts\u00e9ges, ez\u00e9rt ezeken a ter\u00fcleteken n\u00f6vekv\u0151 k\u00e9sedelmes jelent\u00e9sekre, t\u00f6meges fizet\u00e9si \u00e1t\u00fctemez\u00e9sekre \u00e9s fizet\u00e9sk\u00e9ptelens\u00e9gekre sz\u00e1m\u00edt az Euler Hermes.<\/p>\n<p>&nbsp;<\/p>\n<p>&nbsp;<\/p>\n<p><strong>Az Euler Hermes elemz\u00e9seir\u0151l<\/strong><\/p>\n<p>A nemzetk\u00f6zi \u00e9s hazai szinten piacvezet\u0151 hitelbiztos\u00edt\u00f3, az Euler Hermes negyed\u00e9vente k\u00e9sz\u00edti el orsz\u00e1gkock\u00e1zati elemz\u00e9s\u00e9t a vil\u00e1g minden orsz\u00e1g\u00e1r\u00f3l, melynek sor\u00e1n felm\u00e9rik egy adott orsz\u00e1g v\u00e1llalkoz\u00e1sainak eset\u00e9ben a nemfizet\u00e9s kock\u00e1zatait, ez\u00e1ltal seg\u00edts\u00e9get ny\u00fajtanak a k\u00fclkereskedelemben \u00e9rintett v\u00e1llalatoknak \u00fczleti d\u00f6nt\u00e9seik meghozatal\u00e1ban. A hitelbiztos\u00edt\u00f3 az orsz\u00e1gkock\u00e1zati elemz\u00e9seken fel\u00fcl szektorkock\u00e1zat-el\u0151rejelz\u00e9st \u00e9s egy\u00e9ni szint\u0171 c\u00e9gkock\u00e1zatot is vizsg\u00e1l. Sz\u00e1mos szektorr\u00f3l, t\u00f6bbek k\u00f6z\u00f6tt a g\u00e9pj\u00e1rm\u0171iparr\u00f3l, kereskedelemr\u0151l, mez\u0151gazdas\u00e1gr\u00f3l \u00e9s az \u00e9lelmiszeriparr\u00f3l is rendszeresen k\u00e9sz\u00edtenek elemz\u00e9st az Euler Hermes szak\u00e9rt\u0151i.<\/p>\n","protected":false},"excerpt":{"rendered":"<p>A koronav\u00edrus j\u00e1rv\u00e1ny gazdas\u00e1gi hat\u00e1sait elemezve az Euler Hermes 47 orsz\u00e1g 126 \u00e1gazat\u00e1t min\u0151s\u00edtette le eggyel rosszabb kateg\u00f3ri\u00e1ba. A hitelbiztos\u00edt\u00f3 egy rossz \u00e9s egy m\u00e9g rosszabb forgat\u00f3k\u00f6nyvvel sz\u00e1mol a j\u00e1rv\u00e1ny elh\u00faz\u00f3d\u00e1s\u00e1nak f\u00fcggv\u00e9ny\u00e9ben, mert mindk\u00e9t esetben a vil\u00e1gkereskedelem drasztikus visszaes\u00e9se, \u00e9s a v\u00e1llalati fizet\u00e9sk\u00e9ptelens\u00e9gek sz\u00e1m\u00e1nak n\u00f6veked\u00e9se v\u00e1rhat\u00f3. Magyarorsz\u00e1gon id\u00e9n -2,7 sz\u00e1zal\u00e9kos gazdas\u00e1gi recesszi\u00f3t \u00e9s az \u00e9v &#8230;<\/p>\n","protected":false},"author":1001006,"featured_media":125009,"comment_status":"closed","ping_status":"open","sticky":false,"template":"","format":"standard","meta":[],"categories":[146,19,246],"tags":[],"_links":{"self":[{"href":"https:\/\/gazdasagportal.hu\/index.php\/wp-json\/wp\/v2\/posts\/125508"}],"collection":[{"href":"https:\/\/gazdasagportal.hu\/index.php\/wp-json\/wp\/v2\/posts"}],"about":[{"href":"https:\/\/gazdasagportal.hu\/index.php\/wp-json\/wp\/v2\/types\/post"}],"author":[{"embeddable":true,"href":"https:\/\/gazdasagportal.hu\/index.php\/wp-json\/wp\/v2\/users\/1001006"}],"replies":[{"embeddable":true,"href":"https:\/\/gazdasagportal.hu\/index.php\/wp-json\/wp\/v2\/comments?post=125508"}],"version-history":[{"count":1,"href":"https:\/\/gazdasagportal.hu\/index.php\/wp-json\/wp\/v2\/posts\/125508\/revisions"}],"predecessor-version":[{"id":125509,"href":"https:\/\/gazdasagportal.hu\/index.php\/wp-json\/wp\/v2\/posts\/125508\/revisions\/125509"}],"wp:featuredmedia":[{"embeddable":true,"href":"https:\/\/gazdasagportal.hu\/index.php\/wp-json\/wp\/v2\/media\/125009"}],"wp:attachment":[{"href":"https:\/\/gazdasagportal.hu\/index.php\/wp-json\/wp\/v2\/media?parent=125508"}],"wp:term":[{"taxonomy":"category","embeddable":true,"href":"https:\/\/gazdasagportal.hu\/index.php\/wp-json\/wp\/v2\/categories?post=125508"},{"taxonomy":"post_tag","embeddable":true,"href":"https:\/\/gazdasagportal.hu\/index.php\/wp-json\/wp\/v2\/tags?post=125508"}],"curies":[{"name":"wp","href":"https:\/\/api.w.org\/{rel}","templated":true}]}}