{"id":125498,"date":"2020-04-09T10:51:37","date_gmt":"2020-04-09T08:51:37","guid":{"rendered":"http:\/\/gazdasagportal.hu\/?p=125498"},"modified":"2020-04-09T10:51:37","modified_gmt":"2020-04-09T08:51:37","slug":"a-magyar-telekom-elinditotta-kereskedelmi-5g-szolgaltatasat","status":"publish","type":"post","link":"https:\/\/gazdasagportal.hu\/index.php\/a-magyar-telekom-elinditotta-kereskedelmi-5g-szolgaltatasat\/","title":{"rendered":"A Magyar Telekom elind\u00edtotta kereskedelmi 5G szolg\u00e1ltat\u00e1s\u00e1t"},"content":{"rendered":"<p><strong>A Magyar Telekom \u00e1prilis 9-\u00e9n elind\u00edtotta kereskedelmi 5G szolg\u00e1ltat\u00e1s\u00e1t, amely 5G-k\u00e9pes k\u00e9sz\u00fcl\u00e9kkel \u00e9s arra alkalmas havid\u00edjas d\u00edjcsomaggal haszn\u00e1lhat\u00f3 Budapest \u00e9s Zalaegerszeg bizonyos r\u00e9szein &#8211; jelentette be a t\u00e1rsas\u00e1g cs\u00fct\u00f6rt\u00f6k\u00f6n.<\/strong><!--more--><\/p>\n<div class=\"ads-in-post1\"><div id=\"gazdasagportal.hu_fullbanner_wideboard\"><\/div>\r\n<\/div>\n<p>    A szolg\u00e1ltat\u00e1s indul\u00e1skor Budapesten a belv\u00e1ros egyes r\u00e9szein, a Telekom K\u00f6nyves K\u00e1lm\u00e1n k\u00f6r\u00fati sz\u00e9kh\u00e1z\u00e1ban \u00e9s az azzal szomsz\u00e9dos Groupama Ar\u00e9n\u00e1ban, a Pusk\u00e1s Ferenc stadionban, Zalaegerszeg belv\u00e1ros\u00e1ban, valamint a zalaegerszegi ZalaZone j\u00e1rm\u0171ipari tesztp\u00e1ly\u00e1n \u00e9rhet\u0151 el.<br \/>\n    Ig\u00e9nybev\u00e9tel\u00e9hez az 5G h\u00e1l\u00f3zati lefedetts\u00e9g mellett 5G-k\u00e9pes k\u00e9sz\u00fcl\u00e9kre \u00e9s megfelel\u0151 mobil-adatcsomagra van sz\u00fcks\u00e9g.<br \/>\n    R\u00e9kasi Tibor, a Magyar Telekom vez\u00e9rigazgat\u00f3ja a k\u00f6zlem\u00e9nyben kiemelte, hogy hossz\u00fa ideje k\u00e9sz\u00fclnek az 5G bevezet\u00e9s\u00e9re, \u00e9s f\u00e9l \u00e9ve teszth\u00e1l\u00f3zatot is m\u0171k\u00f6dtet a c\u00e9g. Ennek is k\u00f6sz\u00f6nhet\u0151, hogy n\u00e9h\u00e1ny nappal a sikeres frekvenciaaukci\u00f3 eredm\u00e9nyhirdet\u00e9s\u00e9t k\u00f6vet\u0151en m\u00e1r el tudj\u00e1k ind\u00edtani kereskedelmi 5G szolg\u00e1ltat\u00e1sukat. Terveik szerint az \u00e9v v\u00e9g\u00e9re tov\u00e1bb n\u00f6velik az 5G ter\u00fcleti lefedetts\u00e9get.<br \/>\n    Hozz\u00e1tette, hogy az eddigiekn\u00e9l j\u00f3val nagyobb adat\u00e1tviteli sebess\u00e9get, alacsony k\u00e9sleltet\u00e9st, \u00e9s rengeteg h\u00e1l\u00f3zati eszk\u00f6z csatlakoz\u00e1s\u00e1t lehet\u0151v\u00e9 tev\u0151 5G technol\u00f3gia sz\u00e1mos \u00faj lehet\u0151s\u00e9get nyit majd \u00fagy az ipari felhaszn\u00e1l\u00e1sban, mint az emberek mindennapi \u00e9let\u00e9ben.<br \/>\n<div class=\"ads-in-post2\"><script async src=\"https:\/\/pagead2.googlesyndication.com\/pagead\/js\/adsbygoogle.js\"><\/script>\r\n<ins class=\"adsbygoogle\"\r\n     style=\"display:block\"\r\n     data-ad-format=\"fluid\"\r\n     data-ad-layout-key=\"-6t+ed+2i-1n-4w\"\r\n     data-ad-client=\"ca-pub-1959107119989764\"\r\n     data-ad-slot=\"4008251320\"><\/ins>\r\n<script>\r\n     (adsbygoogle = window.adsbygoogle || []).push({});\r\n<\/script><\/div>\n    A k\u00f6zlem\u00e9ny szerint a szolg\u00e1ltat\u00f3 az 5G h\u00e1l\u00f3zati k\u00e9pess\u00e9get 6 h\u00f3napig biztos\u00edtja a korl\u00e1tlan mobiladatot tartalmaz\u00f3 csomagjaira. Ha az el\u0151fizet\u0151 \u00faj 5G k\u00e9sz\u00fcl\u00e9ket v\u00e1s\u00e1rol, akkor a 10 GB adatmennyis\u00e9get tartalmaz\u00f3 lakoss\u00e1gi \u00e9s a 15 GB adatmennyis\u00e9get tartalmaz\u00f3 kis\u00fczleti el\u0151fizet\u00e9sek d\u00edjcsomagjai mell\u00e9 3 h\u00f3napig \u00e9rhet\u0151 el d\u00edjmentesen, prom\u00f3ci\u00f3s jelleggel.<br \/>\n    A Telekom portf\u00f3li\u00f3j\u00e1ban jelenleg k\u00e9t 5G-k\u00e9pes k\u00e9sz\u00fcl\u00e9k tal\u00e1lhat\u00f3 meg, a v\u00e1laszt\u00e9k az \u00e9v v\u00e9g\u00e9ig b\u0151v\u00fclni fog.<br \/>\n    A Magyar Telekom kereskedelmi 5G szolg\u00e1ltat\u00e1sa a 3,6 GHz-es frekvencias\u00e1vban m\u0171k\u00f6dik. A 2G, 3G, 4G technol\u00f3gi\u00e1khoz hasonl\u00f3an a kereskedelmi indul\u00e1sn\u00e1l m\u0171k\u00f6d\u0151 5G \u00e1llom\u00e1sok ki\u00e9p\u00edt\u00e9s\u00e9ben az Ericsson Magyarorsz\u00e1g volt a c\u00e9g partnere.(MTI)<\/p>\n","protected":false},"excerpt":{"rendered":"<p>A Magyar Telekom \u00e1prilis 9-\u00e9n elind\u00edtotta kereskedelmi 5G szolg\u00e1ltat\u00e1s\u00e1t, amely 5G-k\u00e9pes k\u00e9sz\u00fcl\u00e9kkel \u00e9s arra alkalmas havid\u00edjas d\u00edjcsomaggal haszn\u00e1lhat\u00f3 Budapest \u00e9s Zalaegerszeg bizonyos r\u00e9szein &#8211; jelentette be a t\u00e1rsas\u00e1g cs\u00fct\u00f6rt\u00f6k\u00f6n.<\/p>\n","protected":false},"author":1001006,"featured_media":68313,"comment_status":"closed","ping_status":"open","sticky":false,"template":"","format":"standard","meta":[],"categories":[146,19,7],"tags":[],"_links":{"self":[{"href":"https:\/\/gazdasagportal.hu\/index.php\/wp-json\/wp\/v2\/posts\/125498"}],"collection":[{"href":"https:\/\/gazdasagportal.hu\/index.php\/wp-json\/wp\/v2\/posts"}],"about":[{"href":"https:\/\/gazdasagportal.hu\/index.php\/wp-json\/wp\/v2\/types\/post"}],"author":[{"embeddable":true,"href":"https:\/\/gazdasagportal.hu\/index.php\/wp-json\/wp\/v2\/users\/1001006"}],"replies":[{"embeddable":true,"href":"https:\/\/gazdasagportal.hu\/index.php\/wp-json\/wp\/v2\/comments?post=125498"}],"version-history":[{"count":1,"href":"https:\/\/gazdasagportal.hu\/index.php\/wp-json\/wp\/v2\/posts\/125498\/revisions"}],"predecessor-version":[{"id":125499,"href":"https:\/\/gazdasagportal.hu\/index.php\/wp-json\/wp\/v2\/posts\/125498\/revisions\/125499"}],"wp:featuredmedia":[{"embeddable":true,"href":"https:\/\/gazdasagportal.hu\/index.php\/wp-json\/wp\/v2\/media\/68313"}],"wp:attachment":[{"href":"https:\/\/gazdasagportal.hu\/index.php\/wp-json\/wp\/v2\/media?parent=125498"}],"wp:term":[{"taxonomy":"category","embeddable":true,"href":"https:\/\/gazdasagportal.hu\/index.php\/wp-json\/wp\/v2\/categories?post=125498"},{"taxonomy":"post_tag","embeddable":true,"href":"https:\/\/gazdasagportal.hu\/index.php\/wp-json\/wp\/v2\/tags?post=125498"}],"curies":[{"name":"wp","href":"https:\/\/api.w.org\/{rel}","templated":true}]}}