{"id":125492,"date":"2020-04-09T08:51:36","date_gmt":"2020-04-09T06:51:36","guid":{"rendered":"http:\/\/gazdasagportal.hu\/?p=125492"},"modified":"2020-04-09T08:51:36","modified_gmt":"2020-04-09T06:51:36","slug":"tozsdenyitas-elott-emelkedesre-szamitanak-az-elemzok-a-tozsden-22","status":"publish","type":"post","link":"https:\/\/gazdasagportal.hu\/index.php\/tozsdenyitas-elott-emelkedesre-szamitanak-az-elemzok-a-tozsden-22\/","title":{"rendered":"T\u0151zsdenyit\u00e1s el\u0151tt &#8211; Emelked\u00e9sre sz\u00e1m\u00edtanak az elemz\u0151k a t\u0151zsd\u00e9n"},"content":{"rendered":"<p><strong>Emelked\u00e9ssel nyithat a Budapesti \u00c9rt\u00e9kt\u0151zsde (B\u00c9T) cs\u00fct\u00f6rt\u00f6k\u00f6n az MTI-nek nyilatkoz\u00f3 elemz\u0151k szerint.<\/strong><!--more--><\/p>\n<div class=\"ads-in-post1\"><div id=\"gazdasagportal.hu_fullbanner_wideboard\"><\/div>\r\n<\/div>\n<p>    Varga Zolt\u00e1n, az Equilor Befektet\u00e9si Zrt. senior elemz\u0151je komment\u00e1rj\u00e1ban k\u00f6z\u00f6lte, az elm\u00falt k\u00e9t napban d\u00e9lut\u00e1nra meg\u00e9rkeztek a profitrealiz\u00e1l\u00f3k, annak ellen\u00e9re, hogy rendk\u00edv\u00fcl kedvez\u0151 volt a nemzetk\u00f6zi befektet\u0151i hangulat. Emiatt a B\u00c9T-en az \u00e1rfolyamok nemigen tudtak \u00e9rdemben feljebb kapaszkodni.<br \/>\n    Hozz\u00e1tette, az OTP-n\u00e9l a 9000 forintn\u00e1l h\u00faz\u00f3d\u00f3 szintre \u00e9rdemes figyelni, ugyanis ha a bankpap\u00edr \u00e1rfolyama ezt \u00e1t tudja t\u00f6rni, akkor emelked\u00e9s v\u00e1rhat\u00f3. A Mol \u00e1rfolyam\u00e1ban szint\u00e9n nem volt \u00e9rdemi v\u00e1ltoz\u00e1s, 1900 forintn\u00e1l t\u00e1masz, 2000 forintn\u00e1l ellen\u00e1ll\u00e1s h\u00faz\u00f3dik. A Richter jegyz\u00e9se a 6400 forintos szinten z\u00e1rt, amelynek \u00e1tt\u00f6r\u00e9se eset\u00e9n folytat\u00f3dhat az emelked\u00e9s a gy\u00f3gyszergy\u00e1rt\u00f3 \u00e1rfolyam\u00e1ban. A Magyar Telekom visszat\u00e9rt a 360 forintos szinthez.<br \/>\n    Arr\u00f3l is besz\u00e1molt, hogy a 4iG vezet\u0151s\u00e9ge 22 forintos osztal\u00e9k kifizet\u00e9s\u00e9t javasolja, amir\u0151l az \u00e1prilis 29-\u00e9re \u00f6sszeh\u00edvott k\u00f6zgy\u0171l\u00e9sen szavaznak majd. Tov\u00e1bb\u00e1 megjegyezte, hogy a CIG Pann\u00f3nia az \u00e1prilis 17-re kit\u0171z\u00f6tt \u00e9ves rendes k\u00f6zgy\u0171l\u00e9s\u00e9t a v\u00e9szhelyzet miatt bizonytalan ideig elhalasztja.<br \/>\n    K\u00f6z\u00f6lte, Nagy M\u00e1rton a Magyar Nemzeti Bank (MNB) aleln\u00f6ke szerd\u00e1n egy h\u00e1tt\u00e9rbesz\u00e9lget\u00e9sen elmondta, hogy az MNB a kedden bejelentett eszk\u00f6zv\u00e1s\u00e1rl\u00e1si programj\u00e1nak r\u00e9szleteir\u0151l \u00e9s id\u0151z\u00edt\u00e9s\u00e9r\u0151l \u00e1prilis 28-\u00e1n fog d\u00f6nteni.<br \/>\n<div class=\"ads-in-post2\"><script async src=\"https:\/\/pagead2.googlesyndication.com\/pagead\/js\/adsbygoogle.js\"><\/script>\r\n<ins class=\"adsbygoogle\"\r\n     style=\"display:block\"\r\n     data-ad-format=\"fluid\"\r\n     data-ad-layout-key=\"-6t+ed+2i-1n-4w\"\r\n     data-ad-client=\"ca-pub-1959107119989764\"\r\n     data-ad-slot=\"4008251320\"><\/ins>\r\n<script>\r\n     (adsbygoogle = window.adsbygoogle || []).push({});\r\n<\/script><\/div>\n    A CIB elemz\u00e9se szerint a szerd\u00e1n k\u00f6z\u00f6lt m\u00e1rciusi infl\u00e1ci\u00f3s adat magasabb lett a v\u00e1rtn\u00e1l az olaj\u00e1r zuhan\u00e1sa ellen\u00e9re is, ami azt mutatja, hogy a &#8222;koronav\u00edrus bomba becsap\u00f3d\u00e1sa&#8221; el\u0151tt er\u0151s volt a kereslet oldali infl\u00e1ci\u00f3s nyom\u00e1s a gazdas\u00e1gban. A kil\u00e1t\u00e1sokat nagy bizonytalans\u00e1g \u00f6vezi, hogy a k\u00edn\u00e1lat oldali t\u00e9nyez\u0151k (ell\u00e1t\u00e1si neh\u00e9zs\u00e9gek miatti dr\u00e1gul\u00e1s) vagy a kereslet oldali t\u00e9nyez\u0151k (recesszi\u00f3, cs\u00f6kken\u0151 kereslet) lesznek az er\u0151sebbek.<br \/>\n      A Budapesti \u00c9rt\u00e9kt\u0151zsde r\u00e9szv\u00e9nyindexe, a BUX 148,09 pontos, 0,45 sz\u00e1zal\u00e9kos emelked\u00e9ssel, 32 863,79 ponton z\u00e1rt szerd\u00e1n. A r\u00e9szv\u00e9nypiac forgalma 17,7 milli\u00e1rd forint volt. A Mol 31 forinttal, 1,62 sz\u00e1zal\u00e9kkal 1941 forintra er\u0151s\u00f6d\u00f6tt, 2,6 milli\u00e1rd forintos forgalomban. Az OTP-r\u00e9szv\u00e9nyek \u00e1ra 15 forinttal, 0,17 sz\u00e1zal\u00e9kkal 8800 forintra cs\u00f6kkent, forgalmuk 9,5 milli\u00e1rd forintot tett ki. A Magyar Telekom \u00e1rfolyama 2 forinttal, 0,55 sz\u00e1zal\u00e9kkal 360 forintra esett, forgalma 221,9 milli\u00f3 forint volt. A Richter-pap\u00edrok \u00e1ra 45 forinttal, 0,71 sz\u00e1zal\u00e9kkal 6400 forintra n\u0151tt, forgalmuk 1,7 milli\u00e1rd forintot \u00e9rt el.(MTI)<\/p>\n","protected":false},"excerpt":{"rendered":"<p>Emelked\u00e9ssel nyithat a Budapesti \u00c9rt\u00e9kt\u0151zsde (B\u00c9T) cs\u00fct\u00f6rt\u00f6k\u00f6n az MTI-nek nyilatkoz\u00f3 elemz\u0151k szerint.<\/p>\n","protected":false},"author":1001006,"featured_media":0,"comment_status":"closed","ping_status":"open","sticky":false,"template":"","format":"standard","meta":[],"categories":[7],"tags":[],"_links":{"self":[{"href":"https:\/\/gazdasagportal.hu\/index.php\/wp-json\/wp\/v2\/posts\/125492"}],"collection":[{"href":"https:\/\/gazdasagportal.hu\/index.php\/wp-json\/wp\/v2\/posts"}],"about":[{"href":"https:\/\/gazdasagportal.hu\/index.php\/wp-json\/wp\/v2\/types\/post"}],"author":[{"embeddable":true,"href":"https:\/\/gazdasagportal.hu\/index.php\/wp-json\/wp\/v2\/users\/1001006"}],"replies":[{"embeddable":true,"href":"https:\/\/gazdasagportal.hu\/index.php\/wp-json\/wp\/v2\/comments?post=125492"}],"version-history":[{"count":1,"href":"https:\/\/gazdasagportal.hu\/index.php\/wp-json\/wp\/v2\/posts\/125492\/revisions"}],"predecessor-version":[{"id":125493,"href":"https:\/\/gazdasagportal.hu\/index.php\/wp-json\/wp\/v2\/posts\/125492\/revisions\/125493"}],"wp:attachment":[{"href":"https:\/\/gazdasagportal.hu\/index.php\/wp-json\/wp\/v2\/media?parent=125492"}],"wp:term":[{"taxonomy":"category","embeddable":true,"href":"https:\/\/gazdasagportal.hu\/index.php\/wp-json\/wp\/v2\/categories?post=125492"},{"taxonomy":"post_tag","embeddable":true,"href":"https:\/\/gazdasagportal.hu\/index.php\/wp-json\/wp\/v2\/tags?post=125492"}],"curies":[{"name":"wp","href":"https:\/\/api.w.org\/{rel}","templated":true}]}}