{"id":125484,"date":"2020-04-08T19:29:54","date_gmt":"2020-04-08T17:29:54","guid":{"rendered":"http:\/\/gazdasagportal.hu\/?p=125484"},"modified":"2020-04-08T19:29:54","modified_gmt":"2020-04-08T17:29:54","slug":"tozsdezaras-vegyesen-zartak-a-vezeto-papirok-3","status":"publish","type":"post","link":"https:\/\/gazdasagportal.hu\/index.php\/tozsdezaras-vegyesen-zartak-a-vezeto-papirok-3\/","title":{"rendered":"T\u0151zsdez\u00e1r\u00e1s &#8211; Vegyesen z\u00e1rtak a vezet\u0151 pap\u00edrok"},"content":{"rendered":"<p><strong>A Budapesti \u00c9rt\u00e9kt\u0151zsde r\u00e9szv\u00e9nyindexe, a BUX 148,09 pontos, 0,45 sz\u00e1zal\u00e9kos emelked\u00e9ssel, 32 863,79 ponton z\u00e1rt szerd\u00e1n.<\/strong><!--more--><\/p>\n<div class=\"ads-in-post1\"><div id=\"gazdasagportal.hu_fullbanner_wideboard\"><\/div>\r\n<\/div>\n<p>    A r\u00e9szv\u00e9nypiac forgalma 17,7 milli\u00e1rd forint volt, a vezet\u0151 r\u00e9szv\u00e9nyek \u00e1ra vegyesen v\u00e1ltozott az el\u0151z\u0151 napi z\u00e1r\u00e1shoz k\u00e9pest.<br \/>\n    Varga Zolt\u00e1n, az Equilor Befektet\u00e9si Zrt. senior elemz\u0151je elmondta, hogy d\u00e9lel\u0151tt m\u00e9g kedvez\u0151 volt a befektet\u0151i hangulat a magyar piacon, amit a nemzetk\u00f6zi mozg\u00e1sok is t\u00e1mogattak, emelkedtek a vezet\u0151 pap\u00edrok. D\u00e9lut\u00e1nra azonban megint j\u00f6tt egy profitrealiz\u00e1l\u00e1si hull\u00e1m, ami miatt visszat\u00e9rt a negat\u00edv tartom\u00e1nyba a BUX index, v\u00e9g\u00fcl enyhe pluszban z\u00e1rt.<br \/>\n    A senior elemz\u0151 szerint szerd\u00e1n nem volt nagyobb piacbefoly\u00e1sol\u00f3 esem\u00e9ny. Kiemelte ugyanakkor, hogy a jegybank aleln\u00f6ke, Nagy M\u00e1rton nyilatkozott, aki elmondta, hogy sz\u00fcks\u00e9g eset\u00e9n &#8211; nyilv\u00e1n a k\u00f6r\u00fclm\u00e9nyek f\u00fcggv\u00e9ny\u00e9ben &#8211; hajland\u00f3ak tov\u00e1bb emelni a bet\u00e9ti kamatszintet, illetve a k\u00f6vetkez\u0151 kamatd\u00f6nt\u0151 \u00fcl\u00e9sen fognak d\u00f6nteni a kedden bejelentett \u00faj eszk\u00f6zv\u00e1s\u00e1rl\u00e1si program r\u00e9szleteir\u0151l \u00e9s id\u0151z\u00edt\u00e9s\u00e9r\u0151l. Az aleln\u00f6k besz\u00e9lt arr\u00f3l is, hogy a jegybank rugalmasan kezeli eszk\u00f6zrendszer\u00e9t, a forintvolatilit\u00e1s \u00e9s a likvidit\u00e1s biztos\u00edt\u00e1sa most a priorit\u00e1suk, e k\u00e9t szempont alapj\u00e1n cselekszenek &#8211; tette hozz\u00e1.<br \/>\n<div class=\"ads-in-post2\"><script async src=\"https:\/\/pagead2.googlesyndication.com\/pagead\/js\/adsbygoogle.js\"><\/script>\r\n<ins class=\"adsbygoogle\"\r\n     style=\"display:block\"\r\n     data-ad-format=\"fluid\"\r\n     data-ad-layout-key=\"-6t+ed+2i-1n-4w\"\r\n     data-ad-client=\"ca-pub-1959107119989764\"\r\n     data-ad-slot=\"4008251320\"><\/ins>\r\n<script>\r\n     (adsbygoogle = window.adsbygoogle || []).push({});\r\n<\/script><\/div>\n    A Mol 31 forinttal, 1,62 sz\u00e1zal\u00e9kkal 1941 forintra er\u0151s\u00f6d\u00f6tt, 2,6 milli\u00e1rd forintos forgalomban.<br \/>\n    Az OTP-r\u00e9szv\u00e9nyek \u00e1ra 15 forinttal, 0,17 sz\u00e1zal\u00e9kkal 8800 forintra cs\u00f6kkent, forgalmuk 9,5 milli\u00e1rd forintot tett ki.<br \/>\n    A Magyar Telekom \u00e1rfolyama 2 forinttal, 0,55 sz\u00e1zal\u00e9kkal 360 forintra esett, forgalma 221,9 milli\u00f3 forint volt.<br \/>\n    A Richter-pap\u00edrok \u00e1ra 45 forinttal, 0,71 sz\u00e1zal\u00e9kkal 6400 forintra n\u0151tt, forgalmuk 1,7 milli\u00e1rd forintot \u00e9rt el.<br \/>\n    A BUMIX 3247,74 ponton z\u00e1rt szerd\u00e1n, ez 43,96 pontos, 1,34 sz\u00e1zal\u00e9kos cs\u00f6kken\u00e9s a keddi z\u00e1r\u00e1shoz viszony\u00edtva.(MTI)<\/p>\n","protected":false},"excerpt":{"rendered":"<p>A Budapesti \u00c9rt\u00e9kt\u0151zsde r\u00e9szv\u00e9nyindexe, a BUX 148,09 pontos, 0,45 sz\u00e1zal\u00e9kos emelked\u00e9ssel, 32 863,79 ponton z\u00e1rt szerd\u00e1n.<\/p>\n","protected":false},"author":1001006,"featured_media":0,"comment_status":"closed","ping_status":"open","sticky":false,"template":"","format":"standard","meta":[],"categories":[7],"tags":[],"_links":{"self":[{"href":"https:\/\/gazdasagportal.hu\/index.php\/wp-json\/wp\/v2\/posts\/125484"}],"collection":[{"href":"https:\/\/gazdasagportal.hu\/index.php\/wp-json\/wp\/v2\/posts"}],"about":[{"href":"https:\/\/gazdasagportal.hu\/index.php\/wp-json\/wp\/v2\/types\/post"}],"author":[{"embeddable":true,"href":"https:\/\/gazdasagportal.hu\/index.php\/wp-json\/wp\/v2\/users\/1001006"}],"replies":[{"embeddable":true,"href":"https:\/\/gazdasagportal.hu\/index.php\/wp-json\/wp\/v2\/comments?post=125484"}],"version-history":[{"count":1,"href":"https:\/\/gazdasagportal.hu\/index.php\/wp-json\/wp\/v2\/posts\/125484\/revisions"}],"predecessor-version":[{"id":125485,"href":"https:\/\/gazdasagportal.hu\/index.php\/wp-json\/wp\/v2\/posts\/125484\/revisions\/125485"}],"wp:attachment":[{"href":"https:\/\/gazdasagportal.hu\/index.php\/wp-json\/wp\/v2\/media?parent=125484"}],"wp:term":[{"taxonomy":"category","embeddable":true,"href":"https:\/\/gazdasagportal.hu\/index.php\/wp-json\/wp\/v2\/categories?post=125484"},{"taxonomy":"post_tag","embeddable":true,"href":"https:\/\/gazdasagportal.hu\/index.php\/wp-json\/wp\/v2\/tags?post=125484"}],"curies":[{"name":"wp","href":"https:\/\/api.w.org\/{rel}","templated":true}]}}