{"id":125476,"date":"2020-04-08T13:57:53","date_gmt":"2020-04-08T11:57:53","guid":{"rendered":"http:\/\/gazdasagportal.hu\/?p=125476"},"modified":"2020-04-08T13:57:53","modified_gmt":"2020-04-08T11:57:53","slug":"tovabb-nott-a-bilk-logisztikai-nyrt-arbevetele-es-eredmenyessege","status":"publish","type":"post","link":"https:\/\/gazdasagportal.hu\/index.php\/tovabb-nott-a-bilk-logisztikai-nyrt-arbevetele-es-eredmenyessege\/","title":{"rendered":"Tov\u00e1bb n\u0151tt a BILK Logisztikai Nyrt. \u00e1rbev\u00e9tele \u00e9s eredm\u00e9nyess\u00e9ge"},"content":{"rendered":"<p><strong>A BILK Logisztikai Nyrt. 2019-ben 13 milli\u00f3 316 ezer eur\u00f3 \u00e1rbev\u00e9telt \u00e9rt el, 12,7 sz\u00e1zal\u00e9kkal t\u00f6bbet, mint az el\u0151z\u0151 \u00e9vben, az EBITDA (kamatok, ad\u00f3z\u00e1s \u00e9s \u00e9rt\u00e9kcs\u00f6kken\u00e9si le\u00edr\u00e1s el\u0151tti eredm\u00e9ny) 8 milli\u00f3 982 ezer eur\u00f3t tett ki, ami mintegy 20 sz\u00e1zal\u00e9kkal, csaknem 1,5 milli\u00f3 eur\u00f3val haladja meg az egy \u00e9vvel kor\u00e1bbi \u00e9rt\u00e9ket &#8211; k\u00f6z\u00f6lte a t\u00e1rsas\u00e1g szerd\u00e1n az MTI-vel.<\/strong><!--more--><\/p>\n<div class=\"ads-in-post1\"><div id=\"gazdasagportal.hu_fullbanner_wideboard\"><\/div>\r\n<\/div>\n<p>    A t\u00e1j\u00e9koztat\u00e1s szerint a t\u00e1rsas\u00e1g tavaly m\u00e1r az IFRS szerint k\u00f6nyvelt, de a 2018-as \u00e9vvel t\u00f6rt\u00e9n\u0151 \u00f6sszevethet\u0151s\u00e9g \u00e9rdek\u00e9ben az adatokat a magyar sz\u00e1mviteli sztenderdek szerint adta meg.<br \/>\n    A saj\u00e1t tulajdon\u00fa ingatlan b\u00e9rbead\u00e1s\u00e1val \u00e9s \u00fczemeltet\u00e9s\u00e9vel, valamint ingatlanok ad\u00e1sv\u00e9tel\u00e9vel, ingatlankezel\u00e9ssel, \u00e9p\u00edtm\u00e9ny\u00fczemeltet\u00e9ssel \u00e9s vagyonkezel\u00e9ssel foglalkoz\u00f3 t\u00e1rsas\u00e1g rakt\u00e1rv\u00e1ros kapacit\u00e1sa 2019-ben 10 sz\u00e1zal\u00e9kot meghalad\u00f3 m\u00e9rt\u00e9kben b\u0151v\u00fclt, a kihaszn\u00e1lts\u00e1gi mutat\u00f3 meghaladta a 99 sz\u00e1zal\u00e9kot, az \u00fcresed\u00e9si r\u00e1ta pedig 1 sz\u00e1zal\u00e9k alatt maradt.<br \/>\n    A rakt\u00e1roz\u00e1s \u00e9s iroda c\u00e9ljaira kiadhat\u00f3 \u00f6sszter\u00fclet el\u00e9rte a 207 328 n\u00e9gyzetm\u00e9tert, 2019-ben fel\u00e9p\u00fclt egy \u00fajabb, t\u00f6bb mint 20 ezer n\u00e9gyzetm\u00e9ter ter\u00fclet\u0171 rakt\u00e1rcsarnok, amit b\u00e9rl\u0151je a k\u00f6vetkez\u0151 \u00f6t \u00e9vre kiz\u00e1r\u00f3lagos joggal haszn\u00e1latba vett, \u00e9s a b\u00e9rleti szerz\u0151d\u00e9st tov\u00e1bbi \u00f6t \u00e9vre prolong\u00e1lhatja.<br \/>\n    Ezen k\u00edv\u00fcl 2019-ben a BILK Nyrt. 13 900 n\u00e9gyzetm\u00e9ter ter\u00fclet b\u00e9rlet\u00e9nek a meghosszabb\u00edt\u00e1s\u00e1r\u00f3l is meg\u00e1llapodott \u00fcgyfeleivel, tov\u00e1bbi 6500 n\u00e9gyzetm\u00e9ter megl\u00e9v\u0151 rakt\u00e1r- \u00e9s irodater\u00fcletet pedig \u00faj partner r\u00e9sz\u00e9re \u00e9rt\u00e9kes\u00edtett.<br \/>\n<div class=\"ads-in-post2\"><script async src=\"https:\/\/pagead2.googlesyndication.com\/pagead\/js\/adsbygoogle.js\"><\/script>\r\n<ins class=\"adsbygoogle\"\r\n     style=\"display:block\"\r\n     data-ad-format=\"fluid\"\r\n     data-ad-layout-key=\"-6t+ed+2i-1n-4w\"\r\n     data-ad-client=\"ca-pub-1959107119989764\"\r\n     data-ad-slot=\"4008251320\"><\/ins>\r\n<script>\r\n     (adsbygoogle = window.adsbygoogle || []).push({});\r\n<\/script><\/div>\n    Az elm\u00falt \u00e9vben a logisztikai k\u00f6zpont mintegy 10 sz\u00e1zal\u00e9k\u00e1ra, \u00f6sszesen csaknem 20,5 ezer n\u00e9gyzetm\u00e9ter ter\u00fcletre t\u00f6rt\u00e9nt b\u00e9rleti tranzakci\u00f3.<br \/>\n    A t\u00e1j\u00e9koztat\u00e1s szerint az \u00e9p\u00edtkez\u00e9sekre \u00e9s az ezeket k\u00eds\u00e9r\u0151 j\u00e1rul\u00e9kos fejleszt\u00e9sekre, valamint a megl\u00e9v\u0151 rakt\u00e1rak fel\u00faj\u00edt\u00e1s\u00e1ra \u00e9s a kiterjedt csarnokrendszer \u00e9p\u00fcleteinek karbantart\u00e1s\u00e1val \u00f6sszef\u00fcgg\u0151 beruh\u00e1z\u00e1sokra a megel\u0151z\u0151 \u00e9vet jelent\u0151sen meghalad\u00f3 \u00f6sszeget, 10,3 milli\u00f3 eur\u00f3t ford\u00edtott a t\u00e1rsas\u00e1g. A befektetett eszk\u00f6z\u00f6k \u00e9rt\u00e9ke 2019 \u00e9v v\u00e9g\u00e9n meghaladta a 145,4 milli\u00f3 eur\u00f3t. A fejleszt\u00e9seket a t\u00e1rsas\u00e1g r\u00e9szben hitelb\u0151l finansz\u00edrozta &#8211; k\u00f6z\u00f6lte a BILK Nyrt.(MTI)<\/p>\n","protected":false},"excerpt":{"rendered":"<p>A BILK Logisztikai Nyrt. 2019-ben 13 milli\u00f3 316 ezer eur\u00f3 \u00e1rbev\u00e9telt \u00e9rt el, 12,7 sz\u00e1zal\u00e9kkal t\u00f6bbet, mint az el\u0151z\u0151 \u00e9vben, az EBITDA (kamatok, ad\u00f3z\u00e1s \u00e9s \u00e9rt\u00e9kcs\u00f6kken\u00e9si le\u00edr\u00e1s el\u0151tti eredm\u00e9ny) 8 milli\u00f3 982 ezer eur\u00f3t tett ki, ami mintegy 20 sz\u00e1zal\u00e9kkal, csaknem 1,5 milli\u00f3 eur\u00f3val haladja meg az egy \u00e9vvel kor\u00e1bbi \u00e9rt\u00e9ket &#8211; k\u00f6z\u00f6lte a t\u00e1rsas\u00e1g &#8230;<\/p>\n","protected":false},"author":1001006,"featured_media":0,"comment_status":"closed","ping_status":"open","sticky":false,"template":"","format":"standard","meta":[],"categories":[7],"tags":[],"_links":{"self":[{"href":"https:\/\/gazdasagportal.hu\/index.php\/wp-json\/wp\/v2\/posts\/125476"}],"collection":[{"href":"https:\/\/gazdasagportal.hu\/index.php\/wp-json\/wp\/v2\/posts"}],"about":[{"href":"https:\/\/gazdasagportal.hu\/index.php\/wp-json\/wp\/v2\/types\/post"}],"author":[{"embeddable":true,"href":"https:\/\/gazdasagportal.hu\/index.php\/wp-json\/wp\/v2\/users\/1001006"}],"replies":[{"embeddable":true,"href":"https:\/\/gazdasagportal.hu\/index.php\/wp-json\/wp\/v2\/comments?post=125476"}],"version-history":[{"count":1,"href":"https:\/\/gazdasagportal.hu\/index.php\/wp-json\/wp\/v2\/posts\/125476\/revisions"}],"predecessor-version":[{"id":125477,"href":"https:\/\/gazdasagportal.hu\/index.php\/wp-json\/wp\/v2\/posts\/125476\/revisions\/125477"}],"wp:attachment":[{"href":"https:\/\/gazdasagportal.hu\/index.php\/wp-json\/wp\/v2\/media?parent=125476"}],"wp:term":[{"taxonomy":"category","embeddable":true,"href":"https:\/\/gazdasagportal.hu\/index.php\/wp-json\/wp\/v2\/categories?post=125476"},{"taxonomy":"post_tag","embeddable":true,"href":"https:\/\/gazdasagportal.hu\/index.php\/wp-json\/wp\/v2\/tags?post=125476"}],"curies":[{"name":"wp","href":"https:\/\/api.w.org\/{rel}","templated":true}]}}