{"id":125474,"date":"2020-04-08T12:56:24","date_gmt":"2020-04-08T10:56:24","guid":{"rendered":"http:\/\/gazdasagportal.hu\/?p=125474"},"modified":"2020-04-08T12:56:24","modified_gmt":"2020-04-08T10:56:24","slug":"az-autowallis-rekordevet-zart-tavaly","status":"publish","type":"post","link":"https:\/\/gazdasagportal.hu\/index.php\/az-autowallis-rekordevet-zart-tavaly\/","title":{"rendered":"Az AutoWallis rekord\u00e9vet z\u00e1rt tavaly"},"content":{"rendered":"<p><strong>Rekord\u00e9vet z\u00e1rt az AutoWallis 2019-ben: konszolid\u00e1lt \u00e1rbev\u00e9tele 19 sz\u00e1zal\u00e9kkal 75,3 milli\u00e1rd forintra n\u00f6vekedett az el\u0151z\u0151 \u00e9vi 63,1 milli\u00e1rd forintr\u00f3l,  EBITDA mutat\u00f3ja pedig 17 sz\u00e1zal\u00e9kkal 2,982 milli\u00e1rd forintra b\u0151v\u00fclt 2,5 milli\u00e1rd forintr\u00f3l &#8211; ismerteti a t\u00e1rsas\u00e1g a nemzetk\u00f6zi sz\u00e1mviteli szabv\u00e1nyok szerint k\u00e9sz\u00fclt konszolid\u00e1lt \u00e9ves besz\u00e1mol\u00f3j\u00e1ban, amelyet a Budapesti \u00c9rt\u00e9kt\u0151zsde honlapj\u00e1n hozott nyilv\u00e1noss\u00e1gra kedden.<\/strong><!--more--><\/p>\n<div class=\"ads-in-post1\"><div id=\"gazdasagportal.hu_fullbanner_wideboard\"><\/div>\r\n<\/div>\n    Az AutoWallis Nyrt. az MTI-hez eljuttatott k\u00f6zlem\u00e9ny\u00e9ben meg\u00e1llap\u00edtja: a magyar t\u0151zsde aut\u00f3s v\u00e1llalata j\u00f3 \u00faton halad strat\u00e9gi\u00e1ja megval\u00f3s\u00edt\u00e1s\u00e1ban, amely szerint 2024-ben \u00e1rbev\u00e9tele m\u00e1r 130 milli\u00e1rd forint f\u00f6l\u00e9 emelkedhet.<br \/>\n    A k\u00f6zlem\u00e9nyben ismertetik: az AutoWallis csoport m\u0171k\u00f6d\u00e9s\u00e9re hat\u00e1ssal van a v\u00e1ltoz\u00f3 eur\u00f3pai aut\u00f3piac, de tev\u00e9kenys\u00e9ge, hat\u00e9konys\u00e1ga, \u00fczleti lehet\u0151s\u00e9gei, \u00e9rt\u00e9kteremt\u0151 k\u00e9pess\u00e9ge szempontj\u00e1b\u00f3l t\u00e9nyleges m\u0171k\u00f6d\u00e9si ter\u00fclet\u00e9nek, K\u00f6z\u00e9p-Kelet-Eur\u00f3p\u00e1nak \u00e9s a Balk\u00e1nnak a gazdas\u00e1gi teljes\u00edtm\u00e9nye a m\u00e9rvad\u00f3. Az AutoWallis Csoport a magyarorsz\u00e1gi \u00e9s nemzetk\u00f6zi piacain is els\u0151sorban a pr\u00e9mium szegmensben van jelen, ahol az \u00e1ltala k\u00e9pviselt BMW \u00e9s MINI m\u00e1rka eset\u00e9ben 18 sz\u00e1zal\u00e9kos n\u00f6veked\u00e9st \u00e9rt el, mik\u00f6zben a magyar pr\u00e9mium piac 14,5 sz\u00e1zal\u00e9kkal n\u00f6vekedett.<br \/>\n<div class=\"ads-in-post2\"><script async src=\"https:\/\/pagead2.googlesyndication.com\/pagead\/js\/adsbygoogle.js\"><\/script>\r\n<ins class=\"adsbygoogle\"\r\n     style=\"display:block\"\r\n     data-ad-format=\"fluid\"\r\n     data-ad-layout-key=\"-6t+ed+2i-1n-4w\"\r\n     data-ad-client=\"ca-pub-1959107119989764\"\r\n     data-ad-slot=\"4008251320\"><\/ins>\r\n<script>\r\n     (adsbygoogle = window.adsbygoogle || []).push({});\r\n<\/script><\/div>\n    Az eredm\u00e9nyekhez a v\u00e1llalat mindh\u00e1rom \u00fczlet\u00e1ga hozz\u00e1j\u00e1rult: a legnagyobb m\u00e9rt\u00e9kben, 31 sz\u00e1zal\u00e9kkal a belf\u00f6ldi disztrib\u00faci\u00f3s \u00fczlet\u00e1g b\u0151v\u00fclt, az aut\u00f3ipari szolg\u00e1ltat\u00f3i \u00fczlet\u00e1g pedig 19 sz\u00e1zal\u00e9kkal n\u00f6vekedett. A nemzetk\u00f6zi disztrib\u00faci\u00f3s \u00fczlet\u00e1g \u00e1rbev\u00e9tele 8 sz\u00e1zal\u00e9kkal n\u0151tt a nyugat-eur\u00f3pai teljes aut\u00f3piaci stagn\u00e1l\u00e1s\u00e1val szemben.<br \/>\n      Ormosy G\u00e1bor, a csoport vez\u00e9rigazgat\u00f3ja a 2019-es eredm\u00e9nyt \u00e9rt\u00e9kelve elmondta: a sz\u00e1mok al\u00e1t\u00e1masztj\u00e1k, hogy az AutoWallis a tavaly \u00e9v elej\u00e9n meghat\u00e1rozott \u00f6t\u00e9ves strat\u00e9gi\u00e1ja ment\u00e9n halad, amelyben azzal sz\u00e1molnak, hogy 2029-re a k\u00f6z\u00e9p-kelet-eur\u00f3pai r\u00e9gi\u00f3 meghat\u00e1roz\u00f3 mobilit\u00e1si szolg\u00e1ltat\u00f3i lesznek.<br \/>\n     A n\u00f6veked\u00e9st a t\u00e1rsas\u00e1g egyr\u00e9szt organikus, m\u00e1sr\u00e9szt akviz\u00edci\u00f3s \u00faton k\u00edv\u00e1nja megval\u00f3s\u00edtani. A csoport a jelenleg k\u00e9pviselt m\u00e1rk\u00e1k k\u00e9pviselet\u00e9t tov\u00e1bbi orsz\u00e1gokban is szeretn\u00e9 megszerezni, m\u00edg az AutoWallis \u00e1ltal jelenleg lefedett 14 orsz\u00e1gban tov\u00e1bbi 2-3 \u00faj aut\u00f3m\u00e1rka k\u00e9pviselet\u00e9t szeretn\u00e9k elnyerni, illetve kiskereskedelmi h\u00e1l\u00f3zatukat a r\u00e9gi\u00f3ban is kiterjeszteni. Kiemelt c\u00e9l a jelenlegi (szerviz, aut\u00f3k\u00f6lcs\u00f6nz\u00e9s) \u00e9s a gyorsan n\u00f6vekv\u0151 mobilit\u00e1shoz kapcsol\u00f3d\u00f3 szolg\u00e1ltat\u00e1si portfoli\u00f3 b\u0151v\u00edt\u00e9se.<br \/>\n    A t\u00e1rsas\u00e1g k\u00f6z\u00f6lte: noha a tavalyi eredm\u00e9ny az osztal\u00e9kfizet\u00e9st lehet\u0151v\u00e9 tenn\u00e9, a koronav\u00edrus miatti kisz\u00e1m\u00edthatatlanabb k\u00f6rnyezet \u00e9s a n\u00f6veked\u00e9s finansz\u00edroz\u00e1sa \u00e9rdek\u00e9ben az igazgat\u00f3s\u00e1g nem javasolja osztal\u00e9k kifizet\u00e9s\u00e9t az id\u00e9n.<br \/>\n    Az Autowallis r\u00e9sv\u00e9nyeit a Budapesti \u00c9rt\u00e9kt\u0151zsde pr\u00e9mium kateg\u00f3ri\u00e1j\u00e1ban jegyzik, keddi z\u00e1r\u00f3\u00e1ra 79 forint volt, elm\u00falt \u00e9ves maximuma 154 forint, minimuma 51,2 forint.(MTI)<\/p>\n","protected":false},"excerpt":{"rendered":"<p>Rekord\u00e9vet z\u00e1rt az AutoWallis 2019-ben: konszolid\u00e1lt \u00e1rbev\u00e9tele 19 sz\u00e1zal\u00e9kkal 75,3 milli\u00e1rd forintra n\u00f6vekedett az el\u0151z\u0151 \u00e9vi 63,1 milli\u00e1rd forintr\u00f3l, EBITDA mutat\u00f3ja pedig 17 sz\u00e1zal\u00e9kkal 2,982 milli\u00e1rd forintra b\u0151v\u00fclt 2,5 milli\u00e1rd forintr\u00f3l &#8211; ismerteti a t\u00e1rsas\u00e1g a nemzetk\u00f6zi sz\u00e1mviteli szabv\u00e1nyok szerint k\u00e9sz\u00fclt konszolid\u00e1lt \u00e9ves besz\u00e1mol\u00f3j\u00e1ban, amelyet a Budapesti \u00c9rt\u00e9kt\u0151zsde honlapj\u00e1n hozott nyilv\u00e1noss\u00e1gra kedden.<\/p>\n","protected":false},"author":1001006,"featured_media":0,"comment_status":"closed","ping_status":"open","sticky":false,"template":"","format":"standard","meta":[],"categories":[7],"tags":[],"_links":{"self":[{"href":"https:\/\/gazdasagportal.hu\/index.php\/wp-json\/wp\/v2\/posts\/125474"}],"collection":[{"href":"https:\/\/gazdasagportal.hu\/index.php\/wp-json\/wp\/v2\/posts"}],"about":[{"href":"https:\/\/gazdasagportal.hu\/index.php\/wp-json\/wp\/v2\/types\/post"}],"author":[{"embeddable":true,"href":"https:\/\/gazdasagportal.hu\/index.php\/wp-json\/wp\/v2\/users\/1001006"}],"replies":[{"embeddable":true,"href":"https:\/\/gazdasagportal.hu\/index.php\/wp-json\/wp\/v2\/comments?post=125474"}],"version-history":[{"count":1,"href":"https:\/\/gazdasagportal.hu\/index.php\/wp-json\/wp\/v2\/posts\/125474\/revisions"}],"predecessor-version":[{"id":125475,"href":"https:\/\/gazdasagportal.hu\/index.php\/wp-json\/wp\/v2\/posts\/125474\/revisions\/125475"}],"wp:attachment":[{"href":"https:\/\/gazdasagportal.hu\/index.php\/wp-json\/wp\/v2\/media?parent=125474"}],"wp:term":[{"taxonomy":"category","embeddable":true,"href":"https:\/\/gazdasagportal.hu\/index.php\/wp-json\/wp\/v2\/categories?post=125474"},{"taxonomy":"post_tag","embeddable":true,"href":"https:\/\/gazdasagportal.hu\/index.php\/wp-json\/wp\/v2\/tags?post=125474"}],"curies":[{"name":"wp","href":"https:\/\/api.w.org\/{rel}","templated":true}]}}