{"id":125414,"date":"2020-04-06T12:24:30","date_gmt":"2020-04-06T10:24:30","guid":{"rendered":"http:\/\/gazdasagportal.hu\/?p=125414"},"modified":"2020-04-06T12:24:30","modified_gmt":"2020-04-06T10:24:30","slug":"itm-magyar-technologiak-segithetik-a-nyugat-balkani-terseg-klimavedelmet","status":"publish","type":"post","link":"https:\/\/gazdasagportal.hu\/index.php\/itm-magyar-technologiak-segithetik-a-nyugat-balkani-terseg-klimavedelmet\/","title":{"rendered":"ITM: magyar technol\u00f3gi\u00e1k seg\u00edthetik a nyugat-balk\u00e1ni t\u00e9rs\u00e9g kl\u00edmav\u00e9delm\u00e9t"},"content":{"rendered":"<p><strong>\u00c9l\u00e9nk \u00e9rdekl\u0151d\u00e9s fogadta az Innov\u00e1ci\u00f3s \u00e9s Technol\u00f3giai Miniszt\u00e9rium (ITM) \u00e9s a Nyugat-Balk\u00e1ni Z\u00f6ld K\u00f6zpont els\u0151 nemzetk\u00f6zi kl\u00edmav\u00e9delmi p\u00e1ly\u00e1zati felh\u00edv\u00e1s\u00e1t &#8211; k\u00f6z\u00f6lte a szakt\u00e1rca h\u00e9tf\u0151n az MTI-vel.<\/strong><!--more--><\/p>\n<div class=\"ads-in-post1\"><div id=\"gazdasagportal.hu_fullbanner_wideboard\"><\/div>\r\n<\/div>\n<p>    A t\u00e1j\u00e9koztat\u00e1s szerint a most lez\u00e1rult ki\u00edr\u00e1sra magyar v\u00e1llalkoz\u00e1sok \u00e9s egy nonprofit szervezet \u00f6sszesen mintegy 60 projektt\u00e1mogat\u00e1si k\u00e9relmet ny\u00fajtottak be a teljes keret\u00f6sszeget k\u00f6zel hatszorosan meghalad\u00f3 forr\u00e1sig\u00e9nnyel. A majdani nyertesek fejleszt\u00e9sei hat nyugat-balk\u00e1ni orsz\u00e1g \u00e9ghajlatv\u00e9delmi er\u0151fesz\u00edt\u00e9seit t\u00e1mogatj\u00e1k majd, mik\u00f6zben a hazai z\u00f6ldgazdas\u00e1g k\u00fclf\u00f6ldi t\u00e9rnyer\u00e9s\u00e9t is megalapozz\u00e1k.<br \/>\n    A k\u00f6zlem\u00e9nyben kiemelt\u00e9k, a p\u00e1ly\u00e1zat hat nyugat-balk\u00e1ni orsz\u00e1gban &#8211; Alb\u00e1ni\u00e1ban, Bosznia-Hercegovin\u00e1ban, \u00c9szak-Maced\u00f3ni\u00e1ban, Koszov\u00f3ban, Montenegr\u00f3ban \u00e9s Szerbi\u00e1ban &#8211; \u00f6szt\u00f6nzi a magyar technol\u00f3gia- \u00e9s tud\u00e1s\u00e1tad\u00e1st a r\u00e9gi\u00f3 k\u00f6rnyezet- \u00e9s kl\u00edmav\u00e9delmi c\u00e9ljainak el\u00e9r\u00e9se \u00e9rdek\u00e9ben. A projektek a meg\u00fajul\u00f3 energiaforr\u00e1sok, a v\u00edzgazd\u00e1lkod\u00e1s, a hullad\u00e9kkezel\u00e9s, a v\u00e1rosi fenntarthat\u00f3s\u00e1g, az erd\u0151gazd\u00e1lkod\u00e1s \u00e9s a mez\u0151gazdas\u00e1gi alkalmazkod\u00e1s ter\u00fclet\u00e9n seg\u00edtik az \u00e9rintett orsz\u00e1gokat.<br \/>\n    A nemzetk\u00f6zi kl\u00edmav\u00e9delmi p\u00e1ly\u00e1zat magyar v\u00e1llalkoz\u00e1sok, fels\u0151oktat\u00e1si int\u00e9zm\u00e9nyek, kl\u00edmapolitikai szervezetek sz\u00e1m\u00e1ra teremt lehet\u0151s\u00e9get a nyugat-balk\u00e1ni orsz\u00e1gok \u00e9ghajlatv\u00e9delmi er\u0151fesz\u00edt\u00e9seiben, gazdas\u00e1guk z\u00f6ld \u00e1talak\u00edt\u00e1s\u00e1ban val\u00f3 szerepv\u00e1llal\u00e1sra. A felh\u00edv\u00e1s a magyar z\u00f6ldgazdas\u00e1g teljes\u00edtm\u00e9ny\u00e9t er\u0151s\u00edti azzal, hogy k\u00fclpiaci beruh\u00e1z\u00e1sok hazai technol\u00f3gi\u00e1val \u00e9s innov\u00e1ci\u00f3val val\u00f3sulnak meg &#8211; \u00edrj\u00e1k a k\u00f6zlem\u00e9nyben.<br \/>\n<div class=\"ads-in-post2\"><script async src=\"https:\/\/pagead2.googlesyndication.com\/pagead\/js\/adsbygoogle.js\"><\/script>\r\n<ins class=\"adsbygoogle\"\r\n     style=\"display:block\"\r\n     data-ad-format=\"fluid\"\r\n     data-ad-layout-key=\"-6t+ed+2i-1n-4w\"\r\n     data-ad-client=\"ca-pub-1959107119989764\"\r\n     data-ad-slot=\"4008251320\"><\/ins>\r\n<script>\r\n     (adsbygoogle = window.adsbygoogle || []).push({});\r\n<\/script><\/div>\n    A 2020. febru\u00e1r 13-\u00e1n meghirdetett t\u00e1mogat\u00e1si felh\u00edv\u00e1s keret\u00f6sszege 400 milli\u00f3 forint. A beny\u00fajtott projektjavaslatok \u00f6sszes\u00edtett t\u00e1mogat\u00e1si ig\u00e9nye ennek k\u00f6zel hatszorosa volt, teljes k\u00f6lts\u00e9gvet\u00e9s\u00fck pedig meghaladja a 2,5 milli\u00e1rd forintot. A be\u00e9rkezett k\u00e9relmek \u00e9rt\u00e9kel\u00e9s\u00e9t a Nyugat-Balk\u00e1ni Z\u00f6ld K\u00f6zpont Nonprofit Kft. elismert k\u00fcls\u0151 szak\u00e9rt\u0151k bevon\u00e1s\u00e1val v\u00e9gzi, a t\u00e1mogat\u00f3i d\u00f6nt\u00e9st a k\u00f6zpont javaslata alapj\u00e1n az Innov\u00e1ci\u00f3s \u00e9s Technol\u00f3giai Miniszt\u00e9rium hozza majd meg &#8211; ismertetik.<br \/>\n    Kaderj\u00e1k P\u00e9ter, az ITM energia- \u00e9s kl\u00edmapolitikai \u00e1llamtitk\u00e1ra a k\u00f6zlem\u00e9nyben elmondta: &#8222;\u00d6rvendetes, hogy a jelenlegi kih\u00edv\u00e1sokkal teli k\u00f6rnyezetben is sz\u00e1mos, a kl\u00edmav\u00e9delem \u00e9s a gazdas\u00e1gfejleszt\u00e9s szempontj\u00e1b\u00f3l egyar\u00e1nt el\u0151remutat\u00f3 beruh\u00e1z\u00e1s el\u0151k\u00e9sz\u00edt\u00e9s\u00e9t tervezik magyar v\u00e1llalkoz\u00e1sok, fels\u0151oktat\u00e1si int\u00e9zm\u00e9nyek \u00e9s kl\u00edmapolitik\u00e1ban akt\u00edv szervezetek a nyugat-balk\u00e1ni r\u00e9gi\u00f3ban. A nagysz\u00e1m\u00fa be\u00e9rkezett k\u00e9relem a magyar kkv-szektor nyitotts\u00e1g\u00e1t igazolja a fenntarthat\u00f3s\u00e1gi szempontok ir\u00e1nt, egy\u00fattal r\u00e1mutat a kl\u00edmav\u00e9delmi beruh\u00e1z\u00e1sok t\u00e1mogat\u00e1s\u00e1nak fontoss\u00e1g\u00e1ra is. Az Innov\u00e1ci\u00f3s \u00e9s Technol\u00f3giai Miniszt\u00e9rium elk\u00f6telezett abban, hogy a fejleszt\u00e9s-finansz\u00edroz\u00e1sban \u00e9rdekelt hazai \u00e9s nemzetk\u00f6zi partnerek bevon\u00e1s\u00e1val tov\u00e1bb b\u0151v\u00edtse a z\u00f6ldgazdas\u00e1gi \u00e1t\u00e1ll\u00e1s megval\u00f3s\u00edt\u00e1s\u00e1ban akt\u00edv c\u00e9gek lehet\u0151s\u00e9geit.&#8221;(MTI)<\/p>\n","protected":false},"excerpt":{"rendered":"<p>\u00c9l\u00e9nk \u00e9rdekl\u0151d\u00e9s fogadta az Innov\u00e1ci\u00f3s \u00e9s Technol\u00f3giai Miniszt\u00e9rium (ITM) \u00e9s a Nyugat-Balk\u00e1ni Z\u00f6ld K\u00f6zpont els\u0151 nemzetk\u00f6zi kl\u00edmav\u00e9delmi p\u00e1ly\u00e1zati felh\u00edv\u00e1s\u00e1t &#8211; k\u00f6z\u00f6lte a szakt\u00e1rca h\u00e9tf\u0151n az MTI-vel.<\/p>\n","protected":false},"author":1001006,"featured_media":0,"comment_status":"closed","ping_status":"open","sticky":false,"template":"","format":"standard","meta":[],"categories":[19],"tags":[],"_links":{"self":[{"href":"https:\/\/gazdasagportal.hu\/index.php\/wp-json\/wp\/v2\/posts\/125414"}],"collection":[{"href":"https:\/\/gazdasagportal.hu\/index.php\/wp-json\/wp\/v2\/posts"}],"about":[{"href":"https:\/\/gazdasagportal.hu\/index.php\/wp-json\/wp\/v2\/types\/post"}],"author":[{"embeddable":true,"href":"https:\/\/gazdasagportal.hu\/index.php\/wp-json\/wp\/v2\/users\/1001006"}],"replies":[{"embeddable":true,"href":"https:\/\/gazdasagportal.hu\/index.php\/wp-json\/wp\/v2\/comments?post=125414"}],"version-history":[{"count":1,"href":"https:\/\/gazdasagportal.hu\/index.php\/wp-json\/wp\/v2\/posts\/125414\/revisions"}],"predecessor-version":[{"id":125415,"href":"https:\/\/gazdasagportal.hu\/index.php\/wp-json\/wp\/v2\/posts\/125414\/revisions\/125415"}],"wp:attachment":[{"href":"https:\/\/gazdasagportal.hu\/index.php\/wp-json\/wp\/v2\/media?parent=125414"}],"wp:term":[{"taxonomy":"category","embeddable":true,"href":"https:\/\/gazdasagportal.hu\/index.php\/wp-json\/wp\/v2\/categories?post=125414"},{"taxonomy":"post_tag","embeddable":true,"href":"https:\/\/gazdasagportal.hu\/index.php\/wp-json\/wp\/v2\/tags?post=125414"}],"curies":[{"name":"wp","href":"https:\/\/api.w.org\/{rel}","templated":true}]}}