{"id":125410,"date":"2020-04-06T10:48:54","date_gmt":"2020-04-06T08:48:54","guid":{"rendered":"http:\/\/gazdasagportal.hu\/?p=125410"},"modified":"2020-04-06T10:48:54","modified_gmt":"2020-04-06T08:48:54","slug":"koronavirus-otodevel-estek-az-elso-negyedevben-a-bmw-eladasai","status":"publish","type":"post","link":"https:\/\/gazdasagportal.hu\/index.php\/koronavirus-otodevel-estek-az-elso-negyedevben-a-bmw-eladasai\/","title":{"rendered":"Koronav\u00edrus &#8211; \u00d6t\u00f6d\u00e9vel estek az els\u0151 negyed\u00e9vben a BMW elad\u00e1sai"},"content":{"rendered":"<p><strong>Az \u00e9v els\u0151 h\u00e1rom h\u00f3napj\u00e1ban az egy \u00e9vvel kor\u00e1bbihoz k\u00e9pest 20,6 sz\u00e1zal\u00e9kkal cs\u00f6kkentek a BMW konszern elad\u00e1sai a c\u00e9g h\u00e9tf\u0151i bejelent\u00e9se szerint.<\/strong><!--more--><\/p>\n<div class=\"ads-in-post1\"><div id=\"gazdasagportal.hu_fullbanner_wideboard\"><\/div>\r\n<\/div>\n<p>    Az els\u0151 negyed\u00e9vben a BMW AG 477 ezer aut\u00f3t \u00e9rt\u00e9kes\u00edtett a BMW, Rolls-Royce \u00e9s Mini m\u00e1rk\u00e1kb\u00f3l, K\u00edn\u00e1ban az elad\u00e1sok 31 sz\u00e1zal\u00e9kkal, Eur\u00f3p\u00e1ban 18 sz\u00e1zal\u00e9kkal, az Egyes\u00fclt \u00c1llamokban 17 sz\u00e1zal\u00e9kkal cs\u00f6kkentek.<br \/>\n    Az elad\u00e1sok K\u00edn\u00e1ban febru\u00e1rban estek vissza jelent\u0151s m\u00e9rt\u00e9kben a j\u00e1rv\u00e1ny miatt bevezetett korl\u00e1toz\u00e1sok hat\u00e1s\u00e1ra, Eur\u00f3p\u00e1ban \u00e9s az Egyes\u00fclt \u00c1llamokban pedig m\u00e1rciusban kezdte \u00e9reztetni hat\u00e1s\u00e1t a kereslet cs\u00f6kken\u00e9se. Eur\u00f3p\u00e1ban a j\u00e1rv\u00e1ny miatt jelenleg a m\u00e1rkakeresked\u0151k 80 sz\u00e1zal\u00e9ka, az Egyes\u00fclt \u00c1llamokban pedig 70 sz\u00e1zal\u00e9ka tart z\u00e1rva &#8211; k\u00f6z\u00f6lte a konszern.<br \/>\n<div class=\"ads-in-post2\"><script async src=\"https:\/\/pagead2.googlesyndication.com\/pagead\/js\/adsbygoogle.js\"><\/script>\r\n<ins class=\"adsbygoogle\"\r\n     style=\"display:block\"\r\n     data-ad-format=\"fluid\"\r\n     data-ad-layout-key=\"-6t+ed+2i-1n-4w\"\r\n     data-ad-client=\"ca-pub-1959107119989764\"\r\n     data-ad-slot=\"4008251320\"><\/ins>\r\n<script>\r\n     (adsbygoogle = window.adsbygoogle || []).push({});\r\n<\/script><\/div>\n    A BMW eur\u00f3pai \u00e9s \u00e9szak-amerikai \u00fczemeiben jelenleg sz\u00fcnetel a termel\u00e9s, mivel &#8222;a konszern rugalmasan alkalmazkodik a kereslet alakul\u00e1s\u00e1hoz&#8221; &#8211; k\u00f6z\u00f6lte Pieter Nota p\u00e9nz\u00fcgyi \u00e9s \u00e9rt\u00e9kes\u00edt\u00e9si igazgat\u00f3. &#8222;K\u00edn\u00e1ban a megrendel\u00e9sek sz\u00e1mottev\u0151 n\u00f6veked\u00e9s\u00e9vel m\u00e1r mutatkoznak a fellend\u00fcl\u00e9s els\u0151 jelei&#8221; &#8211; jegyezte meg. Hangs\u00falyozta, hogy az alkalmazottak eg\u00e9szs\u00e9g\u00e9nek a v\u00e9delme mellett a konszern a likvidit\u00e1s fenntart\u00e1s\u00e1ra \u00e9s a hossz\u00fa t\u00e1von sikeres m\u0171k\u00f6d\u00e9sre helyezi a hangs\u00falyt.(MTI)<\/p>\n","protected":false},"excerpt":{"rendered":"<p>Az \u00e9v els\u0151 h\u00e1rom h\u00f3napj\u00e1ban az egy \u00e9vvel kor\u00e1bbihoz k\u00e9pest 20,6 sz\u00e1zal\u00e9kkal cs\u00f6kkentek a BMW konszern elad\u00e1sai a c\u00e9g h\u00e9tf\u0151i bejelent\u00e9se szerint.<\/p>\n","protected":false},"author":1001006,"featured_media":0,"comment_status":"closed","ping_status":"open","sticky":false,"template":"","format":"standard","meta":[],"categories":[427,8],"tags":[],"_links":{"self":[{"href":"https:\/\/gazdasagportal.hu\/index.php\/wp-json\/wp\/v2\/posts\/125410"}],"collection":[{"href":"https:\/\/gazdasagportal.hu\/index.php\/wp-json\/wp\/v2\/posts"}],"about":[{"href":"https:\/\/gazdasagportal.hu\/index.php\/wp-json\/wp\/v2\/types\/post"}],"author":[{"embeddable":true,"href":"https:\/\/gazdasagportal.hu\/index.php\/wp-json\/wp\/v2\/users\/1001006"}],"replies":[{"embeddable":true,"href":"https:\/\/gazdasagportal.hu\/index.php\/wp-json\/wp\/v2\/comments?post=125410"}],"version-history":[{"count":1,"href":"https:\/\/gazdasagportal.hu\/index.php\/wp-json\/wp\/v2\/posts\/125410\/revisions"}],"predecessor-version":[{"id":125411,"href":"https:\/\/gazdasagportal.hu\/index.php\/wp-json\/wp\/v2\/posts\/125410\/revisions\/125411"}],"wp:attachment":[{"href":"https:\/\/gazdasagportal.hu\/index.php\/wp-json\/wp\/v2\/media?parent=125410"}],"wp:term":[{"taxonomy":"category","embeddable":true,"href":"https:\/\/gazdasagportal.hu\/index.php\/wp-json\/wp\/v2\/categories?post=125410"},{"taxonomy":"post_tag","embeddable":true,"href":"https:\/\/gazdasagportal.hu\/index.php\/wp-json\/wp\/v2\/tags?post=125410"}],"curies":[{"name":"wp","href":"https:\/\/api.w.org\/{rel}","templated":true}]}}