{"id":125376,"date":"2020-04-04T12:30:06","date_gmt":"2020-04-04T10:30:06","guid":{"rendered":"http:\/\/gazdasagportal.hu\/?p=125376"},"modified":"2020-04-04T12:30:06","modified_gmt":"2020-04-04T10:30:06","slug":"penzbuntetessel-fenyegetve-is-igyekeznek-otthonmaradasra-kesztetni-a-nemeteket","status":"publish","type":"post","link":"https:\/\/gazdasagportal.hu\/index.php\/penzbuntetessel-fenyegetve-is-igyekeznek-otthonmaradasra-kesztetni-a-nemeteket\/","title":{"rendered":"P\u00e9nzb\u00fcntet\u00e9ssel fenyegetve is igyekeznek otthonmarad\u00e1sra k\u00e9sztetni a n\u00e9meteket"},"content":{"rendered":"<p><strong>Csaknem valamennyi n\u00e9met tartom\u00e1nyban friss\u00edtett\u00e9k a szab\u00e1lys\u00e9rt\u00e9si b\u00edrs\u00e1gok katal\u00f3gus\u00e1t a koronav\u00edrus-j\u00e1rv\u00e1ny miatt, \u00edgy s\u00falyos p\u00e9nzb\u00fcntet\u00e9sre sz\u00e1m\u00edthatnak a kij\u00e1r\u00e1si korl\u00e1toz\u00e1sok megszeg\u0151i. Az int\u00e9zked\u00e9sek egyel\u0151re hat\u00e1sosak, a regisztr\u00e1lt fert\u0151z\u00f6ttek sz\u00e1ma a szombati adatok szerint is viszonylag lassan emelkedik.<\/strong><!--more--><\/p>\n<div class=\"ads-in-post1\"><div id=\"gazdasagportal.hu_fullbanner_wideboard\"><\/div>\r\n<\/div>\n<p>    A fegyelmez\u00e9s egyre fontosabb v\u00e1ls\u00e1gkezel\u0151 eszk\u00f6z N\u00e9metorsz\u00e1gban. A tartom\u00e1nyi rang\u00fa f\u0151v\u00e1rosban, Berlinben p\u00e9ld\u00e1ul fejenk\u00e9nt 500 eur\u00f3s (183 ezer forint) b\u00edrs\u00e1got is kiszabhatnak, ha nem k\u00f6z\u00f6s h\u00e1ztart\u00e1sban \u00e9l\u0151k k\u00e9t f\u0151n\u00e9l nagyobb csoportban gy\u00fclekeznek k\u00f6zter\u00fcleten, \u00e9s nem engedelmeskednek a csoport feloszlat\u00e1s\u00e1ra utas\u00edt\u00f3 rend\u0151r\u00f6knek, Schleswig-Holstein korm\u00e1nya pedig kitiltott mindenkit, akinek nincs \u00e1lland\u00f3 lak\u00f3helye a tartom\u00e1nyban, \u00e9s 500 eur\u00f3s b\u00fcntet\u00e9ssel s\u00fajtja az illeg\u00e1lis hat\u00e1r\u00e1tl\u00e9p\u00e9st. K\u00fcl\u00f6n\u00f6sen nagy a szigor Bajororsz\u00e1gban, ahol a legt\u00f6bb fert\u0151z\u00e9st regisztr\u00e1lt\u00e1k. A tartom\u00e1nyi korm\u00e1ny rendelkez\u00e9sei szerint nem is szab\u00e1lys\u00e9rt\u00e9s, hanem b\u0171ncselekm\u00e9ny p\u00e9ld\u00e1ul a lak\u00f3hely elhagy\u00e1sa hivatalosan elrendelt karant\u00e9n idej\u00e9n, \u00e9s ak\u00e1r \u00f6t \u00e9v szabads\u00e1gveszt\u00e9sre \u00edt\u00e9lhetik mindazokat, akik a j\u00e1rv\u00e1nylass\u00edt\u00f3 korl\u00e1toz\u00e1sokat \u00e1th\u00e1gva megfert\u0151znek m\u00e1sokat.<br \/>\n    A korl\u00e1toz\u00e1sok egyel\u0151re hat\u00e1sosak. Ezt mutatja a t\u00f6bbi k\u00f6z\u00f6tt, hogy 1-re cs\u00f6kkent az \u00fagynevezett reprodukci\u00f3s r\u00e1ta (R0 \u00e9rt\u00e9k), amely azt jelzi, hogy egy fert\u0151z\u00f6tt \u00e1tlagosan mennyi embernek adja tov\u00e1bb a v\u00edrust. Az ut\u00f3bbi hetekben ez az ar\u00e1ny az 5-\u00f6t, n\u00e9ha a 7-et is el\u00e9rte, de az eddigi cs\u00f6kken\u00e9s m\u00e9g nem el\u00e9g. A j\u00e1rv\u00e1ny akkor hagy al\u00e1bb, ha az R0 \u00e9rt\u00e9k tart\u00f3san 1 alatt van, \u00e9s akkor is csak lassan &#8211; fejtette ki p\u00e9nteki t\u00e1j\u00e9koztat\u00f3j\u00e1n Lothar Wieler, a Robert Koch orsz\u00e1gos j\u00e1rv\u00e1ny\u00fcgyi int\u00e9zet (RKI) vezet\u0151je.<br \/>\n    Az amerikai Johns Hopkins Egyetem szombat d\u00e9lel\u0151tti adatai szerint N\u00e9metorsz\u00e1gban 91 159 ember hordozza bizony\u00edtottan az \u00faj t\u00edpus\u00fa koronav\u00edrust (SARS-CoV-2), ami 6365 esettel &#8211; 7,5 sz\u00e1zal\u00e9kkal &#8211; t\u00f6bb az egy nappal kor\u00e1bbi 84 794-n\u00e9l.<br \/>\n<div class=\"ads-in-post2\"><script async src=\"https:\/\/pagead2.googlesyndication.com\/pagead\/js\/adsbygoogle.js\"><\/script>\r\n<ins class=\"adsbygoogle\"\r\n     style=\"display:block\"\r\n     data-ad-format=\"fluid\"\r\n     data-ad-layout-key=\"-6t+ed+2i-1n-4w\"\r\n     data-ad-client=\"ca-pub-1959107119989764\"\r\n     data-ad-slot=\"4008251320\"><\/ins>\r\n<script>\r\n     (adsbygoogle = window.adsbygoogle || []).push({});\r\n<\/script><\/div>\n    N\u00e9metorsz\u00e1g \u00edgy tov\u00e1bbra is a negyedik helyen \u00e1ll az igazolt fert\u0151z\u00f6ttek sz\u00e1ma alapj\u00e1n \u00f6ssze\u00e1ll\u00edtott orsz\u00e1glist\u00e1n, az Egyes\u00fclt \u00c1llamok, Olaszorsz\u00e1g \u00e9s Spanyolorsz\u00e1g ut\u00e1n,.<br \/>\n    A v\u00edrus okozta betegs\u00e9g (Covid-19) hal\u00e1los \u00e1ldozatainak sz\u00e1ma 1107-r\u0151l 1275-re emelkedett.<br \/>\n    A betegs\u00e9gb\u0151l 24 575 igazolt fert\u0151z\u00f6tt l\u00e1balt ki, szemben az egy nappal kor\u00e1bbi 22 440-nel.<br \/>\n    A Die Zeit c\u00edm\u0171 hetilap h\u00edrport\u00e1lj\u00e1n k\u00f6z\u00f6lt sz\u00e1m\u00edt\u00e1s szerint a regisztr\u00e1lt fert\u0151z\u00f6ttek sz\u00e1m\u00e1nak dupl\u00e1z\u00f3d\u00e1si ideje 9 napra emelkedett a p\u00e9nteken sz\u00e1m\u00edtott 8 napr\u00f3l. A sz\u00f6vets\u00e9gi korm\u00e1ny szerint az eg\u00e9szs\u00e9g\u00fcgyi ell\u00e1t\u00f3rendszer teljes\u00edt\u0151k\u00e9pess\u00e9g\u00e9nek meg\u0151rz\u00e9s\u00e9hez a 14 nap k\u00f6r\u00fcli szintre kell emelni a dupl\u00e1z\u00f3d\u00e1si id\u0151t, mert k\u00e9t h\u00e9t a s\u00falyos betegek \u00e1tlagos kezel\u00e9si ideje.(MTI)<\/p>\n","protected":false},"excerpt":{"rendered":"<p>Csaknem valamennyi n\u00e9met tartom\u00e1nyban friss\u00edtett\u00e9k a szab\u00e1lys\u00e9rt\u00e9si b\u00edrs\u00e1gok katal\u00f3gus\u00e1t a koronav\u00edrus-j\u00e1rv\u00e1ny miatt, \u00edgy s\u00falyos p\u00e9nzb\u00fcntet\u00e9sre sz\u00e1m\u00edthatnak a kij\u00e1r\u00e1si korl\u00e1toz\u00e1sok megszeg\u0151i. Az int\u00e9zked\u00e9sek egyel\u0151re hat\u00e1sosak, a regisztr\u00e1lt fert\u0151z\u00f6ttek sz\u00e1ma a szombati adatok szerint is viszonylag lassan emelkedik.<\/p>\n","protected":false},"author":1001006,"featured_media":0,"comment_status":"closed","ping_status":"open","sticky":false,"template":"","format":"standard","meta":[],"categories":[12,427],"tags":[428],"_links":{"self":[{"href":"https:\/\/gazdasagportal.hu\/index.php\/wp-json\/wp\/v2\/posts\/125376"}],"collection":[{"href":"https:\/\/gazdasagportal.hu\/index.php\/wp-json\/wp\/v2\/posts"}],"about":[{"href":"https:\/\/gazdasagportal.hu\/index.php\/wp-json\/wp\/v2\/types\/post"}],"author":[{"embeddable":true,"href":"https:\/\/gazdasagportal.hu\/index.php\/wp-json\/wp\/v2\/users\/1001006"}],"replies":[{"embeddable":true,"href":"https:\/\/gazdasagportal.hu\/index.php\/wp-json\/wp\/v2\/comments?post=125376"}],"version-history":[{"count":1,"href":"https:\/\/gazdasagportal.hu\/index.php\/wp-json\/wp\/v2\/posts\/125376\/revisions"}],"predecessor-version":[{"id":125377,"href":"https:\/\/gazdasagportal.hu\/index.php\/wp-json\/wp\/v2\/posts\/125376\/revisions\/125377"}],"wp:attachment":[{"href":"https:\/\/gazdasagportal.hu\/index.php\/wp-json\/wp\/v2\/media?parent=125376"}],"wp:term":[{"taxonomy":"category","embeddable":true,"href":"https:\/\/gazdasagportal.hu\/index.php\/wp-json\/wp\/v2\/categories?post=125376"},{"taxonomy":"post_tag","embeddable":true,"href":"https:\/\/gazdasagportal.hu\/index.php\/wp-json\/wp\/v2\/tags?post=125376"}],"curies":[{"name":"wp","href":"https:\/\/api.w.org\/{rel}","templated":true}]}}