{"id":125370,"date":"2020-04-04T09:03:02","date_gmt":"2020-04-04T07:03:02","guid":{"rendered":"http:\/\/gazdasagportal.hu\/?p=125370"},"modified":"2020-04-04T09:06:17","modified_gmt":"2020-04-04T07:06:17","slug":"meghalt-hat-beteg-678-ra-nott-a-fertozottek-szama-magyarorszagon","status":"publish","type":"post","link":"https:\/\/gazdasagportal.hu\/index.php\/meghalt-hat-beteg-678-ra-nott-a-fertozottek-szama-magyarorszagon\/","title":{"rendered":"Meghalt hat beteg a koronav\u00edrus-j\u00e1rv\u00e1nyban, 678-ra n\u0151tt a fert\u0151z\u00f6ttek sz\u00e1ma Magyarorsz\u00e1gon"},"content":{"rendered":"<p><strong>Meghalt hat kr\u00f3nikus beteg a koronav\u00edrus-j\u00e1rv\u00e1nyban, k\u00f6z\u00fcl\u00fck \u00f6ten 77 \u00e9v felettiek voltak, a fert\u0151z\u00f6ttek sz\u00e1ma 678-ra n\u0151tt &#8211; olvashat\u00f3 a <a href=\"https:\/\/koronavirus.gov.hu\/\" target=\"_blank\" rel=\"noopener noreferrer\">koronavirus.gov.hu<\/a> honlapra szombaton feltett k\u00f6zlem\u00e9nyben.<\/strong><!--more--><\/p>\n<div class=\"ads-in-post1\"><div id=\"gazdasagportal.hu_fullbanner_wideboard\"><\/div>\r\n<\/div>\n<p>A k\u00f6zlem\u00e9ny szerint a csoportos megbeteged\u00e9sek szakasz\u00e1ban vagyunk, amikor k\u00f6z\u00f6ss\u00e9gben, szem\u00e9lyes \u00e9rintkez\u00e9sek \u00fatj\u00e1n terjed a fert\u0151z\u00e9s.<br \/>\nMagyarorsz\u00e1gon is m\u00e1r b\u00e1rhol \u00e9s b\u00e1rkiben jelen lehet a v\u00edrus.<br \/>\nA beazonos\u00edtott koronav\u00edrus-fert\u0151z\u00f6ttekn\u00e9l j\u00f3val nagyobb a t\u00e9nyleges v\u00edrushordoz\u00f3k sz\u00e1ma, akik fert\u0151zhetnek.<br \/>\nA t\u00f6meges fert\u0151z\u00e9s lelass\u00edt\u00e1s\u00e1hoz nagyon fontos, hogy az id\u0151sek, a di\u00e1kok, a k\u00fclf\u00f6ldr\u0151l hazat\u00e9r\u0151k, \u00e9s aki teheti, az maradjon otthon, tov\u00e1bb\u00e1 mindenki tartsa be az aj\u00e1nl\u00e1sokat \u00e9s a kij\u00e1r\u00e1si korl\u00e1toz\u00e1sokat.<br \/>\n<div class=\"ads-in-post2\"><script async src=\"https:\/\/pagead2.googlesyndication.com\/pagead\/js\/adsbygoogle.js\"><\/script>\r\n<ins class=\"adsbygoogle\"\r\n     style=\"display:block\"\r\n     data-ad-format=\"fluid\"\r\n     data-ad-layout-key=\"-6t+ed+2i-1n-4w\"\r\n     data-ad-client=\"ca-pub-1959107119989764\"\r\n     data-ad-slot=\"4008251320\"><\/ins>\r\n<script>\r\n     (adsbygoogle = window.adsbygoogle || []).push({});\r\n<\/script><\/div>\nAhogy az eddigi elhunytak adataib\u00f3l is l\u00e1tszik, a koronav\u00edrus az id\u0151sekre a legvesz\u00e9lyesebb, ez\u00e9rt nyomat\u00e9kosan k\u00e9rik az id\u0151seket, hogy maradjanak otthon, \u00e9s a bev\u00e1s\u00e1rl\u00e1shoz k\u00e9rj\u00e9k hozz\u00e1tartoz\u00f3ik vagy az \u00f6nkorm\u00e1nyzat seg\u00edts\u00e9g\u00e9t.<br \/>\nA honlapon el\u00e9rhet\u0151 inform\u00e1ci\u00f3k szerint a gy\u00f3gyultak sz\u00e1ma 58, 11 399-en vannak hat\u00f3s\u00e1gi h\u00e1zi karant\u00e9nban \u00e9s 19 424 mintav\u00e9telt v\u00e9geztek. Az elhunytak sz\u00e1ma 32-re n\u0151tt.(MTI)<\/p>\n<p>&nbsp;<\/p><div id=\"gazda-1460578362\" class=\"gazda-tartalomban gazda-entity-placement\"><script async src=\"https:\/\/pagead2.googlesyndication.com\/pagead\/js\/adsbygoogle.js\"><\/script>\r\n<ins class=\"adsbygoogle\"\r\n     style=\"display:block\"\r\n     data-ad-format=\"fluid\"\r\n     data-ad-layout-key=\"-6t+ed+2i-1n-4w\"\r\n     data-ad-client=\"ca-pub-1959107119989764\"\r\n     data-ad-slot=\"4008251320\"><\/ins>\r\n<script>\r\n     (adsbygoogle = window.adsbygoogle || []).push({});\r\n<\/script><\/div>\n","protected":false},"excerpt":{"rendered":"<p>Meghalt hat kr\u00f3nikus beteg a koronav\u00edrus-j\u00e1rv\u00e1nyban, k\u00f6z\u00fcl\u00fck \u00f6ten 77 \u00e9v felettiek voltak, a fert\u0151z\u00f6ttek sz\u00e1ma 678-ra n\u0151tt &#8211; olvashat\u00f3 a koronavirus.gov.hu honlapra szombaton feltett k\u00f6zlem\u00e9nyben.<\/p>\n","protected":false},"author":1001006,"featured_media":125371,"comment_status":"closed","ping_status":"open","sticky":false,"template":"","format":"standard","meta":[],"categories":[146,4,427],"tags":[428],"_links":{"self":[{"href":"https:\/\/gazdasagportal.hu\/index.php\/wp-json\/wp\/v2\/posts\/125370"}],"collection":[{"href":"https:\/\/gazdasagportal.hu\/index.php\/wp-json\/wp\/v2\/posts"}],"about":[{"href":"https:\/\/gazdasagportal.hu\/index.php\/wp-json\/wp\/v2\/types\/post"}],"author":[{"embeddable":true,"href":"https:\/\/gazdasagportal.hu\/index.php\/wp-json\/wp\/v2\/users\/1001006"}],"replies":[{"embeddable":true,"href":"https:\/\/gazdasagportal.hu\/index.php\/wp-json\/wp\/v2\/comments?post=125370"}],"version-history":[{"count":2,"href":"https:\/\/gazdasagportal.hu\/index.php\/wp-json\/wp\/v2\/posts\/125370\/revisions"}],"predecessor-version":[{"id":125373,"href":"https:\/\/gazdasagportal.hu\/index.php\/wp-json\/wp\/v2\/posts\/125370\/revisions\/125373"}],"wp:featuredmedia":[{"embeddable":true,"href":"https:\/\/gazdasagportal.hu\/index.php\/wp-json\/wp\/v2\/media\/125371"}],"wp:attachment":[{"href":"https:\/\/gazdasagportal.hu\/index.php\/wp-json\/wp\/v2\/media?parent=125370"}],"wp:term":[{"taxonomy":"category","embeddable":true,"href":"https:\/\/gazdasagportal.hu\/index.php\/wp-json\/wp\/v2\/categories?post=125370"},{"taxonomy":"post_tag","embeddable":true,"href":"https:\/\/gazdasagportal.hu\/index.php\/wp-json\/wp\/v2\/tags?post=125370"}],"curies":[{"name":"wp","href":"https:\/\/api.w.org\/{rel}","templated":true}]}}