{"id":125365,"date":"2020-04-03T21:37:27","date_gmt":"2020-04-03T19:37:27","guid":{"rendered":"http:\/\/gazdasagportal.hu\/?p=125365"},"modified":"2020-04-03T21:48:40","modified_gmt":"2020-04-03T19:48:40","slug":"a-covid-19-eddig-csaknem-haromezer-halottat-kovetelt-new-york-allamban","status":"publish","type":"post","link":"https:\/\/gazdasagportal.hu\/index.php\/a-covid-19-eddig-csaknem-haromezer-halottat-kovetelt-new-york-allamban\/","title":{"rendered":"A Covid-19 eddig csaknem h\u00e1romezer halottat k\u00f6vetelt New York \u00e1llamban"},"content":{"rendered":"<p><strong>Az \u00faj t\u00edpus\u00fa koronav\u00edrus okozta a Covid-19 betegs\u00e9g eddig csaknem h\u00e1romezer halottat k\u00f6vetelt New York \u00e1llamban &#8211; &#8211; mondta el Andrew Cuomo, New York \u00e1llam korm\u00e1nyz\u00f3ja p\u00e9nteken a szok\u00e1sos napi sajt\u00f3t\u00e1j\u00e9koztat\u00f3j\u00e1n.<\/strong><!--more--><\/p>\n<div class=\"ads-in-post2\"><script async src=\"https:\/\/pagead2.googlesyndication.com\/pagead\/js\/adsbygoogle.js\"><\/script>\r\n<ins class=\"adsbygoogle\"\r\n     style=\"display:block\"\r\n     data-ad-format=\"fluid\"\r\n     data-ad-layout-key=\"-6t+ed+2i-1n-4w\"\r\n     data-ad-client=\"ca-pub-1959107119989764\"\r\n     data-ad-slot=\"4008251320\"><\/ins>\r\n<script>\r\n     (adsbygoogle = window.adsbygoogle || []).push({});\r\n<\/script><\/div>\n<p>    A korm\u00e1nyz\u00f3 kijelentette: a cs\u00fct\u00f6rt\u00f6k volt eddig a legszomor\u00fabb nap, mert az \u00e1ltala ir\u00e1ny\u00edtott \u00e1llamban egyetlen nap alatt 562 ember halt bele a  betegs\u00e9gbe. New York \u00e1llamban ezzel csaknem h\u00e1romezer f\u0151re emelkedett a betegs\u00e9g hal\u00e1los \u00e1ldozatainak sz\u00e1ma. A diagnosztiz\u00e1lt fert\u0151z\u00e9sek sz\u00e1ma t\u00f6bb mint 102 ezer.      Andrew Cuomo kifejtette, hogy m\u00e9g t\u00f6bb hal\u00e1los \u00e1ldozatra sz\u00e1m\u00edt, r\u00e9szben a v\u00edrus rendk\u00edv\u00fcl gyors terjed\u00e9se miatt, r\u00e9szben pedig az\u00e9rt, mert nincs elegend\u0151 l\u00e9legeztet\u0151g\u00e9p \u00e9s k\u00f3rh\u00e1zi \u00e1gy. &#8222;A k\u00f3rh\u00e1zak ma m\u00e1r gyakorlatilag egyetlen nagy intenz\u00edv oszt\u00e1lly\u00e1 alakultak&#8221; &#8211; mondta. Tov\u00e1bbi seg\u00edts\u00e9get k\u00e9rt, s nemcsak a sz\u00f6vets\u00e9gi korm\u00e1nyt\u00f3l, hanem a t\u00f6bbi amerikai tag\u00e1llamt\u00f3l is. &#8222;Mindannyian amerikaiak vagyunk, f\u00fcggetlen\u00fcl att\u00f3l, hogy New Yorkban, vagy Kaliforni\u00e1ban \u00e9l\u00fcnk&#8221; &#8211; fogalmazott.      A The Wall Street Journal c\u00edm\u0171 lap \u00e9rtes\u00fcl\u00e9sei szerint a Trump-korm\u00e1nyzat a j\u00e1rv\u00e1ny elleni k\u00fczdelemre l\u00e9trehozott alapb\u00f3l v\u00e1rhat\u00f3an kifizeti &#8211; majd k\u00f6zvetlen\u00fcl a k\u00f3rh\u00e1zaknak &#8211; azoknak a koronav\u00edrusos betegeknek a kezel\u00e9si k\u00f6lts\u00e9geit, akiknek nincs eg\u00e9szs\u00e9gbiztos\u00edt\u00e1suk.<br \/>\n<div class=\"ads-in-post1\"><div id=\"gazdasagportal.hu_fullbanner_wideboard\"><\/div>\r\n<\/div>\n    Szint\u00e9n lap\u00e9rtes\u00fcl\u00e9sek szerint a korm\u00e1nyzat arra k\u00e9sz\u00fcl, hogy el\u0151\u00edrja a maszkok visel\u00e9s\u00e9t. Deborah Birx, j\u00e1rv\u00e1ny\u00fcgyi szak\u00e9rt\u0151, a korm\u00e1nyzati munkacsoport egyik tagja egy telev\u00edzi\u00f3s interj\u00faban p\u00e9nteken kifejtette: a j\u00e1rv\u00e1ny kit\u00f6r\u00e9sekor maguk az orvosok \u00e9s a j\u00e1rv\u00e1nytani szak\u00e9rt\u0151k sem voltak tiszt\u00e1ban azzal, hogy milyen vesz\u00e9lyesen fert\u0151z\u0151 az \u00faj t\u00edpus\u00fa koronav\u00edrus. Utalt arra, hogy a v\u00edrus a fert\u0151z\u00f6tts\u00e9g els\u0151 napjaiban a legvesz\u00e9lyesebb, mert a megfert\u0151z\u0151d\u00f6tt szem\u00e9lynek nincsenek t\u00fcnetei, de fert\u0151z.<br \/>\n    Az Egyes\u00fclt \u00c1llamokban a Johns Hopkins egyetem \u00e9s k\u00f3rh\u00e1z adatai szerint p\u00e9nteken &#8211; washingtoni id\u0151 szerint d\u00e9lel\u0151tt &#8211; t\u00f6bb mint 245 ezer regisztr\u00e1lt fert\u0151z\u00f6ttje \u00e9s t\u00f6bb mint 6 ezer hal\u00e1los \u00e1ldozata volt  a Covid-19 nev\u0171, a v\u00edrus okozta t\u00fcd\u0151gyullad\u00e1sos betegs\u00e9gnek.(MTI)<\/p>\n","protected":false},"excerpt":{"rendered":"<p>Az \u00faj t\u00edpus\u00fa koronav\u00edrus okozta a Covid-19 betegs\u00e9g eddig csaknem h\u00e1romezer halottat k\u00f6vetelt New York \u00e1llamban &#8211; &#8211; mondta el Andrew Cuomo, New York \u00e1llam korm\u00e1nyz\u00f3ja p\u00e9nteken a szok\u00e1sos napi sajt\u00f3t\u00e1j\u00e9koztat\u00f3j\u00e1n.<\/p>\n","protected":false},"author":1001006,"featured_media":0,"comment_status":"closed","ping_status":"open","sticky":false,"template":"","format":"standard","meta":[],"categories":[13,427],"tags":[428],"_links":{"self":[{"href":"https:\/\/gazdasagportal.hu\/index.php\/wp-json\/wp\/v2\/posts\/125365"}],"collection":[{"href":"https:\/\/gazdasagportal.hu\/index.php\/wp-json\/wp\/v2\/posts"}],"about":[{"href":"https:\/\/gazdasagportal.hu\/index.php\/wp-json\/wp\/v2\/types\/post"}],"author":[{"embeddable":true,"href":"https:\/\/gazdasagportal.hu\/index.php\/wp-json\/wp\/v2\/users\/1001006"}],"replies":[{"embeddable":true,"href":"https:\/\/gazdasagportal.hu\/index.php\/wp-json\/wp\/v2\/comments?post=125365"}],"version-history":[{"count":2,"href":"https:\/\/gazdasagportal.hu\/index.php\/wp-json\/wp\/v2\/posts\/125365\/revisions"}],"predecessor-version":[{"id":125367,"href":"https:\/\/gazdasagportal.hu\/index.php\/wp-json\/wp\/v2\/posts\/125365\/revisions\/125367"}],"wp:attachment":[{"href":"https:\/\/gazdasagportal.hu\/index.php\/wp-json\/wp\/v2\/media?parent=125365"}],"wp:term":[{"taxonomy":"category","embeddable":true,"href":"https:\/\/gazdasagportal.hu\/index.php\/wp-json\/wp\/v2\/categories?post=125365"},{"taxonomy":"post_tag","embeddable":true,"href":"https:\/\/gazdasagportal.hu\/index.php\/wp-json\/wp\/v2\/tags?post=125365"}],"curies":[{"name":"wp","href":"https:\/\/api.w.org\/{rel}","templated":true}]}}