{"id":125352,"date":"2020-04-03T13:13:54","date_gmt":"2020-04-03T11:13:54","guid":{"rendered":"http:\/\/gazdasagportal.hu\/?p=125352"},"modified":"2020-04-03T13:13:54","modified_gmt":"2020-04-03T11:13:54","slug":"a-generali-lelegezteto-gepeket-es-20-millio-professzionalis-maszkot-szerzett-be-a-koro-navirus-helyzet-kezelesere","status":"publish","type":"post","link":"https:\/\/gazdasagportal.hu\/index.php\/a-generali-lelegezteto-gepeket-es-20-millio-professzionalis-maszkot-szerzett-be-a-koro-navirus-helyzet-kezelesere\/","title":{"rendered":"A Generali l\u00e9legeztet\u0151 g\u00e9peket \u00e9s 20 milli\u00f3 professzion\u00e1lis maszkot szerzett be a koro-nav\u00edrus helyzet kezel\u00e9s\u00e9re"},"content":{"rendered":"<p><strong>Az orvostechnikai eszk\u00f6z\u00f6k \u00e9s a maszkok beszerz\u00e9se a m\u00e1rcius 13-\u00e1n a koronav\u00edrus helyzetre l\u00e9trehozott rendk\u00edv\u00fcli nemzetk\u00f6zi alapb\u00f3l sz\u00e1rmaz\u00f3 adom\u00e1nyoknak k\u00f6sz\u00f6nhet\u0151k. Az els\u0151 l\u00e9legeztet\u0151 g\u00e9peket m\u00e1r lesz\u00e1ll\u00edtott\u00e1k Olaszorsz\u00e1g Lombardia tartom\u00e1ny\u00e1nak k\u00f3rh\u00e1zaiba, a maszkok els\u0151 sz\u00e1ll\u00edtm\u00e1nya k\u00e9t h\u00e9ten, a m\u00e1sodik sz\u00e1ll\u00edtm\u00e1nya pedig h\u00e1rom h\u00e9ten bel\u00fcl v\u00e1rhat\u00f3.<\/strong><!--more--><\/p>\n<div class=\"ads-in-post2\"><script async src=\"https:\/\/pagead2.googlesyndication.com\/pagead\/js\/adsbygoogle.js\"><\/script>\r\n<ins class=\"adsbygoogle\"\r\n     style=\"display:block\"\r\n     data-ad-format=\"fluid\"\r\n     data-ad-layout-key=\"-6t+ed+2i-1n-4w\"\r\n     data-ad-client=\"ca-pub-1959107119989764\"\r\n     data-ad-slot=\"4008251320\"><\/ins>\r\n<script>\r\n     (adsbygoogle = window.adsbygoogle || []).push({});\r\n<\/script><\/div>\n<p>L\u00e9legeztet\u0151 g\u00e9pek<\/p>\n<p>Az olaszorsz\u00e1gi <strong>Lombardia r\u00e9gi\u00f3 k\u00f3rh\u00e1zainak intenz\u00edv oszt\u00e1lyai<\/strong> m\u00e1rcius 27-\u00e9n kapt\u00e1k meg az els\u0151 N\u00e9metorsz\u00e1gb\u00f3l import\u00e1lt <strong>l\u00e9legeztet\u0151 g\u00e9peket<\/strong>. Az \u00fcgylet a Hope Onlus humanit\u00e1rius szervezet\u00a0 \u00e9s a Generali 100 milli\u00f3 eur\u00f3s, a koronav\u00edrus helyzet kezel\u00e9s\u00e9re l\u00e9trehozott rendk\u00edv\u00fcli alapj\u00e1nak k\u00f6sz\u00f6nhet\u0151en j\u00f6tt l\u00e9tre.<\/p><div id=\"gazda-1694433848\" class=\"gazda-tartalomban gazda-entity-placement\"><script async src=\"https:\/\/pagead2.googlesyndication.com\/pagead\/js\/adsbygoogle.js\"><\/script>\r\n<ins class=\"adsbygoogle\"\r\n     style=\"display:block\"\r\n     data-ad-format=\"fluid\"\r\n     data-ad-layout-key=\"-6t+ed+2i-1n-4w\"\r\n     data-ad-client=\"ca-pub-1959107119989764\"\r\n     data-ad-slot=\"4008251320\"><\/ins>\r\n<script>\r\n     (adsbygoogle = window.adsbygoogle || []).push({});\r\n<\/script><\/div>\n<p>Rekord id\u0151 alatt <strong>8 l\u00e9legeztet\u0151 g\u00e9pet telep\u00edtettek<\/strong> Crema, Brescia \u00e9s a mil\u00e1n\u00f3i Buzzi telep\u00fcl\u00e9s k\u00f3rh\u00e1zainak intenz\u00edv oszt\u00e1lyain. Tov\u00e1bbi <strong>12 l\u00e9legeztet\u0151 g\u00e9p lesz\u00e1ll\u00edt\u00e1s alatt van<\/strong>.<\/p>\n<p>A napokban a Generali <strong>500 v\u00e9d\u0151ruh\u00e1t<\/strong> is adom\u00e1nyozott Lombardia eg\u00e9szs\u00e9g\u00fcgyi int\u00e9zm\u00e9nyeinek. Tov\u00e1bb\u00e1 a m\u00falt h\u00e9t folyam\u00e1n a n\u00e9met Generali v\u00e1llalat az Air-Dolomiti-Lufthansa k\u00f6zrem\u0171k\u00f6d\u00e9s\u00e9vel seg\u00edtett a n\u00e9metorsz\u00e1gi olasz diplom\u00e1ci\u00e1nak <strong>2 500<\/strong> \u2013 k\u00ednai \u00fczletemberek \u00e1ltal adom\u00e1nyozott &#8211; <strong>v\u00e9d\u0151felszerel\u00e9s <\/strong>lesz\u00e1ll\u00edt\u00e1s\u00e1ban.<\/p>\n<div class=\"ads-in-post1\"><div id=\"gazdasagportal.hu_fullbanner_wideboard\"><\/div>\r\n<\/div>\nProfesszion\u00e1lis maszkok<\/p>\n<p>A Generali a rendk\u00edv\u00fcli nemzetk\u00f6zi alapb\u00f3l sz\u00e1rmaz\u00f3 hozz\u00e1j\u00e1rul\u00e1s\u00e1val az olaszorsz\u00e1gi Polg\u00e1ri V\u00e9delmet is t\u00e1mogatta <strong>20 milli\u00f3 professzion\u00e1lis maszk<\/strong> beszerz\u00e9s\u00e9ben. A beszerz\u00e9s els\u0151 fele k\u00e9t h\u00e9ten bel\u00fcl, a m\u00e1sodik fele pedig h\u00e1rom h\u00e9ten bel\u00fcl ker\u00fcl kisz\u00e1ll\u00edt\u00e1sra. Az \u00fcgylet \u00f6sszesen 28 milli\u00f3 eur\u00f3t em\u00e9sztett fel, melyb\u0151l a Generali a m\u00e1rcius 13-\u00e1n l\u00e9trehozott nemzetk\u00f6zi alapj\u00e1b\u00f3l 14 milli\u00f3 eur\u00f3t biztos\u00edtott, ezzel egyetemben a Polg\u00e1ri V\u00e9delem is 14 milli\u00f3 eur\u00f3val t\u00e1mogatta a beruh\u00e1z\u00e1st.<\/p>\n<p>A maszkok beszerz\u00e9se kiv\u00e1l\u00f3 p\u00e9lda a k\u00f6z- \u00e9s mag\u00e1nszf\u00e9ra k\u00f6z\u00f6tti partners\u00e9gre, ami az <strong>eg\u00e9szs\u00e9g\u00fcgyi dolgoz\u00f3k v\u00e9delm\u00e9t szolg\u00e1l\u00f3 n\u00e9lk\u00fcl\u00f6zhetetlen eszk\u00f6z\u00f6k p\u00f3tl\u00e1s\u00e1t tette lehet\u0151v\u00e9 Olaszorsz\u00e1g minden r\u00e9gi\u00f3j\u00e1ban<\/strong>.<\/p>\n<p>A Generali Spanyolorsz\u00e1gban, Franciaorsz\u00e1gban \u00e9s \u00c1zsi\u00e1ban is visz v\u00e9ghez kezdem\u00e9nyez\u00e9seket \u2013 olyan r\u00e9gi\u00f3kban, ahol \u00fczemel Generali le\u00e1nyv\u00e1llalat \u00e9s amelyek a legink\u00e1bb \u00e9rintettek a v\u00edrus \u00e1ltal.<\/p>\n<p>A GENERALI CSOPORT<\/p>\n<p>A Generali az egyik legnagyobb glob\u00e1lis biztos\u00edt\u00f3 \u00e9s alapkezel\u0151 v\u00e1llalat. Az 1831-es megalap\u00edt\u00e1sa \u00f3ta a vil\u00e1g vezet\u0151 biztos\u00edt\u00f3t\u00e1rsas\u00e1gai k\u00f6z\u00f6tt jegyzett v\u00e1llalatcsoport 50 orsz\u00e1gban m\u0171k\u00f6dik, teljes d\u00edjbev\u00e9tele 2019-ben meghaladta a 69 milli\u00e1rd eur\u00f3t. A vil\u00e1gszerte k\u00f6zel 72 000 munkav\u00e1llal\u00f3t alkalmaz\u00f3 \u00e9s 61 milli\u00f3 \u00fcgyfelet kiszolg\u00e1l\u00f3 Generali Csoport egyike a vezet\u0151 eur\u00f3pai biztos\u00edt\u00f3t\u00e1rsas\u00e1goknak, \u00e1zsiai, illetve latin-amerikai jelenl\u00e9te folyamatosan er\u0151s\u00f6dik. A Generali c\u00e9lja nem kevesebb, mint \u00e9lethosszig tart\u00f3 partnerk\u00e9nt szolg\u00e1lni \u00fcgyfeleit &#8211; a p\u00e1ratlan ell\u00e1t\u00e1si l\u00e1nc\u00e1nak k\u00f6sz\u00f6nhet\u0151en &#8211; innovat\u00edv \u00e9s szem\u00e9lyre szabott megold\u00e1saival. Ausztriai, k\u00f6z\u00e9p- \u00e9s kelet-eur\u00f3pai, illetve oroszorsz\u00e1gi tev\u00e9kenys\u00e9g\u00e9t a Csoport (a pr\u00e1gai sz\u00e9khely\u0171) Ausztria, CEE &amp; Oroszorsz\u00e1g Region\u00e1lis K\u00f6zponton kereszt\u00fcl ir\u00e1ny\u00edtja; a Generali a r\u00e9gi\u00f3hoz tartoz\u00f3 13 orsz\u00e1g mindegyik\u00e9ben a legjobb h\u00e1rom biztos\u00edt\u00f3 k\u00f6z\u00e9 tartozik.<\/p>\n","protected":false},"excerpt":{"rendered":"<p>Az orvostechnikai eszk\u00f6z\u00f6k \u00e9s a maszkok beszerz\u00e9se a m\u00e1rcius 13-\u00e1n a koronav\u00edrus helyzetre l\u00e9trehozott rendk\u00edv\u00fcli nemzetk\u00f6zi alapb\u00f3l sz\u00e1rmaz\u00f3 adom\u00e1nyoknak k\u00f6sz\u00f6nhet\u0151k. Az els\u0151 l\u00e9legeztet\u0151 g\u00e9peket m\u00e1r lesz\u00e1ll\u00edtott\u00e1k Olaszorsz\u00e1g Lombardia tartom\u00e1ny\u00e1nak k\u00f3rh\u00e1zaiba, a maszkok els\u0151 sz\u00e1ll\u00edtm\u00e1nya k\u00e9t h\u00e9ten, a m\u00e1sodik sz\u00e1ll\u00edtm\u00e1nya pedig h\u00e1rom h\u00e9ten bel\u00fcl v\u00e1rhat\u00f3.<\/p>\n","protected":false},"author":1001006,"featured_media":0,"comment_status":"closed","ping_status":"open","sticky":false,"template":"","format":"standard","meta":[],"categories":[12],"tags":[],"_links":{"self":[{"href":"https:\/\/gazdasagportal.hu\/index.php\/wp-json\/wp\/v2\/posts\/125352"}],"collection":[{"href":"https:\/\/gazdasagportal.hu\/index.php\/wp-json\/wp\/v2\/posts"}],"about":[{"href":"https:\/\/gazdasagportal.hu\/index.php\/wp-json\/wp\/v2\/types\/post"}],"author":[{"embeddable":true,"href":"https:\/\/gazdasagportal.hu\/index.php\/wp-json\/wp\/v2\/users\/1001006"}],"replies":[{"embeddable":true,"href":"https:\/\/gazdasagportal.hu\/index.php\/wp-json\/wp\/v2\/comments?post=125352"}],"version-history":[{"count":1,"href":"https:\/\/gazdasagportal.hu\/index.php\/wp-json\/wp\/v2\/posts\/125352\/revisions"}],"predecessor-version":[{"id":125353,"href":"https:\/\/gazdasagportal.hu\/index.php\/wp-json\/wp\/v2\/posts\/125352\/revisions\/125353"}],"wp:attachment":[{"href":"https:\/\/gazdasagportal.hu\/index.php\/wp-json\/wp\/v2\/media?parent=125352"}],"wp:term":[{"taxonomy":"category","embeddable":true,"href":"https:\/\/gazdasagportal.hu\/index.php\/wp-json\/wp\/v2\/categories?post=125352"},{"taxonomy":"post_tag","embeddable":true,"href":"https:\/\/gazdasagportal.hu\/index.php\/wp-json\/wp\/v2\/tags?post=125352"}],"curies":[{"name":"wp","href":"https:\/\/api.w.org\/{rel}","templated":true}]}}